{"id":56472,"date":"2021-11-18T14:05:10","date_gmt":"2021-11-18T14:05:10","guid":{"rendered":"https:\/\/jorgezanoni.com.br\/2019\/?p=56472"},"modified":"2021-11-18T14:08:53","modified_gmt":"2021-11-18T14:08:53","slug":"irmaos-sao-vitimas-de-roubo-a-mao-armada-em-dracena","status":"publish","type":"post","link":"https:\/\/jorgezanoni.com.br\/2019\/irmaos-sao-vitimas-de-roubo-a-mao-armada-em-dracena\/","title":{"rendered":"Irm\u00e3os s\u00e3o v\u00edtimas de roubo a m\u00e3o armada em Dracena"},"content":{"rendered":"<p style=\"text-align: justify;\">Por volta de 01h30min da madrugada desta quinta-feira (18), a Pol\u00edcia Militar de Dracena foi solicitada via COPOM, onde segundo as v\u00edtimas, uma mulher de 24 anos e homem de 26 anos que s\u00e3o irm\u00e3os, caminhavam pela Rua Bol\u00edvia e no cruzamento com a Rua Venezuela (esquina do Forum), foram abordados por dois indiv\u00edduos em uma Motocicleta.<\/p>\n<p style=\"text-align: justify;\">Os bandidos apontaram arma de fogo e exigiram os pertences das v\u00edtimas, sendo celular Xiaomi, cart\u00f5es de cr\u00e9dito e roupas de trabalho.<\/p>\n<p style=\"text-align: justify;\">Em seguida fugiram, tomando\u00a0 sentido do Bairro Jardim das Palmeiras. Foram realizadas delig\u00eancias, por\u00e9m at\u00e9 o momento os autores n\u00e3o foram localizados.<\/p>\n<p style=\"text-align: justify;\">Fonte: Com. Soicla do 25BPM\/I e regi\u00e3o<\/p>\n<p>Jorge Zanoni<\/p>\n<p>Imagem Ilustrativa<\/p>\n<p>&nbsp;<\/p>\n","protected":false},"excerpt":{"rendered":"<p>Por volta de 01h30min da madrugada desta quinta-feira (18), a Pol\u00edcia Militar de Dracena foi solicitada via COPOM, onde segundo as v\u00edtimas, uma mulher de 24 anos e homem de 26 anos que s\u00e3o irm\u00e3os, caminhavam pela Rua Bol\u00edvia e no cruzamento com a Rua Venezuela (esquina do Forum), foram abordados por dois indiv\u00edduos em [&hellip;]<\/p>\n","protected":false},"author":1,"featured_media":56474,"comment_status":"closed","ping_status":"open","sticky":false,"template":"","format":"standard","meta":{"footnotes":""},"categories":[110,2],"tags":[],"class_list":["post-56472","post","type-post","status-publish","format-standard","has-post-thumbnail","hentry","category-noticiasdestaque","category-policial"],"_links":{"self":[{"href":"https:\/\/jorgezanoni.com.br\/2019\/wp-json\/wp\/v2\/posts\/56472","targetHints":{"allow":["GET"]}}],"collection":[{"href":"https:\/\/jorgezanoni.com.br\/2019\/wp-json\/wp\/v2\/posts"}],"about":[{"href":"https:\/\/jorgezanoni.com.br\/2019\/wp-json\/wp\/v2\/types\/post"}],"author":[{"embeddable":true,"href":"https:\/\/jorgezanoni.com.br\/2019\/wp-json\/wp\/v2\/users\/1"}],"replies":[{"embeddable":true,"href":"https:\/\/jorgezanoni.com.br\/2019\/wp-json\/wp\/v2\/comments?post=56472"}],"version-history":[{"count":0,"href":"https:\/\/jorgezanoni.com.br\/2019\/wp-json\/wp\/v2\/posts\/56472\/revisions"}],"wp:featuredmedia":[{"embeddable":true,"href":"https:\/\/jorgezanoni.com.br\/2019\/wp-json\/wp\/v2\/media\/56474"}],"wp:attachment":[{"href":"https:\/\/jorgezanoni.com.br\/2019\/wp-json\/wp\/v2\/media?parent=56472"}],"wp:term":[{"taxonomy":"category","embeddable":true,"href":"https:\/\/jorgezanoni.com.br\/2019\/wp-json\/wp\/v2\/categories?post=56472"},{"taxonomy":"post_tag","embeddable":true,"href":"https:\/\/jorgezanoni.com.br\/2019\/wp-json\/wp\/v2\/tags?post=56472"}],"curies":[{"name":"wp","href":"https:\/\/api.w.org\/{rel}","templated":true}]}}