{"id":56438,"date":"2021-11-17T22:17:36","date_gmt":"2021-11-17T22:17:36","guid":{"rendered":"https:\/\/jorgezanoni.com.br\/2019\/?p=56438"},"modified":"2021-11-17T22:17:36","modified_gmt":"2021-11-17T22:17:36","slug":"docente-da-unifadra-e-uma-das-autoras-do-guia-pratico-de-prescricao-de-exercicio-fisico-para-grupos-especiais","status":"publish","type":"post","link":"https:\/\/jorgezanoni.com.br\/2019\/docente-da-unifadra-e-uma-das-autoras-do-guia-pratico-de-prescricao-de-exercicio-fisico-para-grupos-especiais\/","title":{"rendered":"Docente da Unifadra \u00e9 uma das autoras do Guia Pr\u00e1tico de Prescri\u00e7\u00e3o de Exerc\u00edcio F\u00edsico para Grupos Especiais"},"content":{"rendered":"<div dir=\"ltr\" style=\"text-align: justify;\"><i><strong>A Profa. Dra. Iara Buriola Trevisan trata do tema &#8220;Exerc\u00edcio f\u00edsico e doen\u00e7as respirat\u00f3rias&#8221;<\/strong><\/i><\/p>\n<p><span style=\"font-size: large;\">Lan\u00e7ado recentemente pela Editora CRV, o Guia Pr\u00e1tico de Prescri\u00e7\u00e3o de Exerc\u00edcio F\u00edsico para Grupos Especiais \u00e9 uma obra organizada em 10 cap\u00edtulos escritos por pesquisadores, cada um dentro de sua especialidade, e foca a atividade f\u00edsica e o exerc\u00edcio como forma de alcan\u00e7ar e manter a sa\u00fade. A\u00a0<\/span>Profa. Dra.<span style=\"font-size: large;\">\u00a0Iara Buriola Trevisan, docente da Unifadra Dracena, participa do livro tratando do tema &#8220;Exerc\u00edcio f\u00edsico e doen\u00e7as respirat\u00f3rias&#8221;, juntamente com Juliana Souza Uzeloto.<\/span><\/p>\n<p><span style=\"font-size: large;\">Organizado por Nancy Preising Aptekmann, este guia aborda a rela\u00e7\u00e3o entre o exerc\u00edcio e outros fatores como a gesta\u00e7\u00e3o e as doen\u00e7as comuns na popula\u00e7\u00e3o. De maneira muito detalhada, os autores tratam como a pr\u00e1tica dirigida do exerc\u00edcio f\u00edsico pode prevenir e auxiliar no tratamento de doen\u00e7as como obesidade, diabetes, hipertens\u00e3o arterial, cardiopatias, doen\u00e7as respirat\u00f3rias, renais, psiqui\u00e1tricas e c\u00e2ncer, al\u00e9m de outras doen\u00e7as comuns ao envelhecimento.<\/span><\/p>\n<p><span style=\"font-size: large;\">Iara Buriola Trevisan e Juliana Souza Uzeloto, no cap\u00edtulo 7, apontam o exerc\u00edcio f\u00edsico como uma ferramenta crucial para o tratamento de doen\u00e7as respirat\u00f3rias. As autoras evidenciam a import\u00e2ncia da avalia\u00e7\u00e3o nesta popula\u00e7\u00e3o, sugerindo diversas ferramentas para avaliar a capacidade funcional, a for\u00e7a muscular perif\u00e9rica e respirat\u00f3ria, al\u00e9m dos sintomas de dispneia e fadiga. Elas ressaltam que uma avalia\u00e7\u00e3o direcionada ajuda no planejamento para prescrever o exerc\u00edcio f\u00edsico, seja aer\u00f3bio, resistido e\/ou respirat\u00f3rio, de acordo com as evid\u00eancias cient\u00edficas da \u00e1rea. Al\u00e9m disso, tamb\u00e9m descrevem uma breve explica\u00e7\u00e3o sobre as principais pneumopatias.<\/span><\/p>\n<p><span style=\"font-size: large;\">Iara Buriola Trevisan \u00e9 docente da Unifadra e tutora no curso de Medicina, al\u00e9m de docente no CEP\/UME. Graduada em Fisioterapia pelo Centro Universit\u00e1rio de Adamantina (2012), ela \u00e9 mestra em Avalia\u00e7\u00e3o e Interven\u00e7\u00e3o em Fisioterapia pela FCT\/UNESP &#8211; Campus de Presidente Prudente (2016) e doutora em Avalia\u00e7\u00e3o e Interven\u00e7\u00e3o em Fisioterapia pela FCT\/UNESP &#8211; Campus de Presidente Prudente (2019). Suas linhas de pesquisa incluem temas como tabagismo, atividade f\u00edsica, sono, polui\u00e7\u00e3o atmosf\u00e9rica, cortadores de cana-de-a\u00e7\u00facar, inflama\u00e7\u00e3o nasal e sist\u00eamica.<\/span><\/p>\n<p><span style=\"font-size: large;\">O diretor acad\u00eamico da Unifadra\u00a0<\/span>Prof. Dr.<span style=\"font-size: large;\">\u00a0Enio Garbelini parabeniza a Profa.\u00a0<\/span>Dra.<span style=\"font-size: large;\">\u00a0Iara Buriola Trevisan e demais autores do Guia pela relev\u00e2ncia do trabalho, principalmente pelo tema abordado &#8220;Exerc\u00edcio f\u00edsico e doen\u00e7as respirat\u00f3rias&#8221;, t\u00e3o importante durante a pandemia e p\u00f3s-pandemia que estamos vivendo.<\/span><\/p>\n<p><span style=\"font-size: large;\"><b>Lan\u00e7amento<\/b>: Guia Pr\u00e1tico de Prescri\u00e7\u00e3o de Exerc\u00edcio F\u00edsico para Grupos Especiais<\/span><\/div>\n<div dir=\"ltr\" style=\"text-align: justify;\"><b>Organizadora<\/b>: Nancy Preising Aptekmann<\/div>\n<div dir=\"ltr\" style=\"text-align: justify;\"><span style=\"font-size: large;\"><b>Ano de edi\u00e7\u00e3o<\/b>: 2021 &#8211; Editora CRV<\/span><br \/>\n<span style=\"font-size: large;\"><b>N\u00famero de p\u00e1ginas<\/b>: 198<\/span><\/div>\n<div style=\"text-align: justify;\"><span style=\"font-size: large;\">+infos:\u00a0<\/span><a href=\"http:\/\/www.editoracrv.com.br\/produtos\/detalhes\/36421-guia-pratico-de-prescricao-de-exercicio-fisico-para-grupos-especiais\" target=\"_blank\" rel=\"noopener noreferrer\">www.editoracrv.com.br\/produtos\/detalhes\/36421-guia-pratico-de-prescricao-de-exercicio-fisico-para-grupos-especiais<\/a><\/div>\n<div style=\"text-align: justify;\"><\/div>\n<div style=\"text-align: justify;\">Fonte: Departamento de Comunica\u00e7\u00e3o da Fundec<\/div>\n","protected":false},"excerpt":{"rendered":"<p>A Profa. Dra. Iara Buriola Trevisan trata do tema &#8220;Exerc\u00edcio f\u00edsico e doen\u00e7as respirat\u00f3rias&#8221; Lan\u00e7ado recentemente pela Editora CRV, o Guia Pr\u00e1tico de Prescri\u00e7\u00e3o de Exerc\u00edcio F\u00edsico para Grupos Especiais \u00e9 uma obra organizada em 10 cap\u00edtulos escritos por pesquisadores, cada um dentro de sua especialidade, e foca a atividade f\u00edsica e o exerc\u00edcio como [&hellip;]<\/p>\n","protected":false},"author":1,"featured_media":56439,"comment_status":"closed","ping_status":"open","sticky":false,"template":"","format":"standard","meta":{"footnotes":""},"categories":[110,122],"tags":[],"class_list":["post-56438","post","type-post","status-publish","format-standard","has-post-thumbnail","hentry","category-noticiasdestaque","category-saudeeducacaoeconcurso"],"_links":{"self":[{"href":"https:\/\/jorgezanoni.com.br\/2019\/wp-json\/wp\/v2\/posts\/56438","targetHints":{"allow":["GET"]}}],"collection":[{"href":"https:\/\/jorgezanoni.com.br\/2019\/wp-json\/wp\/v2\/posts"}],"about":[{"href":"https:\/\/jorgezanoni.com.br\/2019\/wp-json\/wp\/v2\/types\/post"}],"author":[{"embeddable":true,"href":"https:\/\/jorgezanoni.com.br\/2019\/wp-json\/wp\/v2\/users\/1"}],"replies":[{"embeddable":true,"href":"https:\/\/jorgezanoni.com.br\/2019\/wp-json\/wp\/v2\/comments?post=56438"}],"version-history":[{"count":0,"href":"https:\/\/jorgezanoni.com.br\/2019\/wp-json\/wp\/v2\/posts\/56438\/revisions"}],"wp:featuredmedia":[{"embeddable":true,"href":"https:\/\/jorgezanoni.com.br\/2019\/wp-json\/wp\/v2\/media\/56439"}],"wp:attachment":[{"href":"https:\/\/jorgezanoni.com.br\/2019\/wp-json\/wp\/v2\/media?parent=56438"}],"wp:term":[{"taxonomy":"category","embeddable":true,"href":"https:\/\/jorgezanoni.com.br\/2019\/wp-json\/wp\/v2\/categories?post=56438"},{"taxonomy":"post_tag","embeddable":true,"href":"https:\/\/jorgezanoni.com.br\/2019\/wp-json\/wp\/v2\/tags?post=56438"}],"curies":[{"name":"wp","href":"https:\/\/api.w.org\/{rel}","templated":true}]}}