{"id":56429,"date":"2021-11-17T17:51:49","date_gmt":"2021-11-17T17:51:49","guid":{"rendered":"https:\/\/jorgezanoni.com.br\/2019\/?p=56429"},"modified":"2021-11-17T17:51:49","modified_gmt":"2021-11-17T17:51:49","slug":"ulisses-panes-deixa-a-presidencia-do-partido-dos-trablhados-em-dracena","status":"publish","type":"post","link":"https:\/\/jorgezanoni.com.br\/2019\/ulisses-panes-deixa-a-presidencia-do-partido-dos-trablhados-em-dracena\/","title":{"rendered":"Ulisses Panes deixa a presid\u00eancia do Partido dos Trablhados em Dracena"},"content":{"rendered":"<p>Na \u00faltima sexta feira (12), Ulisses Panes deixou a presid\u00eancia do Partido dos Trabalhadores (PT) de Dracena. Ele estava no cargo desde 2.018, e o seu mandato venceria em 2.022.<\/p>\n<p>O motivo do desligamento da presid\u00eancia, foi por problemas particulares.<\/p>\n<p>Autom\u00e1ticamente assume a presid\u00eancia, seu vice-presidente, o advogado Gustavo Rodrigues Piveta.<\/p>\n<p>Fonte: Diret\u00f3rio Municipal do PT Dracena<\/p>\n","protected":false},"excerpt":{"rendered":"<p>Na \u00faltima sexta feira (12), Ulisses Panes deixou a presid\u00eancia do Partido dos Trabalhadores (PT) de Dracena. Ele estava no cargo desde 2.018, e o seu mandato venceria em 2.022. O motivo do desligamento da presid\u00eancia, foi por problemas particulares. Autom\u00e1ticamente assume a presid\u00eancia, seu vice-presidente, o advogado Gustavo Rodrigues Piveta. Fonte: Diret\u00f3rio Municipal do [&hellip;]<\/p>\n","protected":false},"author":1,"featured_media":56430,"comment_status":"closed","ping_status":"open","sticky":false,"template":"","format":"standard","meta":{"footnotes":""},"categories":[110,116],"tags":[],"class_list":["post-56429","post","type-post","status-publish","format-standard","has-post-thumbnail","hentry","category-noticiasdestaque","category-politicaeeconomia"],"_links":{"self":[{"href":"https:\/\/jorgezanoni.com.br\/2019\/wp-json\/wp\/v2\/posts\/56429","targetHints":{"allow":["GET"]}}],"collection":[{"href":"https:\/\/jorgezanoni.com.br\/2019\/wp-json\/wp\/v2\/posts"}],"about":[{"href":"https:\/\/jorgezanoni.com.br\/2019\/wp-json\/wp\/v2\/types\/post"}],"author":[{"embeddable":true,"href":"https:\/\/jorgezanoni.com.br\/2019\/wp-json\/wp\/v2\/users\/1"}],"replies":[{"embeddable":true,"href":"https:\/\/jorgezanoni.com.br\/2019\/wp-json\/wp\/v2\/comments?post=56429"}],"version-history":[{"count":0,"href":"https:\/\/jorgezanoni.com.br\/2019\/wp-json\/wp\/v2\/posts\/56429\/revisions"}],"wp:featuredmedia":[{"embeddable":true,"href":"https:\/\/jorgezanoni.com.br\/2019\/wp-json\/wp\/v2\/media\/56430"}],"wp:attachment":[{"href":"https:\/\/jorgezanoni.com.br\/2019\/wp-json\/wp\/v2\/media?parent=56429"}],"wp:term":[{"taxonomy":"category","embeddable":true,"href":"https:\/\/jorgezanoni.com.br\/2019\/wp-json\/wp\/v2\/categories?post=56429"},{"taxonomy":"post_tag","embeddable":true,"href":"https:\/\/jorgezanoni.com.br\/2019\/wp-json\/wp\/v2\/tags?post=56429"}],"curies":[{"name":"wp","href":"https:\/\/api.w.org\/{rel}","templated":true}]}}