{"id":56409,"date":"2021-11-17T16:35:30","date_gmt":"2021-11-17T16:35:30","guid":{"rendered":"https:\/\/jorgezanoni.com.br\/2019\/?p=56409"},"modified":"2021-11-17T16:36:17","modified_gmt":"2021-11-17T16:36:17","slug":"centro-academico-de-dracena-realizara-o-ii-congresso-de-medicina","status":"publish","type":"post","link":"https:\/\/jorgezanoni.com.br\/2019\/centro-academico-de-dracena-realizara-o-ii-congresso-de-medicina\/","title":{"rendered":"Centro Acad\u00eamico de Dracena realizar\u00e1 o II Congresso de Medicina"},"content":{"rendered":"<div id=\"message-htmlpart1\" class=\"message-htmlpart\">\n<div class=\"rcmBody\">\n<div dir=\"ltr\">\n<div>\n<div>\n<div class=\"v1gmail_signature\" dir=\"ltr\">\n<div dir=\"ltr\" style=\"text-align: justify;\"><i><strong><span style=\"font-size: large;\">O evento ser\u00e1 presencial com atividades na sede da APM e na Unifadra.<\/span><\/strong><\/i><\/div>\n<div dir=\"ltr\"><\/div>\n<div dir=\"ltr\" style=\"text-align: justify;\">\n<p><span style=\"font-size: large;\">O II Congresso Acad\u00eamico de Medicina de Dracena (CAMED), organizado pelo Centro Acad\u00eamico Maria Bras\u00edlia Leme Lopes (CAMBRA) em parceria com a Unifadra, ser\u00e1 realizado de 18 a 20 de novembro. O evento re\u00fane presencialmente palestrantes, profissionais, docentes e acad\u00eamicos abordando diversos assuntos relacionados \u00e0 sa\u00fade e ao bem-estar. As inscri\u00e7\u00f5es ainda podem ser feitas na p\u00e1gina do evento:\u00a0<a href=\"https:\/\/www.even3.com.br\/IIcamed2021\" target=\"_blank\" rel=\"noopener noreferrer\">https:\/\/www.even3.com.br\/IIcamed2021<\/a>\u00a0.<\/span><\/p>\n<p><span style=\"font-size: large;\">&#8220;Este \u00e9 o primeiro grande evento presencial que realizaremos e a nossa \u00a0expectativa \u00e9 a de reunir 200 pessoas para esse compartilhamento de conhecimento&#8221;, pontua o presidente discente do evento Daniel Cremon Raduan Miguel, acad\u00eamico do 6\u00ba termo de Medicina. &#8220;O CAMED traz temas interessantes, aprofundando conte\u00fados que a gente v\u00ea na faculdade, mas com os quais n\u00e3o temos tanto contato&#8221;, ressalta. &#8220;Durante o evento, tamb\u00e9m programamos sorteios de brindes e revelaremos as novidades para o CAMED 2022!&#8221;, finaliza.<\/span><\/p>\n<p><span style=\"font-size: large;\">Este Congresso de Medicina vem homenageando personalidades da regi\u00e3o. A primeira edi\u00e7\u00e3o do CAMED fez uma homenagem p\u00f3stuma ao m\u00e9dico, cirurgi\u00e3o geral e docente Haroldo\u00a0<\/span>Deponte,<span style=\"font-size: large;\">\u00a0que atuou em Dracena e regi\u00e3o por muitos anos e faleceu em 2019. Agora, o evento promover\u00e1 uma premia\u00e7\u00e3o ao melhor trabalho cient\u00edfico do ano, levando o nome do m\u00e9dico.<\/span><\/p>\n<p><span style=\"font-size: large;\">J\u00e1 o II CAMED homenageia a\u00a0<\/span>Profa. Dra.<span style=\"font-size: large;\">\u00a0Marilda Aparecida Milanez Morgado de Abreu e os organizadores ressaltam que &#8220;escolhemos a Dra. Marilda por ser um nome renomado em nossa cidade. Ela tamb\u00e9m contribui muito para o nosso curso. N\u00e3o tem como falar de Medicina em Dracena sem falar da Dra. Marilda. \u00c9 um patrim\u00f4nio da nossa faculdade, ent\u00e3o resolvemos prestigi\u00e1-la!&#8221;<\/span><\/p>\n<p><span style=\"font-size: large;\">As palestras do II CAMED ser\u00e3o realizadas nos dias 18 e 19\/11, a partir das 18h, na Associa\u00e7\u00e3o Paulista de Medicina (APM) de Dracena (Av. Expedicion\u00e1rios, 1450). J\u00e1 a apresenta\u00e7\u00e3o dos trabalhos cient\u00edficos ser\u00e1 realizada na Unifadra (Rua Bahia, 266), no dia 20\/11, com in\u00edcio \u00e0s 8h, no Audit\u00f3rio &#8220;Prof. Geraldo Mariano Alves&#8221;.<\/span><\/p>\n<p><span style=\"font-size: large;\">O diretor acad\u00eamico da Unifadra\u00a0<\/span>Prof. Dr.<span style=\"font-size: large;\">\u00a0Enio Garbelini destacou que o evento \u00e9 muito importante para a dissemina\u00e7\u00e3o do conhecimento na \u00e1rea m\u00e9dica, com a participa\u00e7\u00e3o de profissionais de renome dentro de suas especialidades.<\/span><\/p>\n<p><span style=\"font-size: large;\">Conhe\u00e7a os temas e os palestrantes do evento:<\/span><\/p>\n<p><span style=\"font-size: large;\"><b>Patologias cir\u00fargicas mais frequentes nas crian\u00e7as<\/b><\/span><br \/>\n<span style=\"font-size: large;\">Maria do Socorro Mendon\u00e7a de Campos, cirurgi\u00e3 pedi\u00e1trica, coordenadora do Servi\u00e7o de Cirurgia Pedi\u00e1trica do Hospital Geral do Estado da Bahia (HGE-BA) e presidente da Associa\u00e7\u00e3o Brasileira de Cirurgia Pedi\u00e1trica<\/span><\/p>\n<p><span style=\"font-size: large;\"><b>Como construir sua independ\u00eancia financeira em 4 passos<\/b><\/span><br \/>\n<span style=\"font-size: large;\">Felipe Santinoni, especialista em Gest\u00e3o Empresarial e diretor executivo na Santinoni Seguros &amp; Solu\u00e7\u00f5es Financeiras<\/span><\/p>\n<p><span style=\"font-size: large;\"><b>O cen\u00e1rio atual da judicializa\u00e7\u00e3o da sa\u00fade<\/b><\/span><br \/>\n<span style=\"font-size: large;\">Stefano Cocenza, advogado especialista em Direito da Medicina e conselheiro jur\u00eddico e cient\u00edfico da Sociedade Brasileira de Direito M\u00e9dico e Bio\u00e9tica (Anadem)<\/span><\/p>\n<p><span style=\"font-size: large;\"><b>Damage control (controle de danos) no trauma<\/b><\/span><br \/>\n<span style=\"font-size: large;\">Moabe Rezende de Lima, cirurgi\u00e3o geral e do aparelho digestivo e coordenador do Departamento de Cl\u00ednica Cir\u00fargica do Hospital Regional de Presidente Prudente<\/span><\/p>\n<p><span style=\"font-size: large;\"><b>Crescimento capilar e alopecias<\/b><\/span><br \/>\n<span style=\"font-size: large;\">Mariana Penha, m\u00e9dica dermatologista, membro da Sociedade Brasileira de Dermatologia (SBD) e da Sociedade Brasileira de Cirurgia Dermatol\u00f3gica (SBCD) e preceptora da resid\u00eancia m\u00e9dica de Dermatologia do Hospital Regional de Presidente Prudente<\/span><\/p>\n<p><span style=\"font-size: large;\"><b>M\u00e9todos anticoncepcionais revers\u00edveis de longa dura\u00e7\u00e3o<\/b><\/span><br \/>\n<span style=\"font-size: large;\">Tassiane Keller Stivari Mantovaneli, m\u00e9dica ginecologista e obstetra no Hospital Regional de Presidente Prudente<\/span><\/p>\n<p><span style=\"font-size: large;\">O II CAMED ser\u00e1 presidido pela docente Profa. Esp. Aline Damasceno, m\u00e9dica em Cirurgia Geral e coordenadora da UTI Covid-19 da Santa Casa de Dracena, e pelo discente Daniel Cremon Raduan Miguel, acad\u00eamico do 6\u00ba termo de Medicina da Unifadra Dracena.<\/span><\/p>\n<p><span style=\"font-size: large;\"><b>Mais informa\u00e7\u00f5es<\/b>:\u00a0<a href=\"mailto:cameddracena@gmail.com\" rel=\"noreferrer\">cameddracena@gmail.com<\/a>\u00a0ou pelo Instagram @cambradracena<\/span><br \/>\n<span style=\"font-size: large;\"><b>Visite a p\u00e1gina do evento e inscreva-se<\/b>:\u00a0<a href=\"https:\/\/www.even3.com.br\/IIcamed2021\" target=\"_blank\" rel=\"noopener noreferrer\">https:\/\/www.even3.com.br\/IIcamed2021<\/a><\/span><\/p>\n<\/div>\n<div dir=\"ltr\" style=\"text-align: justify;\"><\/div>\n<\/div>\n<div dir=\"ltr\" style=\"text-align: justify;\">Fonte: Departamento de Comunica\u00e7\u00e3o da Fundec<\/div>\n<\/div>\n<\/div>\n<\/div>\n<\/div>\n<\/div>\n<p class=\"image-attachment\">\n","protected":false},"excerpt":{"rendered":"<p>O evento ser\u00e1 presencial com atividades na sede da APM e na Unifadra. O II Congresso Acad\u00eamico de Medicina de Dracena (CAMED), organizado pelo Centro Acad\u00eamico Maria Bras\u00edlia Leme Lopes (CAMBRA) em parceria com a Unifadra, ser\u00e1 realizado de 18 a 20 de novembro. O evento re\u00fane presencialmente palestrantes, profissionais, docentes e acad\u00eamicos abordando diversos [&hellip;]<\/p>\n","protected":false},"author":1,"featured_media":56410,"comment_status":"closed","ping_status":"open","sticky":false,"template":"","format":"standard","meta":{"footnotes":""},"categories":[110,122],"tags":[],"class_list":["post-56409","post","type-post","status-publish","format-standard","has-post-thumbnail","hentry","category-noticiasdestaque","category-saudeeducacaoeconcurso"],"_links":{"self":[{"href":"https:\/\/jorgezanoni.com.br\/2019\/wp-json\/wp\/v2\/posts\/56409","targetHints":{"allow":["GET"]}}],"collection":[{"href":"https:\/\/jorgezanoni.com.br\/2019\/wp-json\/wp\/v2\/posts"}],"about":[{"href":"https:\/\/jorgezanoni.com.br\/2019\/wp-json\/wp\/v2\/types\/post"}],"author":[{"embeddable":true,"href":"https:\/\/jorgezanoni.com.br\/2019\/wp-json\/wp\/v2\/users\/1"}],"replies":[{"embeddable":true,"href":"https:\/\/jorgezanoni.com.br\/2019\/wp-json\/wp\/v2\/comments?post=56409"}],"version-history":[{"count":0,"href":"https:\/\/jorgezanoni.com.br\/2019\/wp-json\/wp\/v2\/posts\/56409\/revisions"}],"wp:featuredmedia":[{"embeddable":true,"href":"https:\/\/jorgezanoni.com.br\/2019\/wp-json\/wp\/v2\/media\/56410"}],"wp:attachment":[{"href":"https:\/\/jorgezanoni.com.br\/2019\/wp-json\/wp\/v2\/media?parent=56409"}],"wp:term":[{"taxonomy":"category","embeddable":true,"href":"https:\/\/jorgezanoni.com.br\/2019\/wp-json\/wp\/v2\/categories?post=56409"},{"taxonomy":"post_tag","embeddable":true,"href":"https:\/\/jorgezanoni.com.br\/2019\/wp-json\/wp\/v2\/tags?post=56409"}],"curies":[{"name":"wp","href":"https:\/\/api.w.org\/{rel}","templated":true}]}}