{"id":56401,"date":"2021-11-17T16:03:21","date_gmt":"2021-11-17T16:03:21","guid":{"rendered":"https:\/\/jorgezanoni.com.br\/2019\/?p=56401"},"modified":"2021-11-17T16:03:21","modified_gmt":"2021-11-17T16:03:21","slug":"aimes-sp-se-reuniu-com-representantes-da-secretaria-da-saude-para-discutir-sobre-abertura-do-ame-para-estagios-de-medicina","status":"publish","type":"post","link":"https:\/\/jorgezanoni.com.br\/2019\/aimes-sp-se-reuniu-com-representantes-da-secretaria-da-saude-para-discutir-sobre-abertura-do-ame-para-estagios-de-medicina\/","title":{"rendered":"AIMES-SP se reuniu com representantes da Secretaria da Sa\u00fade para discutir sobre abertura do AME para est\u00e1gios de Medicina"},"content":{"rendered":"<p style=\"text-align: justify;\"><span style=\"font-size: large;\">A dire\u00e7\u00e3o da AIMES-SP (Associa\u00e7\u00e3o das Institui\u00e7\u00f5es Municipais de Ensino Superior de S\u00e3o Paulo), nas pessoas do presidente Eduardo Vella e do diretor-executivo Sandoval Nassa, al\u00e9m de representantes das associadas, Edson Kai e Fernando Nunes da Fundec, se reuniram na \u00faltima quarta-feira (10), na ALESP, com o secret\u00e1rio executivo da Secretaria Estadual de Sa\u00fade Eduardo Ribeiro Adriano, sob a interlocu\u00e7\u00e3o do deputado estadual Reinaldo Alguz.<\/span><\/p>\n<p><span style=\"font-size: large;\">A reuni\u00e3o teve o prop\u00f3sito de buscar alternativas para que alunos do curso de Medicina das associadas \u00e0 AIMES-SP possam estagiar nos AME (Ambulat\u00f3rio M\u00e9dico de Especialidades) instalados em todo o Estado de S\u00e3o Paulo. Desde 2020, o parlamentar atua nesta quest\u00e3o que visa oportunizar o campo do AME para est\u00e1gio dos alunos das institui\u00e7\u00f5es vinculadas \u00e0 AIMES-SP.<\/span><\/p>\n<p>Fonte: Departamento de Comunica\u00e7\u00e3o da Fundec<\/p>\n","protected":false},"excerpt":{"rendered":"<p>A dire\u00e7\u00e3o da AIMES-SP (Associa\u00e7\u00e3o das Institui\u00e7\u00f5es Municipais de Ensino Superior de S\u00e3o Paulo), nas pessoas do presidente Eduardo Vella e do diretor-executivo Sandoval Nassa, al\u00e9m de representantes das associadas, Edson Kai e Fernando Nunes da Fundec, se reuniram na \u00faltima quarta-feira (10), na ALESP, com o secret\u00e1rio executivo da Secretaria Estadual de Sa\u00fade Eduardo [&hellip;]<\/p>\n","protected":false},"author":1,"featured_media":56402,"comment_status":"closed","ping_status":"open","sticky":false,"template":"","format":"standard","meta":{"footnotes":""},"categories":[110,122],"tags":[],"class_list":["post-56401","post","type-post","status-publish","format-standard","has-post-thumbnail","hentry","category-noticiasdestaque","category-saudeeducacaoeconcurso"],"_links":{"self":[{"href":"https:\/\/jorgezanoni.com.br\/2019\/wp-json\/wp\/v2\/posts\/56401","targetHints":{"allow":["GET"]}}],"collection":[{"href":"https:\/\/jorgezanoni.com.br\/2019\/wp-json\/wp\/v2\/posts"}],"about":[{"href":"https:\/\/jorgezanoni.com.br\/2019\/wp-json\/wp\/v2\/types\/post"}],"author":[{"embeddable":true,"href":"https:\/\/jorgezanoni.com.br\/2019\/wp-json\/wp\/v2\/users\/1"}],"replies":[{"embeddable":true,"href":"https:\/\/jorgezanoni.com.br\/2019\/wp-json\/wp\/v2\/comments?post=56401"}],"version-history":[{"count":0,"href":"https:\/\/jorgezanoni.com.br\/2019\/wp-json\/wp\/v2\/posts\/56401\/revisions"}],"wp:featuredmedia":[{"embeddable":true,"href":"https:\/\/jorgezanoni.com.br\/2019\/wp-json\/wp\/v2\/media\/56402"}],"wp:attachment":[{"href":"https:\/\/jorgezanoni.com.br\/2019\/wp-json\/wp\/v2\/media?parent=56401"}],"wp:term":[{"taxonomy":"category","embeddable":true,"href":"https:\/\/jorgezanoni.com.br\/2019\/wp-json\/wp\/v2\/categories?post=56401"},{"taxonomy":"post_tag","embeddable":true,"href":"https:\/\/jorgezanoni.com.br\/2019\/wp-json\/wp\/v2\/tags?post=56401"}],"curies":[{"name":"wp","href":"https:\/\/api.w.org\/{rel}","templated":true}]}}