{"id":56376,"date":"2021-11-16T21:35:55","date_gmt":"2021-11-16T21:35:55","guid":{"rendered":"https:\/\/jorgezanoni.com.br\/2019\/?p=56376"},"modified":"2021-11-16T21:35:55","modified_gmt":"2021-11-16T21:35:55","slug":"morre-fernanda-plazza-diretora-de-saude-de-monte-castelo","status":"publish","type":"post","link":"https:\/\/jorgezanoni.com.br\/2019\/morre-fernanda-plazza-diretora-de-saude-de-monte-castelo\/","title":{"rendered":"Morre Fernanda Plazza, diretora de Sa\u00fade de Monte Castelo"},"content":{"rendered":"<p style=\"text-align: justify;\">Comunicamos com pesar o falecimento de Fernanda Cristina Moreira Calazans Plazza de 40 anos. Era Diretora (Secret\u00e1ria de Sa\u00fade) do munic\u00edpio de Monte Castelo. Ela teria sido encontrada pelos filhos desfalecida em sua resid\u00eancia no in\u00edcio da tarde desta ter\u00e7a-feira (16), que ap\u00f3s chegarem da escola a chamaram e como n\u00e3o respondia, avisaram o pai. Houve a tentativa de reanim\u00e1-la, por\u00e9m sem sucesso.<\/p>\n<p style=\"text-align: justify;\">Deixa o esporo Advogado Rog\u00e9rio Calazans Plaza e os filhos g\u00eameos Enrico e Bernardo de 6 anos, demais familiares e amigos.<\/p>\n<p style=\"text-align: justify;\">O corpo foi removido para o Instituto M\u00e9dico Legal (IML) de Dracena e passaria por necr\u00f3psia para poder indicar a real causa da morte.<\/p>\n<p style=\"text-align: justify;\">Prefeito decreta Luto Oficial no munic\u00edpo, por tr\u00eas dias.<\/p>\n<p style=\"text-align: justify;\"><img loading=\"lazy\" decoding=\"async\" class=\"alignnone size-full wp-image-56377\" src=\"https:\/\/jorgezanoni.com.br\/2019\/wp-content\/uploads\/2021\/11\/Decreto.jpg\" alt=\"\" width=\"924\" height=\"1280\" srcset=\"https:\/\/jorgezanoni.com.br\/2019\/wp-content\/uploads\/2021\/11\/Decreto.jpg 924w, https:\/\/jorgezanoni.com.br\/2019\/wp-content\/uploads\/2021\/11\/Decreto-217x300.jpg 217w, https:\/\/jorgezanoni.com.br\/2019\/wp-content\/uploads\/2021\/11\/Decreto-739x1024.jpg 739w, https:\/\/jorgezanoni.com.br\/2019\/wp-content\/uploads\/2021\/11\/Decreto-768x1064.jpg 768w, https:\/\/jorgezanoni.com.br\/2019\/wp-content\/uploads\/2021\/11\/Decreto-696x964.jpg 696w, https:\/\/jorgezanoni.com.br\/2019\/wp-content\/uploads\/2021\/11\/Decreto-303x420.jpg 303w\" sizes=\"auto, (max-width: 924px) 100vw, 924px\" \/>(Aguarde informa\u00e7\u00f5es de Vel\u00f3rio e Sepultamento)<\/p>\n<p style=\"text-align: justify;\">O Site JZ se solidariza com a fam\u00edlia e amigos, especialmente com o Rog\u00e9rio que juntamente com a esposa foram companheiros no Rotary Club de Tupi Paulista.<\/p>\n<p style=\"text-align: justify;\">Jorge Zanoni<\/p>\n","protected":false},"excerpt":{"rendered":"<p>Comunicamos com pesar o falecimento de Fernanda Cristina Moreira Calazans Plazza de 40 anos. Era Diretora (Secret\u00e1ria de Sa\u00fade) do munic\u00edpio de Monte Castelo. Ela teria sido encontrada pelos filhos desfalecida em sua resid\u00eancia no in\u00edcio da tarde desta ter\u00e7a-feira (16), que ap\u00f3s chegarem da escola a chamaram e como n\u00e3o respondia, avisaram o pai. [&hellip;]<\/p>\n","protected":false},"author":1,"featured_media":56379,"comment_status":"closed","ping_status":"open","sticky":false,"template":"","format":"standard","meta":{"footnotes":""},"categories":[178,110],"tags":[],"class_list":["post-56376","post","type-post","status-publish","format-standard","has-post-thumbnail","hentry","category-notadefalecimento","category-noticiasdestaque"],"_links":{"self":[{"href":"https:\/\/jorgezanoni.com.br\/2019\/wp-json\/wp\/v2\/posts\/56376","targetHints":{"allow":["GET"]}}],"collection":[{"href":"https:\/\/jorgezanoni.com.br\/2019\/wp-json\/wp\/v2\/posts"}],"about":[{"href":"https:\/\/jorgezanoni.com.br\/2019\/wp-json\/wp\/v2\/types\/post"}],"author":[{"embeddable":true,"href":"https:\/\/jorgezanoni.com.br\/2019\/wp-json\/wp\/v2\/users\/1"}],"replies":[{"embeddable":true,"href":"https:\/\/jorgezanoni.com.br\/2019\/wp-json\/wp\/v2\/comments?post=56376"}],"version-history":[{"count":0,"href":"https:\/\/jorgezanoni.com.br\/2019\/wp-json\/wp\/v2\/posts\/56376\/revisions"}],"wp:featuredmedia":[{"embeddable":true,"href":"https:\/\/jorgezanoni.com.br\/2019\/wp-json\/wp\/v2\/media\/56379"}],"wp:attachment":[{"href":"https:\/\/jorgezanoni.com.br\/2019\/wp-json\/wp\/v2\/media?parent=56376"}],"wp:term":[{"taxonomy":"category","embeddable":true,"href":"https:\/\/jorgezanoni.com.br\/2019\/wp-json\/wp\/v2\/categories?post=56376"},{"taxonomy":"post_tag","embeddable":true,"href":"https:\/\/jorgezanoni.com.br\/2019\/wp-json\/wp\/v2\/tags?post=56376"}],"curies":[{"name":"wp","href":"https:\/\/api.w.org\/{rel}","templated":true}]}}