{"id":56353,"date":"2021-11-15T17:01:03","date_gmt":"2021-11-15T17:01:03","guid":{"rendered":"https:\/\/jorgezanoni.com.br\/2019\/?p=56353"},"modified":"2021-11-15T17:01:03","modified_gmt":"2021-11-15T17:01:03","slug":"hoje-comemora-se-a-proclamacao-da-republica-do-brasil","status":"publish","type":"post","link":"https:\/\/jorgezanoni.com.br\/2019\/hoje-comemora-se-a-proclamacao-da-republica-do-brasil\/","title":{"rendered":"Hoje comemora-se a Proclama\u00e7\u00e3o da Rep\u00fablica do Brasil"},"content":{"rendered":"<p style=\"text-align: justify;\">A\u00a0<b>Proclama\u00e7\u00e3o da Rep\u00fablica Brasileira<\/b>, tamb\u00e9m referida na\u00a0<a title=\"Hist\u00f3ria do Brasil\" href=\"https:\/\/pt.wikipedia.org\/wiki\/Hist%C3%B3ria_do_Brasil\">Hist\u00f3ria do Brasil<\/a>\u00a0como\u00a0<b>Golpe Republicano<\/b>,<sup id=\"cite_ref-1\" class=\"reference\"><a href=\"https:\/\/pt.wikipedia.org\/wiki\/Proclama%C3%A7%C3%A3o_da_Rep%C3%BAblica_do_Brasil#cite_note-1\">[1]<\/a><\/sup>\u00a0foi um\u00a0<a title=\"Golpe de Estado\" href=\"https:\/\/pt.wikipedia.org\/wiki\/Golpe_de_Estado\">golpe de Estado<\/a>\u00a0<a title=\"Pol\u00edtico\" href=\"https:\/\/pt.wikipedia.org\/wiki\/Pol%C3%ADtico\">pol\u00edtico<\/a>&#8211;<a title=\"Militar\" href=\"https:\/\/pt.wikipedia.org\/wiki\/Militar\">militar<\/a>, ocorrido em\u00a0<a title=\"15 de novembro\" href=\"https:\/\/pt.wikipedia.org\/wiki\/15_de_novembro\">15 de novembro<\/a>\u00a0de\u00a0<a title=\"1889\" href=\"https:\/\/pt.wikipedia.org\/wiki\/1889\">1889<\/a>, que instaurou a forma\u00a0<a title=\"Rep\u00fablica\" href=\"https:\/\/pt.wikipedia.org\/wiki\/Rep%C3%BAblica\">republicana<\/a>\u00a0<a class=\"mw-redirect\" title=\"Presidencialista\" href=\"https:\/\/pt.wikipedia.org\/wiki\/Presidencialista\">presidencialista<\/a>\u00a0de governo no\u00a0<a title=\"Brasil\" href=\"https:\/\/pt.wikipedia.org\/wiki\/Brasil\">Brasil<\/a>, encerrando a\u00a0<a title=\"Monarquia constitucional\" href=\"https:\/\/pt.wikipedia.org\/wiki\/Monarquia_constitucional\">monarquia constitucional<\/a>\u00a0<a title=\"Parlamento\" href=\"https:\/\/pt.wikipedia.org\/wiki\/Parlamento\">parlamentarista<\/a>\u00a0do\u00a0<a title=\"Imp\u00e9rio do Brasil\" href=\"https:\/\/pt.wikipedia.org\/wiki\/Imp%C3%A9rio_do_Brasil\">Imp\u00e9rio<\/a>\u00a0e, por conseguinte, destituindo o ent\u00e3o\u00a0<a title=\"Chefe de Estado\" href=\"https:\/\/pt.wikipedia.org\/wiki\/Chefe_de_Estado\">chefe de Estado<\/a>,\u00a0<a class=\"mw-redirect\" title=\"Imperador do Brasil\" href=\"https:\/\/pt.wikipedia.org\/wiki\/Imperador_do_Brasil\">imperador<\/a>\u00a0<a title=\"Pedro II do Brasil\" href=\"https:\/\/pt.wikipedia.org\/wiki\/Pedro_II_do_Brasil\">D. Pedro II<\/a>, que em seguida recebeu ordens de partir para o ex\u00edlio na\u00a0<a title=\"Europa\" href=\"https:\/\/pt.wikipedia.org\/wiki\/Europa\">Europa<\/a>.<sup id=\"cite_ref-:0_2-0\" class=\"reference\"><a href=\"https:\/\/pt.wikipedia.org\/wiki\/Proclama%C3%A7%C3%A3o_da_Rep%C3%BAblica_do_Brasil#cite_note-:0-2\">[2]<\/a><\/sup><\/p>\n<p style=\"text-align: justify;\">A proclama\u00e7\u00e3o ocorreu na Pra\u00e7a da Aclama\u00e7\u00e3o (atual\u00a0<a class=\"mw-redirect\" title=\"Pra\u00e7a da Rep\u00fablica (Rio de Janeiro)\" href=\"https:\/\/pt.wikipedia.org\/wiki\/Pra%C3%A7a_da_Rep%C3%BAblica_(Rio_de_Janeiro)\">Pra\u00e7a da Rep\u00fablica<\/a>), na cidade do\u00a0<a title=\"Rio de Janeiro\" href=\"https:\/\/pt.wikipedia.org\/wiki\/Rio_de_Janeiro\">Rio de Janeiro<\/a>, ent\u00e3o capital do Imp\u00e9rio do Brasil, quando um grupo de militares do ex\u00e9rcito brasileiro, liderados pelo marechal\u00a0<a class=\"mw-redirect\" title=\"Manuel Deodoro da Fonseca\" href=\"https:\/\/pt.wikipedia.org\/wiki\/Manuel_Deodoro_da_Fonseca\">Manuel Deodoro da Fonseca<\/a>, destituiu o imperador e assumiu o poder no pa\u00eds, instituindo um governo provis\u00f3rio\u00a0<a title=\"Rep\u00fablica\" href=\"https:\/\/pt.wikipedia.org\/wiki\/Rep%C3%BAblica\">republicano<\/a>, que se tornaria a\u00a0<a title=\"Primeira Rep\u00fablica Brasileira\" href=\"https:\/\/pt.wikipedia.org\/wiki\/Primeira_Rep%C3%BAblica_Brasileira\">Primeira Rep\u00fablica Brasileira<\/a>.<\/p>\n<h2 style=\"text-align: justify;\"><span id=\"Antecedentes\" class=\"mw-headline\">Antecedentes<\/span><\/h2>\n<div class=\"thumb tright\" style=\"text-align: justify;\">\n<div class=\"thumbinner\"><a class=\"image\" href=\"https:\/\/pt.wikipedia.org\/wiki\/Ficheiro:B%C3%AAn%C3%A7%C3%A3o_das_bandeiras_da_Revolu%C3%A7%C3%A3o_de_1817.jpg\"><img loading=\"lazy\" decoding=\"async\" class=\"thumbimage\" src=\"https:\/\/upload.wikimedia.org\/wikipedia\/commons\/thumb\/a\/ad\/B%C3%AAn%C3%A7%C3%A3o_das_bandeiras_da_Revolu%C3%A7%C3%A3o_de_1817.jpg\/220px-B%C3%AAn%C3%A7%C3%A3o_das_bandeiras_da_Revolu%C3%A7%C3%A3o_de_1817.jpg\" srcset=\"\/\/upload.wikimedia.org\/wikipedia\/commons\/thumb\/a\/ad\/B%C3%AAn%C3%A7%C3%A3o_das_bandeiras_da_Revolu%C3%A7%C3%A3o_de_1817.jpg\/330px-B%C3%AAn%C3%A7%C3%A3o_das_bandeiras_da_Revolu%C3%A7%C3%A3o_de_1817.jpg 1.5x, \/\/upload.wikimedia.org\/wikipedia\/commons\/thumb\/a\/ad\/B%C3%AAn%C3%A7%C3%A3o_das_bandeiras_da_Revolu%C3%A7%C3%A3o_de_1817.jpg\/440px-B%C3%AAn%C3%A7%C3%A3o_das_bandeiras_da_Revolu%C3%A7%C3%A3o_de_1817.jpg 2x\" alt=\"\" width=\"220\" height=\"258\" data-file-width=\"1743\" data-file-height=\"2048\" \/><\/a>A Rep\u00fablica foi proclamada pela primeira vez no Brasil no <a title=\"Recife\" href=\"https:\/\/pt.wikipedia.org\/wiki\/Recife\">Recife<\/a>, durante a\u00a0<a title=\"Revolu\u00e7\u00e3o Pernambucana\" href=\"https:\/\/pt.wikipedia.org\/wiki\/Revolu%C3%A7%C3%A3o_Pernambucana\">Revolu\u00e7\u00e3o Pernambucana de 1817<\/a>.<sup id=\"cite_ref-3\" class=\"reference\"><a href=\"https:\/\/pt.wikipedia.org\/wiki\/Proclama%C3%A7%C3%A3o_da_Rep%C3%BAblica_do_Brasil#cite_note-3\">[3]<\/a><\/sup><\/div>\n<\/div>\n<p style=\"text-align: justify;\">O movimento de 15 de novembro de 1889 n\u00e3o foi o primeiro a tentar instituir uma rep\u00fablica no Brasil, embora tenha sido o \u00fanico efetivamente bem-sucedido, e, segundo algumas vers\u00f5es, teria contado com apoio tanto das elites nacionais e regionais quanto da popula\u00e7\u00e3o de um modo geral:<\/p>\n<ul style=\"text-align: justify;\">\n<li>Em 1789, a conspira\u00e7\u00e3o denominada\u00a0<a title=\"Inconfid\u00eancia Mineira\" href=\"https:\/\/pt.wikipedia.org\/wiki\/Inconfid%C3%AAncia_Mineira\">Inconfid\u00eancia Mineira<\/a>\u00a0n\u00e3o buscava apenas a\u00a0<a title=\"Independ\u00eancia do Brasil\" href=\"https:\/\/pt.wikipedia.org\/wiki\/Independ%C3%AAncia_do_Brasil\">independ\u00eancia<\/a>, mas tamb\u00e9m a proclama\u00e7\u00e3o de uma rep\u00fablica na\u00a0<a title=\"Capitania de Minas Gerais\" href=\"https:\/\/pt.wikipedia.org\/wiki\/Capitania_de_Minas_Gerais\">Capitania de Minas Gerais<\/a>, seguida de uma s\u00e9rie de reformas pol\u00edticas, econ\u00f4micas e sociais;<\/li>\n<li>Em 1817, durante a\u00a0<a title=\"Revolu\u00e7\u00e3o Pernambucana\" href=\"https:\/\/pt.wikipedia.org\/wiki\/Revolu%C3%A7%C3%A3o_Pernambucana\">Revolu\u00e7\u00e3o Pernambucana<\/a>\u00a0\u2014 \u00fanico movimento libert\u00e1rio do per\u00edodo de domina\u00e7\u00e3o portuguesa que ultrapassou a fase conspirat\u00f3ria e atingiu o processo revolucion\u00e1rio de tomada do poder \u2014, a Rep\u00fablica foi proclamada pela primeira vez no Brasil, e\u00a0<a title=\"Pernambuco\" href=\"https:\/\/pt.wikipedia.org\/wiki\/Pernambuco\">Pernambuco<\/a>\u00a0teve governo provis\u00f3rio por 75 dias;<sup id=\"cite_ref-Rev_Pernambucana_4-0\" class=\"reference\"><a href=\"https:\/\/pt.wikipedia.org\/wiki\/Proclama%C3%A7%C3%A3o_da_Rep%C3%BAblica_do_Brasil#cite_note-Rev_Pernambucana-4\">[4]<\/a><\/sup><sup id=\"cite_ref-5\" class=\"reference\"><a href=\"https:\/\/pt.wikipedia.org\/wiki\/Proclama%C3%A7%C3%A3o_da_Rep%C3%BAblica_do_Brasil#cite_note-5\">[5]<\/a><\/sup><\/li>\n<li>Em 1824, Pernambuco e outras prov\u00edncias do\u00a0<a title=\"Regi\u00e3o Nordeste do Brasil\" href=\"https:\/\/pt.wikipedia.org\/wiki\/Regi%C3%A3o_Nordeste_do_Brasil\">Nordeste brasileiro<\/a>\u00a0(territ\u00f3rios que pertenceram outrora \u00e0 prov\u00edncia pernambucana) criaram o movimento independentista conhecido como\u00a0<a title=\"Confedera\u00e7\u00e3o do Equador\" href=\"https:\/\/pt.wikipedia.org\/wiki\/Confedera%C3%A7%C3%A3o_do_Equador\">Confedera\u00e7\u00e3o do Equador<\/a>, igualmente republicano, considerado a principal rea\u00e7\u00e3o contra a tend\u00eancia absolutista e a pol\u00edtica centralizadora do governo de D. Pedro I;<sup id=\"cite_ref-6\" class=\"reference\"><a href=\"https:\/\/pt.wikipedia.org\/wiki\/Proclama%C3%A7%C3%A3o_da_Rep%C3%BAblica_do_Brasil#cite_note-6\">[6]<\/a><\/sup><\/li>\n<li>Em 1839, na esteira da\u00a0<a class=\"mw-redirect\" title=\"Revolu\u00e7\u00e3o Farroupilha\" href=\"https:\/\/pt.wikipedia.org\/wiki\/Revolu%C3%A7%C3%A3o_Farroupilha\">Revolu\u00e7\u00e3o Farroupilha<\/a>, proclamaram-se a\u00a0<a title=\"Rep\u00fablica Rio-Grandense\" href=\"https:\/\/pt.wikipedia.org\/wiki\/Rep%C3%BAblica_Rio-Grandense\">Rep\u00fablica Rio-Grandense<\/a>\u00a0e a\u00a0<a title=\"Rep\u00fablica Juliana\" href=\"https:\/\/pt.wikipedia.org\/wiki\/Rep%C3%BAblica_Juliana\">Rep\u00fablica Juliana<\/a>, respectivamente no\u00a0<a title=\"Rio Grande do Sul\" href=\"https:\/\/pt.wikipedia.org\/wiki\/Rio_Grande_do_Sul\">Rio Grande do Sul<\/a>\u00a0e em\u00a0<a title=\"Santa Catarina\" href=\"https:\/\/pt.wikipedia.org\/wiki\/Santa_Catarina\">Santa Catarina<\/a>.<\/li>\n<\/ul>\n<h2 style=\"text-align: justify;\"><span id=\"Crise_da_Monarquia\" class=\"mw-headline\">Crise da Monarquia<\/span><img loading=\"lazy\" decoding=\"async\" src=\"https:\/\/upload.wikimedia.org\/wikipedia\/commons\/thumb\/3\/3a\/Magnifying_glass_01.svg\/17px-Magnifying_glass_01.svg.png\" srcset=\"\/\/upload.wikimedia.org\/wikipedia\/commons\/thumb\/3\/3a\/Magnifying_glass_01.svg\/26px-Magnifying_glass_01.svg.png 1.5x, \/\/upload.wikimedia.org\/wikipedia\/commons\/thumb\/3\/3a\/Magnifying_glass_01.svg\/34px-Magnifying_glass_01.svg.png 2x\" alt=\"\" width=\"17\" height=\"17\" data-file-width=\"663\" data-file-height=\"659\" \/>Veja tamb\u00e9m:\u00a0<a title=\"Segundo reinado\" href=\"https:\/\/pt.wikipedia.org\/wiki\/Segundo_reinado\">Segundo reinado<\/a><\/h2>\n<div class=\"thumb tright\" style=\"text-align: justify;\">\n<div class=\"thumbinner\"><a class=\"image\" href=\"https:\/\/pt.wikipedia.org\/wiki\/Ficheiro:Republica1889.jpg\"><img loading=\"lazy\" decoding=\"async\" class=\"thumbimage\" src=\"https:\/\/upload.wikimedia.org\/wikipedia\/commons\/thumb\/7\/7d\/Republica1889.jpg\/220px-Republica1889.jpg\" srcset=\"\/\/upload.wikimedia.org\/wikipedia\/commons\/thumb\/7\/7d\/Republica1889.jpg\/330px-Republica1889.jpg 1.5x, \/\/upload.wikimedia.org\/wikipedia\/commons\/7\/7d\/Republica1889.jpg 2x\" alt=\"\" width=\"220\" height=\"342\" data-file-width=\"419\" data-file-height=\"652\" \/><\/a><\/p>\n<div class=\"thumbcaption\">\n<div class=\"magnify\"><\/div>\n<p>Marechal\u00a0<a class=\"mw-redirect\" title=\"Manuel Deodoro da Fonseca\" href=\"https:\/\/pt.wikipedia.org\/wiki\/Manuel_Deodoro_da_Fonseca\">Manuel Deodoro da Fonseca<\/a><\/div>\n<\/div>\n<\/div>\n<div class=\"thumb tright\" style=\"text-align: justify;\">\n<div class=\"thumbinner\"><a class=\"image\" href=\"https:\/\/pt.wikipedia.org\/wiki\/Ficheiro:Republica_no_brasil.jpg\"><img loading=\"lazy\" decoding=\"async\" class=\"thumbimage\" src=\"https:\/\/upload.wikimedia.org\/wikipedia\/commons\/thumb\/7\/71\/Republica_no_brasil.jpg\/220px-Republica_no_brasil.jpg\" srcset=\"\/\/upload.wikimedia.org\/wikipedia\/commons\/thumb\/7\/71\/Republica_no_brasil.jpg\/330px-Republica_no_brasil.jpg 1.5x, \/\/upload.wikimedia.org\/wikipedia\/commons\/thumb\/7\/71\/Republica_no_brasil.jpg\/440px-Republica_no_brasil.jpg 2x\" alt=\"\" width=\"220\" height=\"329\" data-file-width=\"455\" data-file-height=\"681\" \/><\/a><\/p>\n<div class=\"thumbcaption\">\n<div class=\"magnify\"><\/div>\n<p>Homenagem da\u00a0<a title=\"Revista Illustrada\" href=\"https:\/\/pt.wikipedia.org\/wiki\/Revista_Illustrada\">Revista Ilustrada<\/a>\u00a0\u00e0 proclama\u00e7\u00e3o da rep\u00fablica brasileira<\/div>\n<\/div>\n<\/div>\n<div class=\"thumb tright\" style=\"text-align: justify;\">\n<div class=\"thumbinner\"><a class=\"image\" href=\"https:\/\/pt.wikipedia.org\/wiki\/Ficheiro:Rodrigues-republica-mab.jpg\"><img loading=\"lazy\" decoding=\"async\" class=\"thumbimage\" src=\"https:\/\/upload.wikimedia.org\/wikipedia\/commons\/thumb\/8\/88\/Rodrigues-republica-mab.jpg\/220px-Rodrigues-republica-mab.jpg\" srcset=\"\/\/upload.wikimedia.org\/wikipedia\/commons\/thumb\/8\/88\/Rodrigues-republica-mab.jpg\/330px-Rodrigues-republica-mab.jpg 1.5x, \/\/upload.wikimedia.org\/wikipedia\/commons\/8\/88\/Rodrigues-republica-mab.jpg 2x\" alt=\"\" width=\"220\" height=\"447\" data-file-width=\"394\" data-file-height=\"800\" \/><\/a>&#8220;Alegoria da Rep\u00fablica&#8221;, quadro de <a title=\"Manuel Lopes Rodrigues\" href=\"https:\/\/pt.wikipedia.org\/wiki\/Manuel_Lopes_Rodrigues\">Manuel Lopes Rodrigues<\/a>\u00a0pertencente ao acervo do\u00a0<a title=\"Museu de Arte da Bahia\" href=\"https:\/\/pt.wikipedia.org\/wiki\/Museu_de_Arte_da_Bahia\">Museu de Arte da Bahia<\/a><\/div>\n<\/div>\n<p style=\"text-align: justify;\">A partir da\u00a0<a title=\"D\u00e9cada de 1870\" href=\"https:\/\/pt.wikipedia.org\/wiki\/D%C3%A9cada_de_1870\">d\u00e9cada de 1870<\/a>, como consequ\u00eancia da\u00a0<a title=\"Guerra do Paraguai\" href=\"https:\/\/pt.wikipedia.org\/wiki\/Guerra_do_Paraguai\">Guerra do Paraguai<\/a>\u00a0(tamb\u00e9m chamada de\u00a0<a class=\"mw-redirect\" title=\"Guerra da Tr\u00edplice Alian\u00e7a\" href=\"https:\/\/pt.wikipedia.org\/wiki\/Guerra_da_Tr%C3%ADplice_Alian%C3%A7a\">Guerra da Tr\u00edplice Alian\u00e7a<\/a>, 1864-1870), foi tomando corpo a ideia de alguns setores da elite de alterar o regime pol\u00edtico vigente. Fatores que influenciaram esse movimento:<\/p>\n<ul style=\"text-align: justify;\">\n<li>O imperador D. Pedro II n\u00e3o tinha filhos, apenas filhas. O trono seria ocupado, ap\u00f3s a sua morte, por sua filha mais velha, a\u00a0<a title=\"Isabel do Brasil\" href=\"https:\/\/pt.wikipedia.org\/wiki\/Isabel_do_Brasil\">princesa Isabel<\/a>, casada com um\u00a0<a title=\"L\u00edngua francesa\" href=\"https:\/\/pt.wikipedia.org\/wiki\/L%C3%ADngua_francesa\">franc\u00eas<\/a>,\u00a0<a title=\"Gast\u00e3o de Orl\u00e9ans, Conde d'Eu\" href=\"https:\/\/pt.wikipedia.org\/wiki\/Gast%C3%A3o_de_Orl%C3%A9ans,_Conde_d%27Eu\">Gast\u00e3o de Orl\u00e9ans, Conde d&#8217;Eu<\/a>, o que gerava o receio em parte da popula\u00e7\u00e3o de que o pa\u00eds fosse governado por um estrangeiro;<sup id=\"cite_ref-7\" class=\"reference\"><a href=\"https:\/\/pt.wikipedia.org\/wiki\/Proclama%C3%A7%C3%A3o_da_Rep%C3%BAblica_do_Brasil#cite_note-7\">[7]<\/a><\/sup><\/li>\n<li>O fato de os negros terem ajudado o ex\u00e9rcito na Guerra do Paraguai e, quando retornaram ao pa\u00eds, permaneceram como escravos, ou seja, n\u00e3o ganharam a alforria.<sup id=\"cite_ref-8\" class=\"reference\"><a href=\"https:\/\/pt.wikipedia.org\/wiki\/Proclama%C3%A7%C3%A3o_da_Rep%C3%BAblica_do_Brasil#cite_note-8\">[8]<\/a><\/sup><\/li>\n<\/ul>\n<h3 style=\"text-align: justify;\"><span id=\"Situa.C3.A7.C3.A3o_pol.C3.ADtica_do_Brasil_em_1889\"><\/span><span id=\"Situa\u00e7\u00e3o_pol\u00edtica_do_Brasil_em_1889\" class=\"mw-headline\">Situa\u00e7\u00e3o pol\u00edtica do Brasil em 1889<\/span><\/h3>\n<p style=\"text-align: justify;\">O governo imperial, atrav\u00e9s do 37.\u00ba e \u00faltimo gabinete ministerial \u2013 chamado\u00a0<a title=\"Gabinete Ouro Preto\" href=\"https:\/\/pt.wikipedia.org\/wiki\/Gabinete_Ouro_Preto\">Gabinete Ouro Preto<\/a>\u00a0\u2013 empossado em 7 de junho de 1889 sob o comando do\u00a0<a class=\"mw-redirect\" title=\"Presidente do Conselho de Ministros do Imp\u00e9rio\" href=\"https:\/\/pt.wikipedia.org\/wiki\/Presidente_do_Conselho_de_Ministros_do_Imp%C3%A9rio\">presidente do Conselho de Ministros do Imp\u00e9rio<\/a>,\u00a0<a title=\"Afonso Celso de Assis Figueiredo\" href=\"https:\/\/pt.wikipedia.org\/wiki\/Afonso_Celso_de_Assis_Figueiredo\">Afonso Celso de Assis Figueiredo, o Visconde de Ouro Preto<\/a>, do\u00a0<a class=\"mw-redirect\" title=\"Partido Liberal (Brasil Imp\u00e9rio)\" href=\"https:\/\/pt.wikipedia.org\/wiki\/Partido_Liberal_(Brasil_Imp%C3%A9rio)\">Partido Liberal<\/a>, percebendo a dif\u00edcil situa\u00e7\u00e3o pol\u00edtica em que se encontrava, apresentou, em uma \u00faltima e desesperada tentativa de salvar o\u00a0<a class=\"mw-redirect\" title=\"Brasil Imp\u00e9rio\" href=\"https:\/\/pt.wikipedia.org\/wiki\/Brasil_Imp%C3%A9rio\">imp\u00e9rio<\/a>, \u00e0 C\u00e2mara-Geral,\u00a0<a title=\"C\u00e2mara dos Deputados do Brasil\" href=\"https:\/\/pt.wikipedia.org\/wiki\/C%C3%A2mara_dos_Deputados_do_Brasil\">c\u00e2mara dos deputados<\/a>, um programa de reformas pol\u00edticas do qual constavam, entre outras, as medidas seguintes: maior autonomia administrativa para as prov\u00edncias, liberdade de voto, liberdade de ensino, redu\u00e7\u00e3o das prerrogativas do\u00a0<a title=\"Conselho de Estado\" href=\"https:\/\/pt.wikipedia.org\/wiki\/Conselho_de_Estado\">Conselho de Estado<\/a>\u00a0e mandatos n\u00e3o\u00a0<a class=\"mw-redirect\" title=\"Vital\u00edcio\" href=\"https:\/\/pt.wikipedia.org\/wiki\/Vital%C3%ADcio\">vital\u00edcios<\/a>\u00a0para o\u00a0<a class=\"mw-redirect\" title=\"Senado Federal\" href=\"https:\/\/pt.wikipedia.org\/wiki\/Senado_Federal\">Senado Federal<\/a>. As propostas do Visconde de Ouro Preto visavam a preservar o regime mon\u00e1rquico no pa\u00eds, mas foram vetadas pela maioria dos deputados de tend\u00eancia conservadora que controlava a C\u00e2mara Geral. No dia 15 de novembro de 1889, a rep\u00fablica era proclamada.<\/p>\n<h3 style=\"text-align: justify;\"><span id=\"Perda_de_prest.C3.ADgio_da_monarquia\"><\/span><span id=\"Perda_de_prest\u00edgio_da_monarquia\" class=\"mw-headline\">Perda de prest\u00edgio da monarquia<\/span><\/h3>\n<div class=\"hatnote\" style=\"text-align: justify;\"><img loading=\"lazy\" decoding=\"async\" src=\"https:\/\/upload.wikimedia.org\/wikipedia\/commons\/thumb\/3\/3a\/Magnifying_glass_01.svg\/17px-Magnifying_glass_01.svg.png\" srcset=\"\/\/upload.wikimedia.org\/wikipedia\/commons\/thumb\/3\/3a\/Magnifying_glass_01.svg\/26px-Magnifying_glass_01.svg.png 1.5x, \/\/upload.wikimedia.org\/wikipedia\/commons\/thumb\/3\/3a\/Magnifying_glass_01.svg\/34px-Magnifying_glass_01.svg.png 2x\" alt=\"\" width=\"17\" height=\"17\" data-file-width=\"663\" data-file-height=\"659\" \/>Ver artigo principal:\u00a0<a class=\"mw-redirect\" title=\"Decl\u00ednio e queda de Pedro II do Brasil\" href=\"https:\/\/pt.wikipedia.org\/wiki\/Decl%C3%ADnio_e_queda_de_Pedro_II_do_Brasil\">Decl\u00ednio e queda de Pedro II do Brasil<\/a><\/div>\n<p style=\"text-align: justify;\">Muitos foram os fatores que levaram o Imp\u00e9rio a perder o apoio de suas bases\u00a0<a title=\"Economia\" href=\"https:\/\/pt.wikipedia.org\/wiki\/Economia\">econ\u00f4micas<\/a>,\u00a0<a title=\"For\u00e7as armadas\" href=\"https:\/\/pt.wikipedia.org\/wiki\/For%C3%A7as_armadas\">militares<\/a>\u00a0e\u00a0<a title=\"Sociedade\" href=\"https:\/\/pt.wikipedia.org\/wiki\/Sociedade\">sociais<\/a>. Da parte dos grupos\u00a0<a title=\"Conservadorismo\" href=\"https:\/\/pt.wikipedia.org\/wiki\/Conservadorismo\">conservadores<\/a>\u00a0pelos s\u00e9rios atritos com a\u00a0<a title=\"Igreja Cat\u00f3lica\" href=\"https:\/\/pt.wikipedia.org\/wiki\/Igreja_Cat%C3%B3lica\">Igreja Cat\u00f3lica<\/a>\u00a0(na &#8220;<a class=\"mw-redirect\" title=\"Quest\u00e3o Religiosa\" href=\"https:\/\/pt.wikipedia.org\/wiki\/Quest%C3%A3o_Religiosa\">Quest\u00e3o Religiosa<\/a>&#8220;); pela perda do apoio pol\u00edtico dos grandes fazendeiros em virtude da\u00a0<a class=\"mw-redirect\" title=\"Aboli\u00e7\u00e3o da escravatura\" href=\"https:\/\/pt.wikipedia.org\/wiki\/Aboli%C3%A7%C3%A3o_da_escravatura\">aboli\u00e7\u00e3o da escravatura<\/a>, ocorrida em 1888, sem a indeniza\u00e7\u00e3o dos propriet\u00e1rios de escravos.<\/p>\n<p style=\"text-align: justify;\">Da parte dos grupos progressistas, havia a cr\u00edtica que a monarquia mantivera, at\u00e9 muito tarde, a escravid\u00e3o no pa\u00eds. Os progressistas criticavam, tamb\u00e9m, a aus\u00eancia de iniciativas com vistas ao desenvolvimento do pa\u00eds fosse\u00a0<a title=\"Desenvolvimento econ\u00f4mico\" href=\"https:\/\/pt.wikipedia.org\/wiki\/Desenvolvimento_econ%C3%B4mico\">econ\u00f4mico<\/a>, pol\u00edtico ou\u00a0<a title=\"Desenvolvimento social\" href=\"https:\/\/pt.wikipedia.org\/wiki\/Desenvolvimento_social\">social<\/a>, a manuten\u00e7\u00e3o de um regime pol\u00edtico de\u00a0<a class=\"mw-redirect\" title=\"Castas\" href=\"https:\/\/pt.wikipedia.org\/wiki\/Castas\">castas<\/a>\u00a0e o\u00a0<a title=\"Sufr\u00e1gio censit\u00e1rio\" href=\"https:\/\/pt.wikipedia.org\/wiki\/Sufr%C3%A1gio_censit%C3%A1rio\">voto censit\u00e1rio<\/a>, isto \u00e9, com base na renda anual das pessoas, a aus\u00eancia de um\u00a0<a title=\"Sistema de ensino\" href=\"https:\/\/pt.wikipedia.org\/wiki\/Sistema_de_ensino\">sistema de ensino<\/a>\u00a0universal, os altos \u00edndices de\u00a0<a class=\"mw-redirect\" title=\"Analfabetismo\" href=\"https:\/\/pt.wikipedia.org\/wiki\/Analfabetismo\">analfabetismo<\/a>\u00a0e de\u00a0<a title=\"Mis\u00e9ria\" href=\"https:\/\/pt.wikipedia.org\/wiki\/Mis%C3%A9ria\">mis\u00e9ria<\/a>\u00a0e o afastamento pol\u00edtico do Brasil em rela\u00e7\u00e3o a todos demais pa\u00edses do continente, que eram republicanos.<\/p>\n<p style=\"text-align: justify;\">Assim, ao mesmo tempo em que a legitimidade imperial deca\u00eda, a proposta republicana \u2013 percebida como significando o progresso social \u2013 ganhava espa\u00e7o. Entretanto, \u00e9 importante notar que a legitimidade do Imperador era distinta da do regime imperial: Enquanto, por um lado, a popula\u00e7\u00e3o, de modo geral, respeitava e gostava de dom Pedro II, por outro lado, tinha cada vez em menor conta o pr\u00f3prio imp\u00e9rio. Nesse sentido, era voz corrente, na \u00e9poca, que n\u00e3o haveria um terceiro reinado, ou seja, a monarquia n\u00e3o continuaria a existir ap\u00f3s o falecimento de dom Pedro II, seja devido \u00e0 falta de legitimidade do pr\u00f3prio regime mon\u00e1rquico, seja devido ao rep\u00fadio p\u00fablico ao\u00a0<a class=\"mw-redirect\" title=\"Pr\u00edncipe consorte\" href=\"https:\/\/pt.wikipedia.org\/wiki\/Pr%C3%ADncipe_consorte\">pr\u00edncipe consorte<\/a>, marido da\u00a0<a class=\"mw-redirect\" title=\"Princesa Isabel\" href=\"https:\/\/pt.wikipedia.org\/wiki\/Princesa_Isabel\">princesa Isabel<\/a>, o franc\u00eas\u00a0<a class=\"mw-redirect\" title=\"Conde D'Eu\" href=\"https:\/\/pt.wikipedia.org\/wiki\/Conde_D%27Eu\">Conde d&#8217;Eu<\/a>. O conde tinha fama de arrogante, n\u00e3o ouvia bem, falava com sotaque franc\u00eas e, al\u00e9m de tudo, era dono de\u00a0<a title=\"Corti\u00e7o\" href=\"https:\/\/pt.wikipedia.org\/wiki\/Corti%C3%A7o\">corti\u00e7os<\/a>\u00a0no Rio, pelos quais cobrava alugu\u00e9is exorbitantes de gente pobre. Temia-se que, quando Isabel subisse ao trono, ele viesse a ser o governante de fato do Brasil.<sup id=\"cite_ref-VEJA_9-0\" class=\"reference\"><a href=\"https:\/\/pt.wikipedia.org\/wiki\/Proclama%C3%A7%C3%A3o_da_Rep%C3%BAblica_do_Brasil#cite_note-VEJA-9\">[9]<\/a><\/sup><\/p>\n<p style=\"text-align: justify;\">Embora a frase de\u00a0<a title=\"Aristides Lobo\" href=\"https:\/\/pt.wikipedia.org\/wiki\/Aristides_Lobo\">Aristides Lobo<\/a>\u00a0(jornalista e l\u00edder republicano paulista, depois feito ministro do governo provis\u00f3rio), &#8220;O povo assistiu bestializado&#8221; \u00e0 proclama\u00e7\u00e3o da rep\u00fablica, tenha entrado para a hist\u00f3ria, pesquisas hist\u00f3ricas, mais recentes, t\u00eam dado outra vers\u00e3o \u00e0 aceita\u00e7\u00e3o da rep\u00fablica entre o povo brasileiro. \u00c9 o caso da tese defendida por Maria Tereza Chaves de Mello (<i>A Rep\u00fablica Consentida<\/i>, Editora da FGV, EDUR, 2007), que indica que a rep\u00fablica, antes e depois da proclama\u00e7\u00e3o, era vista popularmente como um regime pol\u00edtico que traria o desenvolvimento, em sentido amplo, para o pa\u00eds.<\/p>\n<h3 style=\"text-align: justify;\"><span id=\"Crise_econ.C3.B4mica\"><\/span><span id=\"Crise_econ\u00f4mica\" class=\"mw-headline\">Crise econ\u00f4mica<\/span><\/h3>\n<p style=\"text-align: justify;\">A crise econ\u00f4mica agravou-se em fun\u00e7\u00e3o das elevadas despesas financeiras geradas pela Guerra da Tr\u00edplice Alian\u00e7a, cobertas por capitais externos. Os empr\u00e9stimos brasileiros elevaram-se de tr\u00eas milh\u00f5es de libras esterlinas em 1871 para quase 20 milh\u00f5es em 1889, o que causou uma infla\u00e7\u00e3o da ordem de 1,75% ao ano, no plano interno.<sup id=\"cite_ref-10\" class=\"reference\"><a href=\"https:\/\/pt.wikipedia.org\/wiki\/Proclama%C3%A7%C3%A3o_da_Rep%C3%BAblica_do_Brasil#cite_note-10\">[10]<\/a><\/sup><\/p>\n<h3 style=\"text-align: justify;\"><span id=\"Quest.C3.A3o_abolicionista\"><\/span><span id=\"Quest\u00e3o_abolicionista\" class=\"mw-headline\">Quest\u00e3o abolicionista<\/span><img loading=\"lazy\" decoding=\"async\" src=\"https:\/\/upload.wikimedia.org\/wikipedia\/commons\/thumb\/3\/3a\/Magnifying_glass_01.svg\/17px-Magnifying_glass_01.svg.png\" srcset=\"\/\/upload.wikimedia.org\/wikipedia\/commons\/thumb\/3\/3a\/Magnifying_glass_01.svg\/26px-Magnifying_glass_01.svg.png 1.5x, \/\/upload.wikimedia.org\/wikipedia\/commons\/thumb\/3\/3a\/Magnifying_glass_01.svg\/34px-Magnifying_glass_01.svg.png 2x\" alt=\"\" width=\"17\" height=\"17\" data-file-width=\"663\" data-file-height=\"659\" \/>Ver artigo principal:\u00a0<a title=\"Abolicionismo no Brasil\" href=\"https:\/\/pt.wikipedia.org\/wiki\/Abolicionismo_no_Brasil\">Abolicionismo no Brasil<\/a><\/h3>\n<p style=\"text-align: justify;\">A quest\u00e3o abolicionista impunha-se desde a aboli\u00e7\u00e3o do tr\u00e1fico negreiro em 1850, encontrando viva resist\u00eancia entre as elites agr\u00e1rias tradicionais do pa\u00eds. Diante das medidas adotadas pelo Imp\u00e9rio para a gradual extin\u00e7\u00e3o do regime escravista, devido a repercuss\u00e3o da experi\u00eancia mal sucedida nos\u00a0<a title=\"Estados Unidos\" href=\"https:\/\/pt.wikipedia.org\/wiki\/Estados_Unidos\">Estados Unidos<\/a>\u00a0de liberta\u00e7\u00e3o geral dos escravos ter levado aquele pa\u00eds \u00e0\u00a0<a title=\"Guerra civil\" href=\"https:\/\/pt.wikipedia.org\/wiki\/Guerra_civil\">guerra civil<\/a>, essas elites reivindicavam do Estado indeniza\u00e7\u00f5es proporcionais ao pre\u00e7o total que haviam pago pelos escravos a serem libertados por lei. Estas indeniza\u00e7\u00f5es seriam pagas com empr\u00e9stimo externo.<sup>[<\/sup><sup><a title=\"Wikip\u00e9dia:Livro de estilo\/Cite as fontes\" href=\"https:\/\/pt.wikipedia.org\/wiki\/Wikip%C3%A9dia:Livro_de_estilo\/Cite_as_fontes\"><span title=\"Esta afirma\u00e7\u00e3o precisa de uma refer\u00eancia para confirm\u00e1-la desde maio de 2021.\"><i>carece\u00a0de fontes<\/i><\/span><\/a>]<\/sup><\/p>\n<p style=\"text-align: justify;\">Com a decreta\u00e7\u00e3o da\u00a0<a title=\"Lei \u00c1urea\" href=\"https:\/\/pt.wikipedia.org\/wiki\/Lei_%C3%81urea\">Lei \u00c1urea<\/a>\u00a0(1888), e ao deixar de indenizar esses grandes propriet\u00e1rios rurais, o imp\u00e9rio perdeu o seu \u00faltimo pilar de sustenta\u00e7\u00e3o. Chamados de &#8220;republicanos de \u00faltima hora&#8221; ou Republicanos do 13 de Maio, os ex-propriet\u00e1rios de escravos aderiram \u00e0 causa republicana, n\u00e3o por causa de um sentimento, mas como uma &#8220;vingan\u00e7a&#8221; contra a monarquia.<sup id=\"cite_ref-:0_2-1\" class=\"reference\"><a href=\"https:\/\/pt.wikipedia.org\/wiki\/Proclama%C3%A7%C3%A3o_da_Rep%C3%BAblica_do_Brasil#cite_note-:0-2\">[2]<\/a><\/sup><\/p>\n<p style=\"text-align: justify;\">Na vis\u00e3o dos progressistas, o Imp\u00e9rio do Brasil mostrou-se bastante lento na solu\u00e7\u00e3o da chamada &#8220;Quest\u00e3o Servil&#8221;, o que, sem d\u00favida, minou sua legitimidade ao longo dos anos.<sup>[<\/sup><sup><a title=\"Wikip\u00e9dia:Livro de estilo\/Cite as fontes\" href=\"https:\/\/pt.wikipedia.org\/wiki\/Wikip%C3%A9dia:Livro_de_estilo\/Cite_as_fontes\"><span title=\"Esta afirma\u00e7\u00e3o precisa de uma refer\u00eancia para confirm\u00e1-la desde maio de 2021.\"><i>carece\u00a0de fontes<\/i><\/span><\/a>]<\/sup>\u00a0Mesmo a ades\u00e3o dos ex-propriet\u00e1rios de escravos, que n\u00e3o foram indenizados, \u00e0 causa republicana, evidencia o quanto o regime imperial estava atrelado \u00e0 escravatura.<sup>[<\/sup><sup><a title=\"Wikip\u00e9dia:Livro de estilo\/Cite as fontes\" href=\"https:\/\/pt.wikipedia.org\/wiki\/Wikip%C3%A9dia:Livro_de_estilo\/Cite_as_fontes\"><span title=\"Esta afirma\u00e7\u00e3o precisa de uma refer\u00eancia para confirm\u00e1-la desde maio de 2021.\"><i>carece\u00a0de fontes<\/i><\/span><\/a>]<\/sup><\/p>\n<p style=\"text-align: justify;\">Assim, logo ap\u00f3s a princesa Isabel assinar a Lei \u00c1urea,\u00a0<a title=\"Jo\u00e3o Maur\u00edcio Wanderley\" href=\"https:\/\/pt.wikipedia.org\/wiki\/Jo%C3%A3o_Maur%C3%ADcio_Wanderley\">Jo\u00e3o Maur\u00edcio Wanderley<\/a>, Bar\u00e3o de Cotegipe, o \u00fanico senador do imp\u00e9rio que votou contra o projeto de aboli\u00e7\u00e3o da escravatura, profetizou:<sup id=\"cite_ref-11\" class=\"reference\"><a href=\"https:\/\/pt.wikipedia.org\/wiki\/Proclama%C3%A7%C3%A3o_da_Rep%C3%BAblica_do_Brasil#cite_note-11\">[11]<\/a><\/sup><\/p>\n<table class=\"cquote\" role=\"presentation\">\n<tbody>\n<tr>\n<td>\u201c<\/td>\n<td>A senhora acabou de redimir uma ra\u00e7a e perder um trono!<\/td>\n<td>\u201d<\/td>\n<\/tr>\n<\/tbody>\n<\/table>\n<h3 style=\"text-align: justify;\"><span id=\"Quest.C3.A3o_religiosa\"><\/span><span id=\"Quest\u00e3o_religiosa\" class=\"mw-headline\">Quest\u00e3o religiosa<\/span><\/h3>\n<div class=\"thumb tright\" style=\"text-align: justify;\">\n<div class=\"thumbinner\"><a class=\"image\" href=\"https:\/\/pt.wikipedia.org\/wiki\/Ficheiro:Entrega_da_mensagem_%C3%A0_D._Pedro_II,_pelo_Major_Solon,_no_dia_6_de_novembro_de_1889.jpg\"><img loading=\"lazy\" decoding=\"async\" class=\"thumbimage\" src=\"https:\/\/upload.wikimedia.org\/wikipedia\/commons\/thumb\/8\/85\/Entrega_da_mensagem_%C3%A0_D._Pedro_II%2C_pelo_Major_Solon%2C_no_dia_6_de_novembro_de_1889.jpg\/300px-Entrega_da_mensagem_%C3%A0_D._Pedro_II%2C_pelo_Major_Solon%2C_no_dia_6_de_novembro_de_1889.jpg\" srcset=\"\/\/upload.wikimedia.org\/wikipedia\/commons\/thumb\/8\/85\/Entrega_da_mensagem_%C3%A0_D._Pedro_II%2C_pelo_Major_Solon%2C_no_dia_6_de_novembro_de_1889.jpg\/450px-Entrega_da_mensagem_%C3%A0_D._Pedro_II%2C_pelo_Major_Solon%2C_no_dia_6_de_novembro_de_1889.jpg 1.5x, \/\/upload.wikimedia.org\/wikipedia\/commons\/thumb\/8\/85\/Entrega_da_mensagem_%C3%A0_D._Pedro_II%2C_pelo_Major_Solon%2C_no_dia_6_de_novembro_de_1889.jpg\/600px-Entrega_da_mensagem_%C3%A0_D._Pedro_II%2C_pelo_Major_Solon%2C_no_dia_6_de_novembro_de_1889.jpg 2x\" alt=\"\" width=\"300\" height=\"145\" data-file-width=\"1851\" data-file-height=\"892\" \/><\/a>Entrega da mensagem a <a title=\"Pedro II do Brasil\" href=\"https:\/\/pt.wikipedia.org\/wiki\/Pedro_II_do_Brasil\">D. Pedro II<\/a>, pelo\u00a0<a title=\"Frederico S\u00f3lon de Sampaio Ribeiro\" href=\"https:\/\/pt.wikipedia.org\/wiki\/Frederico_S%C3%B3lon_de_Sampaio_Ribeiro\">Major S\u00f3lon<\/a>, no dia 6 de novembro de 1889<\/div>\n<\/div>\n<div class=\"hatnote\" style=\"text-align: justify;\"><img loading=\"lazy\" decoding=\"async\" src=\"https:\/\/upload.wikimedia.org\/wikipedia\/commons\/thumb\/3\/3a\/Magnifying_glass_01.svg\/17px-Magnifying_glass_01.svg.png\" srcset=\"\/\/upload.wikimedia.org\/wikipedia\/commons\/thumb\/3\/3a\/Magnifying_glass_01.svg\/26px-Magnifying_glass_01.svg.png 1.5x, \/\/upload.wikimedia.org\/wikipedia\/commons\/thumb\/3\/3a\/Magnifying_glass_01.svg\/34px-Magnifying_glass_01.svg.png 2x\" alt=\"\" width=\"17\" height=\"17\" data-file-width=\"663\" data-file-height=\"659\" \/>Ver artigo principal:\u00a0<a title=\"Quest\u00e3o religiosa\" href=\"https:\/\/pt.wikipedia.org\/wiki\/Quest%C3%A3o_religiosa\">Quest\u00e3o religiosa<\/a><\/div>\n<p style=\"text-align: justify;\">Desde o\u00a0<a class=\"mw-redirect\" title=\"Per\u00edodo colonial\" href=\"https:\/\/pt.wikipedia.org\/wiki\/Per%C3%ADodo_colonial\">per\u00edodo colonial<\/a>, a\u00a0<a class=\"mw-redirect\" title=\"Igreja Cat\u00f3lica Apost\u00f3lica Romana\" href=\"https:\/\/pt.wikipedia.org\/wiki\/Igreja_Cat%C3%B3lica_Apost%C3%B3lica_Romana\">Igreja Cat\u00f3lica<\/a>, enquanto institui\u00e7\u00e3o, encontrava-se submetida ao estado. Isso se manteve ap\u00f3s a independ\u00eancia e significava, entre outras coisas, que nenhuma ordem do papa poderia vigorar no\u00a0<a title=\"Brasil\" href=\"https:\/\/pt.wikipedia.org\/wiki\/Brasil\">Brasil<\/a>\u00a0sem que fosse previamente aprovada pelo imperador (<a title=\"Benepl\u00e1cito R\u00e9gio\" href=\"https:\/\/pt.wikipedia.org\/wiki\/Benepl%C3%A1cito_R%C3%A9gio\">Benepl\u00e1cito R\u00e9gio<\/a>). Ocorre que em 1872\u00a0<a title=\"Vital Maria Gon\u00e7alves de Oliveira\" href=\"https:\/\/pt.wikipedia.org\/wiki\/Vital_Maria_Gon%C3%A7alves_de_Oliveira\">Vital Maria Gon\u00e7alves de Oliveira<\/a>\u00a0e\u00a0<a title=\"Ant\u00f4nio de Macedo Costa\" href=\"https:\/\/pt.wikipedia.org\/wiki\/Ant%C3%B4nio_de_Macedo_Costa\">Ant\u00f4nio de Macedo Costa<\/a>, bispos de\u00a0<a title=\"Olinda\" href=\"https:\/\/pt.wikipedia.org\/wiki\/Olinda\">Olinda<\/a>\u00a0e\u00a0<a class=\"mw-redirect\" title=\"Bel\u00e9m do Par\u00e1\" href=\"https:\/\/pt.wikipedia.org\/wiki\/Bel%C3%A9m_do_Par%C3%A1\">Bel\u00e9m do Par\u00e1<\/a>\u00a0respectivamente, resolveram seguir por conta pr\u00f3pria as ordens do\u00a0<a title=\"Papa Pio IX\" href=\"https:\/\/pt.wikipedia.org\/wiki\/Papa_Pio_IX\">Papa Pio IX<\/a>\u00a0de exclus\u00e3o dos ma\u00e7ons da igreja. Como os ma\u00e7ons gozavam de um elevado n\u00edvel de influ\u00eancia no Brasil mon\u00e1rquico, a bula n\u00e3o foi ratificada. Embora ades\u00e3o \u00e0s ordens ma\u00e7\u00f4nicas fosse comum, Pedro II n\u00e3o era membro.<sup id=\"cite_ref-12\" class=\"reference\"><a href=\"https:\/\/pt.wikipedia.org\/wiki\/Proclama%C3%A7%C3%A3o_da_Rep%C3%BAblica_do_Brasil#cite_note-12\">[12]<\/a><\/sup><\/p>\n<p style=\"text-align: justify;\">Os bispos se recusaram a obedecer ao imperador, sendo presos. Em 1875, gra\u00e7as \u00e0 interven\u00e7\u00e3o do ma\u00e7om\u00a0<a title=\"Lu\u00eds Alves de Lima e Silva\" href=\"https:\/\/pt.wikipedia.org\/wiki\/Lu%C3%ADs_Alves_de_Lima_e_Silva\">Duque de Caxias<\/a>, os bispos receberam o perd\u00e3o imperial e foram colocados em liberdade. Contudo, no epis\u00f3dio, a imagem do imp\u00e9rio desgastou-se junto \u00e0 Igreja Cat\u00f3lica. E este foi um fator agravante na crise da monarquia, pois o apoio da Igreja Cat\u00f3lica \u00e0 monarquia sempre foi essencial \u00e0 sua subsist\u00eancia.<\/p>\n<h3 style=\"text-align: justify;\"><span id=\"Quest.C3.A3o_militar\"><\/span><span id=\"Quest\u00e3o_militar\" class=\"mw-headline\">Quest\u00e3o militar<\/span><\/h3>\n<div class=\"thumb tright\" style=\"text-align: justify;\">\n<div class=\"thumbinner\"><a class=\"image\" href=\"https:\/\/pt.wikipedia.org\/wiki\/Ficheiro:A_Revolu%C3%A7%C3%A3o_de_15_de_Novembro,_carta_do_tenente-coronel_Jacques_Ourique_ao_Jornal_do_Commercio,_representando_a_posi%C3%A7%C3%A3o_das_tropas_no_dia_15_de_novembro_de_1889.jpg\"><img loading=\"lazy\" decoding=\"async\" class=\"thumbimage\" src=\"https:\/\/upload.wikimedia.org\/wikipedia\/commons\/thumb\/3\/3a\/A_Revolu%C3%A7%C3%A3o_de_15_de_Novembro%2C_carta_do_tenente-coronel_Jacques_Ourique_ao_Jornal_do_Commercio%2C_representando_a_posi%C3%A7%C3%A3o_das_tropas_no_dia_15_de_novembro_de_1889.jpg\/220px-thumbnail.jpg\" srcset=\"\/\/upload.wikimedia.org\/wikipedia\/commons\/thumb\/3\/3a\/A_Revolu%C3%A7%C3%A3o_de_15_de_Novembro%2C_carta_do_tenente-coronel_Jacques_Ourique_ao_Jornal_do_Commercio%2C_representando_a_posi%C3%A7%C3%A3o_das_tropas_no_dia_15_de_novembro_de_1889.jpg\/330px-thumbnail.jpg 1.5x, \/\/upload.wikimedia.org\/wikipedia\/commons\/thumb\/3\/3a\/A_Revolu%C3%A7%C3%A3o_de_15_de_Novembro%2C_carta_do_tenente-coronel_Jacques_Ourique_ao_Jornal_do_Commercio%2C_representando_a_posi%C3%A7%C3%A3o_das_tropas_no_dia_15_de_novembro_de_1889.jpg\/440px-thumbnail.jpg 2x\" alt=\"\" width=\"220\" height=\"265\" data-file-width=\"660\" data-file-height=\"795\" \/><\/a><\/p>\n<div class=\"thumbcaption\">\n<div class=\"magnify\"><\/div>\n<p>Carta do tenente-coronel\u00a0<a class=\"new\" title=\"Jacques Ourique (p\u00e1gina n\u00e3o existe)\" href=\"https:\/\/pt.wikipedia.org\/w\/index.php?title=Jacques_Ourique&amp;action=edit&amp;redlink=1\">Jacques Ourique<\/a>\u00a0ao\u00a0<i><a title=\"Jornal do Commercio\" href=\"https:\/\/pt.wikipedia.org\/wiki\/Jornal_do_Commercio\">Jornal do Commercio<\/a><\/i>, representando a posi\u00e7\u00e3o das tropas no dia 15 de novembro de 1889<\/div>\n<\/div>\n<\/div>\n<div class=\"hatnote\" style=\"text-align: justify;\"><img loading=\"lazy\" decoding=\"async\" src=\"https:\/\/upload.wikimedia.org\/wikipedia\/commons\/thumb\/3\/3a\/Magnifying_glass_01.svg\/17px-Magnifying_glass_01.svg.png\" srcset=\"\/\/upload.wikimedia.org\/wikipedia\/commons\/thumb\/3\/3a\/Magnifying_glass_01.svg\/26px-Magnifying_glass_01.svg.png 1.5x, \/\/upload.wikimedia.org\/wikipedia\/commons\/thumb\/3\/3a\/Magnifying_glass_01.svg\/34px-Magnifying_glass_01.svg.png 2x\" alt=\"\" width=\"17\" height=\"17\" data-file-width=\"663\" data-file-height=\"659\" \/>Ver artigo principal:\u00a0<a title=\"Quest\u00e3o Militar\" href=\"https:\/\/pt.wikipedia.org\/wiki\/Quest%C3%A3o_Militar\">Quest\u00e3o Militar<\/a><\/div>\n<p style=\"text-align: justify;\">Os militares do\u00a0<a title=\"Ex\u00e9rcito Brasileiro\" href=\"https:\/\/pt.wikipedia.org\/wiki\/Ex%C3%A9rcito_Brasileiro\">Ex\u00e9rcito Brasileiro<\/a>\u00a0estavam descontentes com a proibi\u00e7\u00e3o imposta pela monarquia, pela qual os seus oficiais n\u00e3o podiam manifestar-se na imprensa sem uma pr\u00e9via autoriza\u00e7\u00e3o do\u00a0<a title=\"Minist\u00e9rio da Guerra (Brasil)\" href=\"https:\/\/pt.wikipedia.org\/wiki\/Minist%C3%A9rio_da_Guerra_(Brasil)\">Ministro da Guerra<\/a>. Os militares n\u00e3o tinham autonomia de decis\u00e3o sobre a defesa do territ\u00f3rio, estando sujeitos \u00e0s ordens do imperador e do Gabinete de Ministros, formado por civis, que se sobrepunham \u00e0s ordens dos generais. Assim, no imp\u00e9rio, a maioria dos ministros da guerra eram civis.<\/p>\n<p style=\"text-align: justify;\">Al\u00e9m disso, frequentemente os militares do Ex\u00e9rcito Brasileiro sentiam-se desprestigiados e desrespeitados. Por um lado, os dirigentes do imp\u00e9rio eram civis, cuja sele\u00e7\u00e3o era extremamente elitista e cuja forma\u00e7\u00e3o era bacharelesca, mas que resultava em postos altamente remunerados e valorizados; por outro lado, os militares tinham uma sele\u00e7\u00e3o mais democr\u00e1tica e uma forma\u00e7\u00e3o mais t\u00e9cnica, mas que n\u00e3o resultavam nem em valoriza\u00e7\u00e3o profissional nem em reconhecimento pol\u00edtico, social ou econ\u00f4mico. As promo\u00e7\u00f5es na carreira militar eram dif\u00edceis de serem obtidas e eram baseadas em crit\u00e9rios personalistas em vez de promo\u00e7\u00f5es por m\u00e9rito e antiguidade.<\/p>\n<p style=\"text-align: justify;\">A\u00a0<a title=\"Guerra do Paraguai\" href=\"https:\/\/pt.wikipedia.org\/wiki\/Guerra_do_Paraguai\">Guerra do Paraguai<\/a>, al\u00e9m de difundir os ideais republicanos, evidenciou aos militares essa desvaloriza\u00e7\u00e3o da carreira profissional, que se manteve e mesmo acentuou-se ap\u00f3s o fim da guerra. O resultado foi a percep\u00e7\u00e3o, da parte dos militares, de que se sacrificavam por um regime que pouco os consideravam e que dava maior aten\u00e7\u00e3o \u00e0\u00a0<a title=\"Marinha do Brasil\" href=\"https:\/\/pt.wikipedia.org\/wiki\/Marinha_do_Brasil\">Marinha do Brasil<\/a>.<\/p>\n<h3 style=\"text-align: justify;\"><span id=\"Atua.C3.A7.C3.A3o_dos_republicanos_e_dos_positivistas\"><\/span><span id=\"Atua\u00e7\u00e3o_dos_republicanos_e_dos_positivistas\" class=\"mw-headline\">Atua\u00e7\u00e3o dos republicanos e dos positivistas<\/span><\/h3>\n<div class=\"thumb tright\" style=\"text-align: justify;\">\n<div class=\"thumbinner\"><a class=\"image\" href=\"https:\/\/pt.wikipedia.org\/wiki\/Ficheiro:Lopes_Trov%C3%A3o_charge.jpg\"><img loading=\"lazy\" decoding=\"async\" class=\"thumbimage\" src=\"https:\/\/upload.wikimedia.org\/wikipedia\/commons\/thumb\/e\/e7\/Lopes_Trov%C3%A3o_charge.jpg\/220px-Lopes_Trov%C3%A3o_charge.jpg\" srcset=\"\/\/upload.wikimedia.org\/wikipedia\/commons\/thumb\/e\/e7\/Lopes_Trov%C3%A3o_charge.jpg\/330px-Lopes_Trov%C3%A3o_charge.jpg 1.5x, \/\/upload.wikimedia.org\/wikipedia\/commons\/e\/e7\/Lopes_Trov%C3%A3o_charge.jpg 2x\" alt=\"\" width=\"220\" height=\"338\" data-file-width=\"348\" data-file-height=\"535\" \/><\/a>Charge da proclama\u00e7\u00e3o da Rep\u00fablica, com <a title=\"Jos\u00e9 do Patroc\u00ednio\" href=\"https:\/\/pt.wikipedia.org\/wiki\/Jos%C3%A9_do_Patroc%C3%ADnio\">Jos\u00e9 do Patroc\u00ednio<\/a>\u00a0em primeiro plano.<\/div>\n<\/div>\n<p style=\"text-align: justify;\">Durante a\u00a0<a title=\"Guerra do Paraguai\" href=\"https:\/\/pt.wikipedia.org\/wiki\/Guerra_do_Paraguai\">Guerra do Paraguai<\/a>, o contato dos militares brasileiros com a realidade dos seus vizinhos sul-americanos levou-os a refletir sobre a rela\u00e7\u00e3o existente entre regimes pol\u00edticos e problemas sociais. A partir disso, come\u00e7ou a desenvolver-se, tanto entre os militares de carreira quanto entre os civis convocados para lutar no conflito, um interesse maior pelo ideal republicano e pelo desenvolvimento econ\u00f4mico e social brasileiro.<\/p>\n<p style=\"text-align: justify;\">Dessa forma, n\u00e3o foi casual que a propaganda republicana tenha tido, por marco inicial, a publica\u00e7\u00e3o do\u00a0<a title=\"Manifesto Republicano\" href=\"https:\/\/pt.wikipedia.org\/wiki\/Manifesto_Republicano\">manifesto Republicano<\/a>\u00a0em 1870 (ano em que terminou a Guerra do Paraguai), seguido pela\u00a0<a title=\"Conven\u00e7\u00e3o de Itu\" href=\"https:\/\/pt.wikipedia.org\/wiki\/Conven%C3%A7%C3%A3o_de_Itu\">Conven\u00e7\u00e3o de Itu<\/a>\u00a0em 1873 e pelo surgimento dos clubes republicanos, que se multiplicaram, a partir de ent\u00e3o, pelos principais centros no pa\u00eds.<\/p>\n<p style=\"text-align: justify;\">Al\u00e9m disso, v\u00e1rios grupos foram fortemente influenciados pela\u00a0<a title=\"Ma\u00e7onaria\" href=\"https:\/\/pt.wikipedia.org\/wiki\/Ma%C3%A7onaria\">ma\u00e7onaria<\/a>\u00a0(<a title=\"Deodoro da Fonseca\" href=\"https:\/\/pt.wikipedia.org\/wiki\/Deodoro_da_Fonseca\">Deodoro da Fonseca<\/a>\u00a0era ma\u00e7om, assim como todo seu minist\u00e9rio) e pelo\u00a0<a title=\"Positivismo\" href=\"https:\/\/pt.wikipedia.org\/wiki\/Positivismo\">positivismo<\/a>\u00a0de\u00a0<a title=\"Auguste Comte\" href=\"https:\/\/pt.wikipedia.org\/wiki\/Auguste_Comte\">Auguste Comte<\/a>, especialmente, ap\u00f3s 1881, quando surgiu a\u00a0<a title=\"Igreja Positivista do Brasil\" href=\"https:\/\/pt.wikipedia.org\/wiki\/Igreja_Positivista_do_Brasil\">igreja Positivista do Brasil<\/a>. Seus diretores,\u00a0<a title=\"Miguel Lemos\" href=\"https:\/\/pt.wikipedia.org\/wiki\/Miguel_Lemos\">Miguel Lemos<\/a>\u00a0e\u00a0<a title=\"Raimundo Teixeira Mendes\" href=\"https:\/\/pt.wikipedia.org\/wiki\/Raimundo_Teixeira_Mendes\">Raimundo Teixeira Mendes<\/a>, iniciaram uma forte campanha abolicionista e republicana.<\/p>\n<p style=\"text-align: justify;\">A propaganda republicana era realizada pelos que, depois, foram chamados de &#8220;republicanos hist\u00f3ricos&#8221; (em oposi\u00e7\u00e3o \u00e0queles que se tornaram republicanos apenas ap\u00f3s o 15 de novembro, chamados de &#8220;republicanos de 16 de novembro&#8221;).<\/p>\n<p style=\"text-align: justify;\">As ideias de muitos dos republicanos eram veiculadas pelo peri\u00f3dico\u00a0<a title=\"A Rep\u00fablica (Rio de Janeiro)\" href=\"https:\/\/pt.wikipedia.org\/wiki\/A_Rep%C3%BAblica_(Rio_de_Janeiro)\">A Rep\u00fablica<\/a>. Segundo alguns pesquisadores, os republicanos dividiam-se em duas correntes principais:<\/p>\n<ul style=\"text-align: justify;\">\n<li>Os evolucionistas, que admitiam que a proclama\u00e7\u00e3o da rep\u00fablica era inevit\u00e1vel, n\u00e3o justificando uma luta armada;<\/li>\n<li>Os revolucionistas, que defendiam a possibilidade de pegar em armas para conquist\u00e1-la, com mobiliza\u00e7\u00e3o popular e com reformas sociais e econ\u00f4micas.<\/li>\n<\/ul>\n<p style=\"text-align: justify;\">Embora houvesse diferen\u00e7as entre cada um desses grupos no tocante \u00e0s estrat\u00e9gias pol\u00edticas para a implementa\u00e7\u00e3o da rep\u00fablica e tamb\u00e9m quanto ao conte\u00fado substantivo do regime a instituir, a ideia geral, comum aos dois grupos, era a de que a rep\u00fablica deveria ser um regime progressista, contraposto \u00e0 exausta monarquia. Dessa forma, a proposta do novo regime revestia-se de um car\u00e1ter social revolucion\u00e1rio e n\u00e3o apenas do de uma mera troca dos governantes.<\/p>\n<h2 style=\"text-align: justify;\"><span id=\"Golpe_militar_de_15_de_novembro_de_1889_e_a_proclama.C3.A7.C3.A3o_da_Rep.C3.BAblica\"><\/span><span id=\"Golpe_militar_de_15_de_novembro_de_1889_e_a_proclama\u00e7\u00e3o_da_Rep\u00fablica\" class=\"mw-headline\">Golpe militar de 15 de novembro de 1889 e a proclama\u00e7\u00e3o da Rep\u00fablica<\/span><\/h2>\n<div class=\"hatnote navigation-not-searchable\" style=\"text-align: justify;\" role=\"note\">Ver tamb\u00e9m:\u00a0<a title=\"Rep\u00fablica da Espada\" href=\"https:\/\/pt.wikipedia.org\/wiki\/Rep%C3%BAblica_da_Espada\">Rep\u00fablica da Espada<\/a><\/div>\n<div class=\"thumb tright\" style=\"text-align: justify;\">\n<div class=\"thumbinner\"><a class=\"image\" href=\"https:\/\/pt.wikipedia.org\/wiki\/Ficheiro:La_Revolution_au_Br%C3%A9sil._%E2%80%94_La_Proclamation_de_la_R%C3%A9publique_a_Rio-Janeiro._%E2%80%94_(Dessin_de_M._Georges_Scott.)._%E2%80%94_(D%27apr%C3%A8s_les_documents_communiqu%C3%A9s_par_M._%C3%89douard_Garrido,_%C3%A0_Rio-Janeiro.).jpg\"><img loading=\"lazy\" decoding=\"async\" class=\"thumbimage\" src=\"https:\/\/upload.wikimedia.org\/wikipedia\/commons\/thumb\/7\/75\/La_Revolution_au_Br%C3%A9sil._%E2%80%94_La_Proclamation_de_la_R%C3%A9publique_a_Rio-Janeiro._%E2%80%94_%28Dessin_de_M._Georges_Scott.%29._%E2%80%94_%28D%27apr%C3%A8s_les_documents_communiqu%C3%A9s_par_M._%C3%89douard_Garrido%2C_%C3%A0_Rio-Janeiro.%29.jpg\/220px-thumbnail.jpg\" srcset=\"\/\/upload.wikimedia.org\/wikipedia\/commons\/thumb\/7\/75\/La_Revolution_au_Br%C3%A9sil._%E2%80%94_La_Proclamation_de_la_R%C3%A9publique_a_Rio-Janeiro._%E2%80%94_%28Dessin_de_M._Georges_Scott.%29._%E2%80%94_%28D%27apr%C3%A8s_les_documents_communiqu%C3%A9s_par_M._%C3%89douard_Garrido%2C_%C3%A0_Rio-Janeiro.%29.jpg\/330px-thumbnail.jpg 1.5x, \/\/upload.wikimedia.org\/wikipedia\/commons\/thumb\/7\/75\/La_Revolution_au_Br%C3%A9sil._%E2%80%94_La_Proclamation_de_la_R%C3%A9publique_a_Rio-Janeiro._%E2%80%94_%28Dessin_de_M._Georges_Scott.%29._%E2%80%94_%28D%27apr%C3%A8s_les_documents_communiqu%C3%A9s_par_M._%C3%89douard_Garrido%2C_%C3%A0_Rio-Janeiro.%29.jpg\/440px-thumbnail.jpg 2x\" alt=\"\" width=\"220\" height=\"165\" data-file-width=\"1455\" data-file-height=\"1092\" \/><\/a>Proclama\u00e7\u00e3o da Rep\u00fablica no Rio de Janeiro (por <a class=\"new\" title=\"Georges Scott (p\u00e1gina n\u00e3o existe)\" href=\"https:\/\/pt.wikipedia.org\/w\/index.php?title=Georges_Scott&amp;action=edit&amp;redlink=1\">Georges Scott<\/a>, publicado em\u00a0<i><a class=\"mw-redirect\" title=\"Le Monde Illustr\u00e9\" href=\"https:\/\/pt.wikipedia.org\/wiki\/Le_Monde_Illustr%C3%A9\">Le Monde Illustr\u00e9<\/a><\/i>, n\u00ba 1 708, 21 de dezembro\/1889).<\/div>\n<\/div>\n<p style=\"text-align: justify;\">No Rio de Janeiro, os republicanos insistiram que o\u00a0<a class=\"mw-redirect\" title=\"Marechal Deodoro da Fonseca\" href=\"https:\/\/pt.wikipedia.org\/wiki\/Marechal_Deodoro_da_Fonseca\">Marechal Deodoro da Fonseca<\/a>, um monarquista, chefiasse o movimento revolucion\u00e1rio que substituiria a monarquia pela rep\u00fablica.<\/p>\n<p style=\"text-align: justify;\">Depois de muita insist\u00eancia dos revolucion\u00e1rios, Deodoro da Fonseca concordou em liderar o movimento militar.<\/p>\n<p style=\"text-align: justify;\">Segundo relatos hist\u00f3ricos, em 15 de novembro de 1889, comandando algumas centenas de soldados que se movimentavam pelas ruas da\u00a0<a class=\"mw-redirect\" title=\"Cidade do Rio de Janeiro\" href=\"https:\/\/pt.wikipedia.org\/wiki\/Cidade_do_Rio_de_Janeiro\">cidade do Rio de Janeiro<\/a>, o marechal Deodoro, assim como boa parte dos militares, pretendia apenas derrubar o ent\u00e3o Chefe do Gabinete Imperial (equivalente a\u00a0<a title=\"Primeiro-ministro\" href=\"https:\/\/pt.wikipedia.org\/wiki\/Primeiro-ministro\">primeiro-ministro<\/a>), o\u00a0<a class=\"mw-redirect\" title=\"Visconde de Ouro Preto\" href=\"https:\/\/pt.wikipedia.org\/wiki\/Visconde_de_Ouro_Preto\">Visconde de Ouro Preto<\/a>. &#8220;Os principais culpados de tudo isso [<i>a proclama\u00e7\u00e3o da Rep\u00fablica<\/i>] s\u00e3o o\u00a0<a class=\"mw-redirect\" title=\"Conde D'Eu\" href=\"https:\/\/pt.wikipedia.org\/wiki\/Conde_D%27Eu\">conde D&#8217;Eu<\/a>\u00a0e o Visconde de Ouro Preto: o \u00faltimo por perseguir o Ex\u00e9rcito e o primeiro por consentir nessa persegui\u00e7\u00e3o&#8221;, diria mais tarde Deodoro.<sup id=\"cite_ref-VEJA_9-1\" class=\"reference\"><a href=\"https:\/\/pt.wikipedia.org\/wiki\/Proclama%C3%A7%C3%A3o_da_Rep%C3%BAblica_do_Brasil#cite_note-VEJA-9\">[9]<\/a><\/sup><sup id=\"cite_ref-JA_13-0\" class=\"reference\"><a href=\"https:\/\/pt.wikipedia.org\/wiki\/Proclama%C3%A7%C3%A3o_da_Rep%C3%BAblica_do_Brasil#cite_note-JA-13\">[13]<\/a><\/sup><\/p>\n<p style=\"text-align: justify;\">O\u00a0<a title=\"Golpe militar\" href=\"https:\/\/pt.wikipedia.org\/wiki\/Golpe_militar\">golpe militar<\/a>, que estava previsto para 20 de novembro de 1889, teve de ser antecipado. No dia 14, os conspiradores divulgaram o boato de que o governo havia mandado prender\u00a0<a class=\"mw-redirect\" title=\"Benjamin Constant Botelho de Magalh\u00e3es\" href=\"https:\/\/pt.wikipedia.org\/wiki\/Benjamin_Constant_Botelho_de_Magalh%C3%A3es\">Benjamin Constant Botelho de Magalh\u00e3es<\/a>\u00a0e\u00a0<a title=\"Deodoro da Fonseca\" href=\"https:\/\/pt.wikipedia.org\/wiki\/Deodoro_da_Fonseca\">Deodoro da Fonseca<\/a>. Posteriormente confirmou-se que era mesmo boato. Assim, os revolucion\u00e1rios anteciparam o golpe de Estado, e, na madrugada do dia 15 de novembro, Deodoro disp\u00f4s-se a liderar o movimento de tropas do ex\u00e9rcito que colocou um fim no regime mon\u00e1rquico no Brasil.<sup id=\"cite_ref-14\" class=\"reference\"><a href=\"https:\/\/pt.wikipedia.org\/wiki\/Proclama%C3%A7%C3%A3o_da_Rep%C3%BAblica_do_Brasil#cite_note-14\">[14]<\/a><\/sup><\/p>\n<div class=\"thumb tleft\" style=\"text-align: justify;\">\n<div class=\"thumbinner\"><a class=\"image\" href=\"https:\/\/pt.wikipedia.org\/wiki\/Ficheiro:Proclama%C3%A7%C3%A3o_da_Rep%C3%BAblica._Ova%C3%A7%C3%A3o_popular_ao_General_Deodoro_da_Fonseca_e_Bucayuva,_na_Rua_do_Ouvidor.jpg\"><img loading=\"lazy\" decoding=\"async\" class=\"thumbimage\" src=\"https:\/\/upload.wikimedia.org\/wikipedia\/commons\/thumb\/1\/13\/Proclama%C3%A7%C3%A3o_da_Rep%C3%BAblica._Ova%C3%A7%C3%A3o_popular_ao_General_Deodoro_da_Fonseca_e_Bucayuva%2C_na_Rua_do_Ouvidor.jpg\/220px-Proclama%C3%A7%C3%A3o_da_Rep%C3%BAblica._Ova%C3%A7%C3%A3o_popular_ao_General_Deodoro_da_Fonseca_e_Bucayuva%2C_na_Rua_do_Ouvidor.jpg\" srcset=\"\/\/upload.wikimedia.org\/wikipedia\/commons\/thumb\/1\/13\/Proclama%C3%A7%C3%A3o_da_Rep%C3%BAblica._Ova%C3%A7%C3%A3o_popular_ao_General_Deodoro_da_Fonseca_e_Bucayuva%2C_na_Rua_do_Ouvidor.jpg\/330px-Proclama%C3%A7%C3%A3o_da_Rep%C3%BAblica._Ova%C3%A7%C3%A3o_popular_ao_General_Deodoro_da_Fonseca_e_Bucayuva%2C_na_Rua_do_Ouvidor.jpg 1.5x, \/\/upload.wikimedia.org\/wikipedia\/commons\/thumb\/1\/13\/Proclama%C3%A7%C3%A3o_da_Rep%C3%BAblica._Ova%C3%A7%C3%A3o_popular_ao_General_Deodoro_da_Fonseca_e_Bucayuva%2C_na_Rua_do_Ouvidor.jpg\/440px-Proclama%C3%A7%C3%A3o_da_Rep%C3%BAblica._Ova%C3%A7%C3%A3o_popular_ao_General_Deodoro_da_Fonseca_e_Bucayuva%2C_na_Rua_do_Ouvidor.jpg 2x\" alt=\"\" width=\"220\" height=\"251\" data-file-width=\"784\" data-file-height=\"896\" \/><\/a>Ova\u00e7\u00e3o popular ao Marechal <a title=\"Deodoro da Fonseca\" href=\"https:\/\/pt.wikipedia.org\/wiki\/Deodoro_da_Fonseca\">Deodoro da Fonseca<\/a>\u00a0e\u00a0<a class=\"mw-redirect\" title=\"Quintino Bocai\u00fava\" href=\"https:\/\/pt.wikipedia.org\/wiki\/Quintino_Bocai%C3%BAva\">Bocai\u00fava<\/a>, na\u00a0<a title=\"Rua do Ouvidor (Rio de Janeiro)\" href=\"https:\/\/pt.wikipedia.org\/wiki\/Rua_do_Ouvidor_(Rio_de_Janeiro)\">Rua do Ouvidor<\/a>.<\/div>\n<\/div>\n<p style=\"text-align: justify;\">Os conspiradores dirigiram-se \u00e0 resid\u00eancia do marechal Deodoro, que estava doente, com\u00a0<a title=\"Dispneia\" href=\"https:\/\/pt.wikipedia.org\/wiki\/Dispneia\">dispneia<\/a>,<sup id=\"cite_ref-15\" class=\"reference\"><a href=\"https:\/\/pt.wikipedia.org\/wiki\/Proclama%C3%A7%C3%A3o_da_Rep%C3%BAblica_do_Brasil#cite_note-15\">[15]<\/a><\/sup>\u00a0e acabam por convenc\u00ea-lo a liderar o movimento. Aparentemente decisivo para Deodoro foi saber que, a partir de 20 de novembro, o novo Presidente do Conselho de Ministros do Imp\u00e9rio seria\u00a0<a class=\"mw-redirect\" title=\"Gaspar Silveira Martins\" href=\"https:\/\/pt.wikipedia.org\/wiki\/Gaspar_Silveira_Martins\">Gaspar Silveira Martins<\/a>, um velho rival. Deodoro e Silveira Martins eram inimigos desde o tempo em que o marechal servira no\u00a0<a title=\"Rio Grande do Sul\" href=\"https:\/\/pt.wikipedia.org\/wiki\/Rio_Grande_do_Sul\">Rio Grande do Sul<\/a>, quando ambos disputaram as aten\u00e7\u00f5es da\u00a0<a class=\"new\" title=\"Baronesa do Triunfo (p\u00e1gina n\u00e3o existe)\" href=\"https:\/\/pt.wikipedia.org\/w\/index.php?title=Baronesa_do_Triunfo&amp;action=edit&amp;redlink=1\">baronesa do Triunfo<\/a>, vi\u00fava muito bonita e elegante, que, segundo os relatos da \u00e9poca, preferira Silveira Martins. Desde ent\u00e3o, Silveira Martins n\u00e3o perdia oportunidade para provocar Deodoro da tribuna do Senado, insinuando que malversava fundos e at\u00e9 contestando sua efic\u00e1cia enquanto militar.<sup id=\"cite_ref-VEJA_9-2\" class=\"reference\"><a href=\"https:\/\/pt.wikipedia.org\/wiki\/Proclama%C3%A7%C3%A3o_da_Rep%C3%BAblica_do_Brasil#cite_note-VEJA-9\">[9]<\/a><\/sup><\/p>\n<p style=\"text-align: justify;\">Al\u00e9m disso, o major\u00a0<a title=\"Frederico S\u00f3lon de Sampaio Ribeiro\" href=\"https:\/\/pt.wikipedia.org\/wiki\/Frederico_S%C3%B3lon_de_Sampaio_Ribeiro\">Frederico S\u00f3lon de Sampaio Ribeiro<\/a>\u00a0dissera a Deodoro que uma suposta ordem de pris\u00e3o contra ele havia sido expedida, argumento que convenceu finalmente o velho marechal a proclamar a Rep\u00fablica no dia 16 e a exilar a Fam\u00edlia Imperial j\u00e1 \u00e0 noite, de modo a evitar uma eventual como\u00e7\u00e3o popular.<sup id=\"cite_ref-16\" class=\"reference\"><a href=\"https:\/\/pt.wikipedia.org\/wiki\/Proclama%C3%A7%C3%A3o_da_Rep%C3%BAblica_do_Brasil#cite_note-16\">[16]<\/a><\/sup><\/p>\n<div class=\"thumb tright\" style=\"text-align: justify;\">\n<div class=\"thumbinner\"><a class=\"image\" href=\"https:\/\/pt.wikipedia.org\/wiki\/Ficheiro:Attentat_contre_le_Baron_de_Ladario,_ancien_ministre_de_la_marine._%E2%80%94_(Dessin_de_M._Parys.).jpg\"><img loading=\"lazy\" decoding=\"async\" class=\"thumbimage\" src=\"https:\/\/upload.wikimedia.org\/wikipedia\/commons\/thumb\/3\/35\/Attentat_contre_le_Baron_de_Ladario%2C_ancien_ministre_de_la_marine._%E2%80%94_%28Dessin_de_M._Parys.%29.jpg\/220px-Attentat_contre_le_Baron_de_Ladario%2C_ancien_ministre_de_la_marine._%E2%80%94_%28Dessin_de_M._Parys.%29.jpg\" srcset=\"\/\/upload.wikimedia.org\/wikipedia\/commons\/thumb\/3\/35\/Attentat_contre_le_Baron_de_Ladario%2C_ancien_ministre_de_la_marine._%E2%80%94_%28Dessin_de_M._Parys.%29.jpg\/330px-Attentat_contre_le_Baron_de_Ladario%2C_ancien_ministre_de_la_marine._%E2%80%94_%28Dessin_de_M._Parys.%29.jpg 1.5x, \/\/upload.wikimedia.org\/wikipedia\/commons\/thumb\/3\/35\/Attentat_contre_le_Baron_de_Ladario%2C_ancien_ministre_de_la_marine._%E2%80%94_%28Dessin_de_M._Parys.%29.jpg\/440px-Attentat_contre_le_Baron_de_Ladario%2C_ancien_ministre_de_la_marine._%E2%80%94_%28Dessin_de_M._Parys.%29.jpg 2x\" alt=\"\" width=\"220\" height=\"165\" data-file-width=\"1445\" data-file-height=\"1085\" \/><\/a><\/p>\n<div class=\"thumbcaption\"><a title=\"Atentado ao Bar\u00e3o de Lad\u00e1rio\" href=\"https:\/\/pt.wikipedia.org\/wiki\/Atentado_ao_Bar%C3%A3o_de_Lad%C3%A1rio\">Atentado contra o Bar\u00e3o de Lad\u00e1rio<\/a>, ent\u00e3o\u00a0<a title=\"Lista de ministros da Marinha do Brasil\" href=\"https:\/\/pt.wikipedia.org\/wiki\/Lista_de_ministros_da_Marinha_do_Brasil\">ministro da Marinha<\/a>.<\/div>\n<\/div>\n<\/div>\n<div class=\"thumb tright\" style=\"text-align: justify;\">\n<div class=\"thumbinner\"><a class=\"image\" href=\"https:\/\/pt.wikipedia.org\/wiki\/Ficheiro:La_Revolution_au_Br%C3%A9sil._%E2%80%94_D%C3%A9barquement_de_Dom_Pedro,_a_Lisbonne._%E2%80%94_Le_canot_imp%C3%A9rial_abordant_a_l%27Arsenal_de_la_Marine.jpg\"><img loading=\"lazy\" decoding=\"async\" class=\"thumbimage\" src=\"https:\/\/upload.wikimedia.org\/wikipedia\/commons\/thumb\/3\/35\/La_Revolution_au_Br%C3%A9sil._%E2%80%94_D%C3%A9barquement_de_Dom_Pedro%2C_a_Lisbonne._%E2%80%94_Le_canot_imp%C3%A9rial_abordant_a_l%27Arsenal_de_la_Marine.jpg\/220px-La_Revolution_au_Br%C3%A9sil._%E2%80%94_D%C3%A9barquement_de_Dom_Pedro%2C_a_Lisbonne._%E2%80%94_Le_canot_imp%C3%A9rial_abordant_a_l%27Arsenal_de_la_Marine.jpg\" srcset=\"\/\/upload.wikimedia.org\/wikipedia\/commons\/thumb\/3\/35\/La_Revolution_au_Br%C3%A9sil._%E2%80%94_D%C3%A9barquement_de_Dom_Pedro%2C_a_Lisbonne._%E2%80%94_Le_canot_imp%C3%A9rial_abordant_a_l%27Arsenal_de_la_Marine.jpg\/330px-La_Revolution_au_Br%C3%A9sil._%E2%80%94_D%C3%A9barquement_de_Dom_Pedro%2C_a_Lisbonne._%E2%80%94_Le_canot_imp%C3%A9rial_abordant_a_l%27Arsenal_de_la_Marine.jpg 1.5x, \/\/upload.wikimedia.org\/wikipedia\/commons\/thumb\/3\/35\/La_Revolution_au_Br%C3%A9sil._%E2%80%94_D%C3%A9barquement_de_Dom_Pedro%2C_a_Lisbonne._%E2%80%94_Le_canot_imp%C3%A9rial_abordant_a_l%27Arsenal_de_la_Marine.jpg\/440px-La_Revolution_au_Br%C3%A9sil._%E2%80%94_D%C3%A9barquement_de_Dom_Pedro%2C_a_Lisbonne._%E2%80%94_Le_canot_imp%C3%A9rial_abordant_a_l%27Arsenal_de_la_Marine.jpg 2x\" alt=\"\" width=\"220\" height=\"151\" data-file-width=\"2096\" data-file-height=\"1434\" \/><\/a>Desembarque de Dom Pedro II em <a title=\"Lisboa\" href=\"https:\/\/pt.wikipedia.org\/wiki\/Lisboa\">Lisboa<\/a>: a canoa imperial atraca no\u00a0<a title=\"Arsenal da Marinha (Lisboa)\" href=\"https:\/\/pt.wikipedia.org\/wiki\/Arsenal_da_Marinha_(Lisboa)\">Arsenal da Marinha<\/a>.<\/div>\n<\/div>\n<p style=\"text-align: justify;\">Convencido de que seria preso pelo governo imperial, Deodoro saiu de sua resid\u00eancia ao amanhecer do dia 15 de Novembro, atravessou o\u00a0<a class=\"mw-redirect\" title=\"Campo de Santana (Parque do Rio de Janeiro)\" href=\"https:\/\/pt.wikipedia.org\/wiki\/Campo_de_Santana_(Parque_do_Rio_de_Janeiro)\">Campo de Santana<\/a>\u00a0e, do outro lado do parque, conclamou os soldados do batalh\u00e3o ali aquartelado, onde hoje se localiza o Pal\u00e1cio Duque de Caxias, a se rebelarem contra o governo. Oferecem um cavalo ao marechal, que nele montou, e, segundo testemunhos, tirou o chap\u00e9u e proclamou &#8220;Viva a Rep\u00fablica!&#8221;. Depois apeou, atravessou novamente o parque e voltou para a sua resid\u00eancia. A manifesta\u00e7\u00e3o prosseguiu com um desfile de tropas pela Rua Direita, atual rua 1.\u00ba de Mar\u00e7o, at\u00e9 o\u00a0<a title=\"Pa\u00e7o Imperial\" href=\"https:\/\/pt.wikipedia.org\/wiki\/Pa%C3%A7o_Imperial\">Pa\u00e7o Imperial<\/a>.<\/p>\n<p style=\"text-align: justify;\">Os revoltosos ocuparam o quartel-general do Rio de Janeiro e depois o\u00a0<a title=\"Minist\u00e9rio da Guerra (Brasil)\" href=\"https:\/\/pt.wikipedia.org\/wiki\/Minist%C3%A9rio_da_Guerra_(Brasil)\">Minist\u00e9rio da Guerra<\/a>. Depuseram o Gabinete ministerial e prenderam seu presidente, Afonso Celso de Assis Figueiredo,\u00a0<a class=\"mw-redirect\" title=\"Visconde de Ouro Preto\" href=\"https:\/\/pt.wikipedia.org\/wiki\/Visconde_de_Ouro_Preto\">Visconde de Ouro Preto<\/a>.<\/p>\n<p style=\"text-align: justify;\">No Pa\u00e7o Imperial, o presidente do gabinete (primeiro-ministro), Visconde de Ouro Preto, havia tentando resistir pedindo ao comandante do destacamento local e respons\u00e1vel pela seguran\u00e7a do Pa\u00e7o Imperial, general\u00a0<a title=\"Floriano Peixoto\" href=\"https:\/\/pt.wikipedia.org\/wiki\/Floriano_Peixoto\">Floriano Peixoto<\/a>, que enfrentasse os amotinados, explicando ao general Floriano Peixoto que havia, no local, tropas legalistas em n\u00famero suficiente para derrotar os revoltosos. O Visconde de Ouro Preto lembrou a Floriano Peixoto que este havia enfrentado tropas bem mais numerosas na\u00a0<a title=\"Guerra do Paraguai\" href=\"https:\/\/pt.wikipedia.org\/wiki\/Guerra_do_Paraguai\">Guerra do Paraguai<\/a>. Por\u00e9m, o general Floriano Peixoto recusou-se a obedecer \u00e0s ordens dadas pelo Visconde de Ouro Preto e assim justificou sua insubordina\u00e7\u00e3o, respondendo ao Visconde de Ouro Preto:<\/p>\n<table class=\"cquote\" role=\"presentation\">\n<tbody>\n<tr>\n<td>\u201c<\/td>\n<td>Sim, mas l\u00e1 (no Paraguai) t\u00ednhamos em frente inimigos e aqui somos todos brasileiros!<\/td>\n<td>\u201d<\/td>\n<\/tr>\n<\/tbody>\n<\/table>\n<p style=\"text-align: justify;\">Em seguida, aderindo ao movimento republicano, Floriano Peixoto deu voz de pris\u00e3o ao chefe de governo Visconde de Ouro Preto.<\/p>\n<div class=\"thumb tleft\" style=\"text-align: justify;\">\n<div class=\"thumbinner\"><a class=\"image\" href=\"https:\/\/pt.wikipedia.org\/wiki\/Ficheiro:Capa_do_Di%C3%A1rio_Popular.jpg\"><img loading=\"lazy\" decoding=\"async\" class=\"thumbimage\" src=\"https:\/\/upload.wikimedia.org\/wikipedia\/commons\/thumb\/c\/cb\/Capa_do_Di%C3%A1rio_Popular.jpg\/220px-Capa_do_Di%C3%A1rio_Popular.jpg\" srcset=\"\/\/upload.wikimedia.org\/wikipedia\/commons\/thumb\/c\/cb\/Capa_do_Di%C3%A1rio_Popular.jpg\/330px-Capa_do_Di%C3%A1rio_Popular.jpg 1.5x, \/\/upload.wikimedia.org\/wikipedia\/commons\/thumb\/c\/cb\/Capa_do_Di%C3%A1rio_Popular.jpg\/440px-Capa_do_Di%C3%A1rio_Popular.jpg 2x\" alt=\"\" width=\"220\" height=\"310\" data-file-width=\"545\" data-file-height=\"768\" \/><\/a>Capa do Di\u00e1rio Popular do dia 16 de novembro de 1889 noticiando a proclama\u00e7\u00e3o da Rep\u00fablica. <a title=\"Arquivo Nacional (Brasil)\" href=\"https:\/\/pt.wikipedia.org\/wiki\/Arquivo_Nacional_(Brasil)\">Arquivo Nacional.<\/a><\/div>\n<\/div>\n<p style=\"text-align: justify;\">O \u00fanico ferido no epis\u00f3dio da proclama\u00e7\u00e3o da rep\u00fablica foi o\u00a0<a class=\"mw-redirect\" title=\"Bar\u00e3o de Lad\u00e1rio\" href=\"https:\/\/pt.wikipedia.org\/wiki\/Bar%C3%A3o_de_Lad%C3%A1rio\">Bar\u00e3o de Lad\u00e1rio<\/a>, que resistiu \u00e0 ordem de pris\u00e3o dada pelos amotinados e levou um tiro. Consta que Deodoro n\u00e3o dirigiu cr\u00edtica ao Imperador dom Pedro II e que vacilava em suas palavras. Relatos dizem que foi uma estrat\u00e9gia para evitar um derramamento de sangue. Sabia-se que Deodoro da Fonseca tinha ao seu lado o tenente-coronel\u00a0<a class=\"mw-redirect\" title=\"Benjamin Constant Botelho de Magalh\u00e3es\" href=\"https:\/\/pt.wikipedia.org\/wiki\/Benjamin_Constant_Botelho_de_Magalh%C3%A3es\">Benjamin Constant<\/a>\u00a0e naquele momento tamb\u00e9m alguns l\u00edderes republicanos civis.<\/p>\n<p style=\"text-align: justify;\">Na tarde do mesmo dia 15 de novembro, na\u00a0<a title=\"C\u00e2mara Municipal do Rio de Janeiro\" href=\"https:\/\/pt.wikipedia.org\/wiki\/C%C3%A2mara_Municipal_do_Rio_de_Janeiro\">C\u00e2mara Municipal do Rio de Janeiro<\/a>, foi solenemente proclamada a\u00a0<a title=\"Rep\u00fablica\" href=\"https:\/\/pt.wikipedia.org\/wiki\/Rep%C3%BAblica\">Rep\u00fablica<\/a>.<\/p>\n<p style=\"text-align: justify;\">\u00c0 noite, na C\u00e2mara Municipal do\u00a0<a title=\"Munic\u00edpio Neutro\" href=\"https:\/\/pt.wikipedia.org\/wiki\/Munic%C3%ADpio_Neutro\">Munic\u00edpio Neutro<\/a>, o Rio de Janeiro,\u00a0<a title=\"Jos\u00e9 do Patroc\u00ednio\" href=\"https:\/\/pt.wikipedia.org\/wiki\/Jos%C3%A9_do_Patroc%C3%ADnio\">Jos\u00e9 do Patroc\u00ednio<\/a>\u00a0redigiu a proclama\u00e7\u00e3o oficial da Rep\u00fablica dos Estados Unidos do Brasil, aprovada sem vota\u00e7\u00e3o. O texto foi para as gr\u00e1ficas de jornais que apoiavam a causa, e, s\u00f3 no dia seguinte, 16 de novembro, foi anunciado ao povo a mudan\u00e7a do regime pol\u00edtico do Brasil.<\/p>\n<p style=\"text-align: justify;\">Dom Pedro II, que estava em\u00a0<a title=\"Petr\u00f3polis\" href=\"https:\/\/pt.wikipedia.org\/wiki\/Petr%C3%B3polis\">Petr\u00f3polis<\/a>, retornou ao Rio de Janeiro. Pensando que o objetivo dos revolucion\u00e1rios era apenas substituir o Gabinete de Ouro Preto, o Imperador D. Pedro II tentou ainda organizar outro gabinete ministerial, sob a presid\u00eancia do conselheiro\u00a0<a title=\"Jos\u00e9 Ant\u00f4nio Saraiva\" href=\"https:\/\/pt.wikipedia.org\/wiki\/Jos%C3%A9_Ant%C3%B4nio_Saraiva\">Jos\u00e9 Ant\u00f4nio Saraiva<\/a>. O imperador, em Petr\u00f3polis, foi informado e decidiu descer para a Corte. Ao saber do golpe de Estado, o Imperador reconheceu a queda do Gabinete de Ouro Preto e procurou anunciar um novo nome para substituir o Visconde de Ouro Preto. No entanto, como nada fora dito sobre Rep\u00fablica at\u00e9 ent\u00e3o, os republicanos mais exaltados espalharam o boato de que o Imperador escolhera Gaspar Silveira Martins, inimigo pol\u00edtico de Deodoro da Fonseca desde os tempos do\u00a0<a title=\"Rio Grande do Sul\" href=\"https:\/\/pt.wikipedia.org\/wiki\/Rio_Grande_do_Sul\">Rio Grande do Sul<\/a>, para ser o novo chefe de governo.<sup id=\"cite_ref-18\" class=\"reference\"><a href=\"https:\/\/pt.wikipedia.org\/wiki\/Proclama%C3%A7%C3%A3o_da_Rep%C3%BAblica_do_Brasil#cite_note-18\">[18]<\/a><\/sup>\u00a0Deodoro da Fonseca ent\u00e3o convenceu-se a aderir \u00e0 causa republicana. O Imperador foi informado disso e, desiludido, decidiu n\u00e3o oferecer resist\u00eancia.<\/p>\n<p style=\"text-align: justify;\">No dia seguinte, o major\u00a0<a title=\"Frederico S\u00f3lon de Sampaio Ribeiro\" href=\"https:\/\/pt.wikipedia.org\/wiki\/Frederico_S%C3%B3lon_de_Sampaio_Ribeiro\">Frederico S\u00f3lon de Sampaio Ribeiro<\/a>\u00a0entregou a dom Pedro II uma comunica\u00e7\u00e3o, cientificando-o da proclama\u00e7\u00e3o da rep\u00fablica e ordenando sua partida para a\u00a0<a title=\"Europa\" href=\"https:\/\/pt.wikipedia.org\/wiki\/Europa\">Europa<\/a>, a fim de evitar conturba\u00e7\u00f5es pol\u00edticas. A fam\u00edlia imperial brasileira exilou-se na Europa, s\u00f3 lhes sendo permitida a sua volta ao Brasil na\u00a0<a title=\"D\u00e9cada de 1920\" href=\"https:\/\/pt.wikipedia.org\/wiki\/D%C3%A9cada_de_1920\">d\u00e9cada de 1920<\/a>.<\/p>\n<h2 style=\"text-align: justify;\"><span id=\"Controv.C3.A9rsias\"><\/span><span id=\"Controv\u00e9rsias\" class=\"mw-headline\">Controv\u00e9rsias<\/span><\/h2>\n<div class=\"thumb tright\" style=\"text-align: justify;\">\n<div class=\"thumbinner\"><a class=\"image\" href=\"https:\/\/pt.wikipedia.org\/wiki\/Ficheiro:Constitui%C3%A7%C3%A3o_da_Rep%C3%BAblica_dos_Estados_Unidos_do_Brasil_de_1891_p._00_(capa).jpg\"><img loading=\"lazy\" decoding=\"async\" class=\"thumbimage\" src=\"https:\/\/upload.wikimedia.org\/wikipedia\/commons\/thumb\/c\/c5\/Constitui%C3%A7%C3%A3o_da_Rep%C3%BAblica_dos_Estados_Unidos_do_Brasil_de_1891_p._00_%28capa%29.jpg\/220px-Constitui%C3%A7%C3%A3o_da_Rep%C3%BAblica_dos_Estados_Unidos_do_Brasil_de_1891_p._00_%28capa%29.jpg\" srcset=\"\/\/upload.wikimedia.org\/wikipedia\/commons\/thumb\/c\/c5\/Constitui%C3%A7%C3%A3o_da_Rep%C3%BAblica_dos_Estados_Unidos_do_Brasil_de_1891_p._00_%28capa%29.jpg\/330px-Constitui%C3%A7%C3%A3o_da_Rep%C3%BAblica_dos_Estados_Unidos_do_Brasil_de_1891_p._00_%28capa%29.jpg 1.5x, \/\/upload.wikimedia.org\/wikipedia\/commons\/thumb\/c\/c5\/Constitui%C3%A7%C3%A3o_da_Rep%C3%BAblica_dos_Estados_Unidos_do_Brasil_de_1891_p._00_%28capa%29.jpg\/440px-Constitui%C3%A7%C3%A3o_da_Rep%C3%BAblica_dos_Estados_Unidos_do_Brasil_de_1891_p._00_%28capa%29.jpg 2x\" alt=\"\" width=\"220\" height=\"322\" data-file-width=\"2250\" data-file-height=\"3295\" \/><\/a>Constitui\u00e7\u00e3o de 1891. Documento sob guarda do <a title=\"Arquivo Nacional (Brasil)\" href=\"https:\/\/pt.wikipedia.org\/wiki\/Arquivo_Nacional_(Brasil)\">Arquivo Nacional.<\/a><\/div>\n<\/div>\n<p style=\"text-align: justify;\">Com a proclama\u00e7\u00e3o da rep\u00fablica, &#8220;segundo todas as probabilidades&#8221;, acabaria tamb\u00e9m o Brasil, pensava, no fim do s\u00e9culo XIX, o escritor portugu\u00eas\u00a0<a class=\"mw-redirect\" title=\"E\u00e7a de Queir\u00f3s\" href=\"https:\/\/pt.wikipedia.org\/wiki\/E%C3%A7a_de_Queir%C3%B3s\">E\u00e7a de Queir\u00f3s<\/a>. &#8220;Daqui a pouco&#8221; \u2013 acrescentava, numa das suas cartas de\u00a0<a title=\"Fradique Mendes\" href=\"https:\/\/pt.wikipedia.org\/wiki\/Fradique_Mendes\">Fradique Mendes<\/a>, publicadas depois de sua morte sob o t\u00edtulo de &#8220;<i>Cartas In\u00e9ditas de Fradique Mendes<\/i>&#8220;, e transcritas por\u00a0<a title=\"Gilberto Freyre\" href=\"https:\/\/pt.wikipedia.org\/wiki\/Gilberto_Freyre\">Gilberto Freyre<\/a>\u00a0em sua obra &#8220;<i>Ordem e Progresso<\/i>&#8220;:<sup id=\"cite_ref-ReferenceA_19-0\" class=\"reference\"><a href=\"https:\/\/pt.wikipedia.org\/wiki\/Proclama%C3%A7%C3%A3o_da_Rep%C3%BAblica_do_Brasil#cite_note-ReferenceA-19\">[19]<\/a><\/sup><\/p>\n<table class=\"cquote\" role=\"presentation\">\n<tbody>\n<tr>\n<td>\u201c<\/td>\n<td>O que foi o Imp\u00e9rio estar\u00e1 fracionado em Rep\u00fablicas independentes de maior ou menor import\u00e2ncia. Impelem a esse resultado a divis\u00e3o hist\u00f3rica das prov\u00edncias, as rivalidades que entre elas existem, a diversidade do clima, do car\u00e1ter e dos interesses, e a for\u00e7a das ambi\u00e7\u00f5es locais. [&#8230;] Por outro lado, h\u00e1 absoluta impossibilidade de que S\u00e3o Paulo, a Bahia, o Par\u00e1 queiram ficar sob a autoridade do general fulano ou do bacharel sicrano, presidente, com uma corte presidencial no Rio de Janeiro [&#8230;] Os Deodoros da Fonseca v\u00e3o-se reproduzir por todas as prov\u00edncias. [&#8230;] Cada Estado, abandonado a si desenvolver\u00e1 uma hist\u00f3ria pr\u00f3pria, sob uma bandeira pr\u00f3pria, segundo o seu clima, a especialidade da sua zona agr\u00edcola, os seus interesses, os seus homens, a sua educa\u00e7\u00e3o e a sua imigra\u00e7\u00e3o. Uns prosperar\u00e3o, outros deperecer\u00e3o. Haver\u00e1 talvez Chiles ricos e haver\u00e1 certamente Nicar\u00e1guas grotescas. A Am\u00e9rica do Sul ficar\u00e1 toda coberta com os cacos de um grande imp\u00e9rio.<\/td>\n<td>\u201d<\/td>\n<\/tr>\n<\/tbody>\n<\/table>\n<div class=\"thumb tright\" style=\"text-align: justify;\">\n<div class=\"thumbinner\"><a class=\"image\" href=\"https:\/\/pt.wikipedia.org\/wiki\/Ficheiro:Charge_da_Proclama%C3%A7%C3%A3o_da_Rep%C3%BAblica_brasileira_(El_Mosquito).jpg\"><img loading=\"lazy\" decoding=\"async\" class=\"thumbimage\" src=\"https:\/\/upload.wikimedia.org\/wikipedia\/commons\/thumb\/2\/2d\/Charge_da_Proclama%C3%A7%C3%A3o_da_Rep%C3%BAblica_brasileira_%28El_Mosquito%29.jpg\/300px-Charge_da_Proclama%C3%A7%C3%A3o_da_Rep%C3%BAblica_brasileira_%28El_Mosquito%29.jpg\" srcset=\"\/\/upload.wikimedia.org\/wikipedia\/commons\/thumb\/2\/2d\/Charge_da_Proclama%C3%A7%C3%A3o_da_Rep%C3%BAblica_brasileira_%28El_Mosquito%29.jpg\/450px-Charge_da_Proclama%C3%A7%C3%A3o_da_Rep%C3%BAblica_brasileira_%28El_Mosquito%29.jpg 1.5x, \/\/upload.wikimedia.org\/wikipedia\/commons\/thumb\/2\/2d\/Charge_da_Proclama%C3%A7%C3%A3o_da_Rep%C3%BAblica_brasileira_%28El_Mosquito%29.jpg\/600px-Charge_da_Proclama%C3%A7%C3%A3o_da_Rep%C3%BAblica_brasileira_%28El_Mosquito%29.jpg 2x\" alt=\"\" width=\"300\" height=\"133\" data-file-width=\"903\" data-file-height=\"400\" \/><\/a><\/p>\n<div class=\"thumbcaption\">\n<div class=\"magnify\"><a title=\"Charge\" href=\"https:\/\/pt.wikipedia.org\/wiki\/Charge\">Charge<\/a>\u00a0retratando a proclama\u00e7\u00e3o da rep\u00fablica brasileira (<i><a class=\"mw-redirect\" title=\"El Mosquito\" href=\"https:\/\/pt.wikipedia.org\/wiki\/El_Mosquito\">El Mosquito<\/a><\/i>, 24 de novembro\/1889).<\/div>\n<\/div>\n<\/div>\n<\/div>\n<p style=\"text-align: justify;\">O soci\u00f3logo\u00a0<a title=\"Gilberto Freyre\" href=\"https:\/\/pt.wikipedia.org\/wiki\/Gilberto_Freyre\">Gilberto Freyre<\/a>\u00a0entendeu que E\u00e7a de Queir\u00f3s errou redondamente:<sup id=\"cite_ref-ReferenceA_19-1\" class=\"reference\"><a href=\"https:\/\/pt.wikipedia.org\/wiki\/Proclama%C3%A7%C3%A3o_da_Rep%C3%BAblica_do_Brasil#cite_note-ReferenceA-19\">[19]<\/a><\/sup><\/p>\n<table class=\"cquote\" role=\"presentation\">\n<tbody>\n<tr>\n<td>\u201c<\/td>\n<td>Profecia que de modo algum se realizou. E n\u00e3o se realizou por lhe ter faltado quase de todo consist\u00eancia sociol\u00f3gica; ou ter se baseado apenas numa estreita parassociologia, quando muito, pol\u00edtica; e esta quase inteiramente l\u00f3gica. L\u00f3gica e de gabinete: nem sequer intuitiva no seu arrojo prof\u00e9tico [&#8230;] O &#8220;cora\u00e7\u00e3o \u00edntimo&#8221; dos brasileiros da \u00e9poca que se seguiu \u00e0 proclama\u00e7\u00e3o da rep\u00fablica, se examinado de perto [&#8230;] haveria de mostrar-lhe que existia entre a gente do Brasil, do Norte ao Sul do pa\u00eds, uma unidade nacional j\u00e1 t\u00e3o forte, quanto \u00e0s cren\u00e7as, aos costumes, aos sentimentos, aos jogos, aos brinquedos dessa mesma gente, quase toda ela de forma\u00e7\u00e3o patriarcal, cat\u00f3lica e ib\u00e9rica nas predomin\u00e2ncias dos seus caracter\u00edsticos, que n\u00e3o seria com a simples e superficial mudan\u00e7a de regime pol\u00edtico, que aquele conjunto de valores e de constantes de repente se desmancharia!<\/td>\n<td>\u201d<\/td>\n<\/tr>\n<\/tbody>\n<\/table>\n<p style=\"text-align: justify;\">Fonte:\u00a0 ttps:\/\/pt.wikipedia.org\/wiki\/Proclama%C3%A7%C3%A3o_da_Rep%C3%BAblica_do_Brasil<\/p>\n","protected":false},"excerpt":{"rendered":"<p>A\u00a0Proclama\u00e7\u00e3o da Rep\u00fablica Brasileira, tamb\u00e9m referida na\u00a0Hist\u00f3ria do Brasil\u00a0como\u00a0Golpe Republicano,[1]\u00a0foi um\u00a0golpe de Estado\u00a0pol\u00edtico&#8211;militar, ocorrido em\u00a015 de novembro\u00a0de\u00a01889, que instaurou a forma\u00a0republicana\u00a0presidencialista\u00a0de governo no\u00a0Brasil, encerrando a\u00a0monarquia constitucional\u00a0parlamentarista\u00a0do\u00a0Imp\u00e9rio\u00a0e, por conseguinte, destituindo o ent\u00e3o\u00a0chefe de Estado,\u00a0imperador\u00a0D. Pedro II, que em seguida recebeu ordens de partir para o ex\u00edlio na\u00a0Europa.[2] A proclama\u00e7\u00e3o ocorreu na Pra\u00e7a da Aclama\u00e7\u00e3o (atual\u00a0Pra\u00e7a da [&hellip;]<\/p>\n","protected":false},"author":1,"featured_media":56354,"comment_status":"closed","ping_status":"open","sticky":false,"template":"","format":"standard","meta":{"footnotes":""},"categories":[110,116],"tags":[],"class_list":["post-56353","post","type-post","status-publish","format-standard","has-post-thumbnail","hentry","category-noticiasdestaque","category-politicaeeconomia"],"_links":{"self":[{"href":"https:\/\/jorgezanoni.com.br\/2019\/wp-json\/wp\/v2\/posts\/56353","targetHints":{"allow":["GET"]}}],"collection":[{"href":"https:\/\/jorgezanoni.com.br\/2019\/wp-json\/wp\/v2\/posts"}],"about":[{"href":"https:\/\/jorgezanoni.com.br\/2019\/wp-json\/wp\/v2\/types\/post"}],"author":[{"embeddable":true,"href":"https:\/\/jorgezanoni.com.br\/2019\/wp-json\/wp\/v2\/users\/1"}],"replies":[{"embeddable":true,"href":"https:\/\/jorgezanoni.com.br\/2019\/wp-json\/wp\/v2\/comments?post=56353"}],"version-history":[{"count":0,"href":"https:\/\/jorgezanoni.com.br\/2019\/wp-json\/wp\/v2\/posts\/56353\/revisions"}],"wp:featuredmedia":[{"embeddable":true,"href":"https:\/\/jorgezanoni.com.br\/2019\/wp-json\/wp\/v2\/media\/56354"}],"wp:attachment":[{"href":"https:\/\/jorgezanoni.com.br\/2019\/wp-json\/wp\/v2\/media?parent=56353"}],"wp:term":[{"taxonomy":"category","embeddable":true,"href":"https:\/\/jorgezanoni.com.br\/2019\/wp-json\/wp\/v2\/categories?post=56353"},{"taxonomy":"post_tag","embeddable":true,"href":"https:\/\/jorgezanoni.com.br\/2019\/wp-json\/wp\/v2\/tags?post=56353"}],"curies":[{"name":"wp","href":"https:\/\/api.w.org\/{rel}","templated":true}]}}