{"id":56350,"date":"2021-11-15T16:39:06","date_gmt":"2021-11-15T16:39:06","guid":{"rendered":"https:\/\/jorgezanoni.com.br\/2019\/?p=56350"},"modified":"2021-11-15T16:39:06","modified_gmt":"2021-11-15T16:39:06","slug":"policia-militar-confira-algumas-ocorrencias-registradas-nas-ultimas-horas","status":"publish","type":"post","link":"https:\/\/jorgezanoni.com.br\/2019\/policia-militar-confira-algumas-ocorrencias-registradas-nas-ultimas-horas\/","title":{"rendered":"POL\u00cdCIA MILITAR: Confira algumas ocorr\u00eancias registradas nas \u00faltimas horas"},"content":{"rendered":"<p style=\"text-align: justify;\">OCORR\u00caNCIA DE VIOL\u00caNCIA DOM\u00c9STICA EM OSVALDO CRUZ COM PRIS\u00c3O EM FLAGRANTE, TEM FATO INESPERADO GERANDO O REGISTRO DE OUTRA OCORR\u00caNCIA, FURTO.<\/p>\n<p style=\"text-align: justify;\">Em Osvaldo Cruz, ap\u00f3s ferir esposa com uma tesoura, homem \u00e9 preso pela Pol\u00edcia Militar pelo crime de viol\u00eancia dom\u00e9stica.<br \/>\nOcorr\u00eancia registrada neste s\u00e1bado, 13, 21h36min, na Rua Armando Sales- Vila Esperan\u00e7a.<\/p>\n<p style=\"text-align: justify;\">Ap\u00f3s solicita\u00e7\u00e3o via COPOM para atendimento de ocorr\u00eancia versando sobre viol\u00eancia dom\u00e9stica, policiais militares deslocaram ao local dos fatos onde o autor, 41 anos, estava em luta corporal com seu irm\u00e3o (cunhado da v\u00edtima e testemunha dos fatos, 21 anos) que era apoiado pela equipe do Corpo de Bombeiros na tentativa de sua imobiliza\u00e7\u00e3o. Com a chegada dos militares, mesmo oferendo muita resist\u00eancia, foi contido e algemado. A v\u00edtima, esposa do autor, 53 anos, estava homiziada no interior da resid\u00eancia, apresentando uma les\u00e3o, com sangramento, na perna, altura da coxa, causado pelo golpe do autor com uma tesoura. Necessitou de atendimento m\u00e9dico e foi liberada. Indiv\u00edduo recebeu voz de pris\u00e3o em flagrante delito pelo crime de viol\u00eancia dom\u00e9stica e familiar \u201cLei Maria da Penha: amea\u00e7a\/les\u00e3o corporal. Permaneceu preso \u00e1 disposi\u00e7\u00e3o da Justi\u00e7a.<\/p>\n<p style=\"text-align: justify;\">O INESPERADO!<br \/>\nNo plant\u00e3o de Adamantina, j\u00e1 domingo, 14, 01h16min, ao t\u00e9rmino da apresenta\u00e7\u00e3o da ocorr\u00eancia de viol\u00eancia dom\u00e9stica (de Osvaldo Cruz), o irm\u00e3o do autor e testemunha dos fatos (21 anos), sentiu a falta de sua carteira contendo R$ 70,00, e relatou o fato ao militares. Na ocasi\u00e3o foram realizadas dilig\u00eancias no interior do local, por\u00e9m, sem \u00eaxito. Durante as buscas, um indiv\u00edduo 50 anos, autor de crime de viol\u00eancia dom\u00e9stica havida no munic\u00edpio de Pacaembu\/SP, acompanhado de militares daquele munic\u00edpio ao ver a movimenta\u00e7\u00e3o das buscas pela carteira, mudou seu comportamento levantando suspeitas. Questionado, acabou confessando o furto da carteira subtraindo o dinheiro que estava guardado em seu bolso. Livre do crime de viol\u00eancia dom\u00e9stica havido em Pacaembu, foi preso em flagrante delito pelo crime de furto.<br \/>\nEm Osvaldo Ctuz, adolescente dispensa maconha ao avistar a viatura da Pol\u00edcia Militar.<\/p>\n<p style=\"text-align: justify;\">S\u00e1bado, 13, 10h27min, durante patrulhamento pelo Bairro Valter Siviero, policiais militares avistaram o adolescente, 16 anos, conhecido nos meios policiais por envolvimento com tr\u00e1fico de drogas, que, ao notar a presen\u00e7a da viatura dispensou algo ao solo, motivando sua abordagem. Na busca pessoal nada de il\u00edcito foi localizado e questionado sobre o que tinha dispensado, informou que se tratava de um cigarro artesanal de maconha, que foi localizado pelos militares. Por se tratar de indiv\u00edduos com in\u00fameras denuncias de que estaria na pr\u00e1tica il\u00edcita de tr\u00e1fico de drogas, foi realizado dilig\u00eancias em sua resid\u00eancia, Rua Rosalvo Balbino dos Santos, sendo encontrado no beliche do quarto do infrator, um inv\u00f3lucro de maconha. Apreendido por ato infracional\/porte de drogas, foi conduzido ao plant\u00e3o (acompanhado por sua genitora); liberado ap\u00f3s ser ouvido.<\/p>\n<p style=\"text-align: justify;\">POL\u00cdCIA MILITAR CAPTURA HOMEM PROCURADO DA JUSTI\u00c7A EM PAULIC\u00c9IA<\/p>\n<p style=\"text-align: justify;\">Na data de ontem (14), por volta das 22h30m, pela Av. das Ind\u00fastrias, a unidade de servi\u00e7o da Pol\u00edcia Militar de Paulic\u00e9ia, durante patrulhamento abordou um indiv\u00edduo a p\u00e9 (homem, 45 anos) em atitude suspeita, ao realizar pesquisa criminal junto ao Copom, foi constatado que o indiv\u00edduo estava procurado da justi\u00e7a, tendo em seu desfavor Mandado de Pris\u00e3o em regime fechado com pena de 02 anos e 11 meses pelo crime de furto. Diante dos fatos o indiv\u00edduo foi preso permanecendo \u00e0 disposi\u00e7\u00e3o da Justi\u00e7a.<\/p>\n<p style=\"text-align: justify;\">#25BPMI4CIAPM<br \/>\n#POL\u00cdCIAMILITARSP<br \/>\n#AFOR\u00c7AP\u00daBLICADES\u00c3OPAULO<\/p>\n<p style=\"text-align: justify;\">Comunica\u00e7\u00e3o social do 25\u2070 BPM\/I 4\u00aa CIA PM<\/p>\n<p style=\"text-align: justify;\">HOMEM \u00c9 PRESO POR EMBRIAGUEZ AO VOLANTE EM PAULIC\u00c9IA<\/p>\n<p style=\"text-align: justify;\">O FATO SE DEU NA NOITE DE S\u00c1BADO (13), PELO MUNIC\u00cdPIO DE PAULIC\u00c9IA.<br \/>\nA EQUIPE DA POL\u00cdCIA MILITAR REALIZAVA ABORDAGENS \u00c0 VE\u00cdCULO PELA ESTRADA VICINAL CARVALHO SOBRINHO, MOMENTO EM QUE O VE\u00cdCULO VW\/KOMBI PICK UP, COR BRANCA, INVADIU A CONTRAM\u00c3O DE DIRE\u00c7\u00c3O, QUASE ATROPELANDO OS POLICIAIS. DE IMEDIATO O CONDUTOR FOI ABORDADO E CONSTATADO QUE ELE APRESENTAVA SINAIS DE EMBRIAGUEZ, TA\u00cdS COMO: OLHOS AVERMELHADOS, FALA PASTOSA, FORTE ODOR ET\u00cdLICO E DIFICULDADE NO EQUIL\u00cdBRIO; SENDO ENT\u00c3O O CONDUTOR CONVIDADO A REALIZAR O TESTE NO ETIL\u00d4METRO, O QUAL ACEITOU, SENDO AFERIDO 1,54 MG POR LITROS DE AR ALVEOLAR.<br \/>\nDIANTE DOS FATOS, FOI DADA VOZ DE PRIS\u00c3O EM FLAGRANTE, E PERMANECENDO A DISPOSI\u00c7\u00c3O DA JUSTI\u00c7A. AL\u00c9M DE DIRIGIR SOB INFLU\u00caNCIA DE \u00c1LCOOL O VE\u00cdCULO ENCONTRAVA-SE COM O CLA VENCIDO, E O CONDUTOR COM A CNH VENCIDA.<\/p>\n<p>#25BPMI4CIAPM<br \/>\n#POLICIAMILITARSP<br \/>\n#AFOR\u00c7AP\u00daBLICADES\u00c3OPAULO<\/p>\n<p>COMUNICA\u00c7\u00c3O SOCIAL DO 25\u00ba BPM\/I 4\u00aa CIA PM.<\/p>\n<p>POLICIA MILITAR LOCALIZA DROGA EM TERRENO BALDIO EM DRACENA<\/p>\n<p>RUA MARECHAL DEODORO DA FONSECA (TERRENO BALDIO )<\/p>\n<p>DATA 13\/11\/21 As 16 :20 Hs<\/p>\n<p>AUTORES : MASCULINO, 33 ANOS<br \/>\nMASCULINO 38 anos MASCULINO 45 ANOS<\/p>\n<p>DROGA: 266 GRAMAS DE MACONHA<\/p>\n<p>NA DATA DE ONTEM 13 POR VOLTA DAS 16H20MIN A EQUIPE DA POL\u00cdCIA MILITAR RECEBEU INFORMA\u00c7\u00d5ES QUE PELA RUA MARECHAL DEODORO DA FONSECA DENTRO DE UM TERRENO BALDIO TERIA VARIOS INDIVIDUOS REALIZANDO O TRAFICO DE DROGAS E DESLOCAMOS PARA O LOCAL SENDO AVISTADO TR\u00caS INDIV\u00cdDUOS NO INTERIOR DO TERRENO BALDIO E REALIZADO A BUSCA PESSOAL E NADA DE ILICITO ENCONTRADO E PROXIMO DOS INDIV\u00cdDUO FOI LOCALIZADO UMA PEQUENA FACA E UMA BOLSA PEQUENA DE COR PRETA E NO INTERIOR 11 POR\u00c7\u00d5ES DE TAMANHO GRANDE DE MACONHA E 7 POR\u00c7\u00d5ES PEQUENA PRONT\u2026<\/p>\n<p>EM OSVALDO CRUZ, EQUIPE DE FOR\u00c7A T\u00c1TICA FAZ A CAPTURA DE INDIV\u00cdDUO PROCURADO PELO CRIME DE ROUBO.<\/p>\n<p>Ocorr\u00eancia havida neste s\u00e1bado, 13, as 18h05min.<\/p>\n<p>DURANTE PATRULHAMENTO PELA RUA BENEDITO CASSIRARGHI, OS MILITARES REALIZARAM ABORDAGEM AO INDIV\u00cdDUO, 32 ANOS, A QUAL, EM PESQUISAS A SEUS DADOS FOI CONSTATADO A EXIST\u00caNCIA DE MANDADO DE PRIS\u00c3O CONFORME ART 157. CONDUZIDO AO PLANT\u00c3O, PERMANECEU PRESO A DISPOSI\u00c7\u00c3O DA JUSTI\u00c7A.<\/p>\n<p>Fonte: Comunica\u00e7\u00e3o social do 25\u2070 BPM\/I<\/p>\n","protected":false},"excerpt":{"rendered":"<p>OCORR\u00caNCIA DE VIOL\u00caNCIA DOM\u00c9STICA EM OSVALDO CRUZ COM PRIS\u00c3O EM FLAGRANTE, TEM FATO INESPERADO GERANDO O REGISTRO DE OUTRA OCORR\u00caNCIA, FURTO. Em Osvaldo Cruz, ap\u00f3s ferir esposa com uma tesoura, homem \u00e9 preso pela Pol\u00edcia Militar pelo crime de viol\u00eancia dom\u00e9stica. Ocorr\u00eancia registrada neste s\u00e1bado, 13, 21h36min, na Rua Armando Sales- Vila Esperan\u00e7a. Ap\u00f3s solicita\u00e7\u00e3o [&hellip;]<\/p>\n","protected":false},"author":1,"featured_media":56351,"comment_status":"closed","ping_status":"open","sticky":false,"template":"","format":"standard","meta":{"footnotes":""},"categories":[110,2],"tags":[],"class_list":["post-56350","post","type-post","status-publish","format-standard","has-post-thumbnail","hentry","category-noticiasdestaque","category-policial"],"_links":{"self":[{"href":"https:\/\/jorgezanoni.com.br\/2019\/wp-json\/wp\/v2\/posts\/56350","targetHints":{"allow":["GET"]}}],"collection":[{"href":"https:\/\/jorgezanoni.com.br\/2019\/wp-json\/wp\/v2\/posts"}],"about":[{"href":"https:\/\/jorgezanoni.com.br\/2019\/wp-json\/wp\/v2\/types\/post"}],"author":[{"embeddable":true,"href":"https:\/\/jorgezanoni.com.br\/2019\/wp-json\/wp\/v2\/users\/1"}],"replies":[{"embeddable":true,"href":"https:\/\/jorgezanoni.com.br\/2019\/wp-json\/wp\/v2\/comments?post=56350"}],"version-history":[{"count":0,"href":"https:\/\/jorgezanoni.com.br\/2019\/wp-json\/wp\/v2\/posts\/56350\/revisions"}],"wp:featuredmedia":[{"embeddable":true,"href":"https:\/\/jorgezanoni.com.br\/2019\/wp-json\/wp\/v2\/media\/56351"}],"wp:attachment":[{"href":"https:\/\/jorgezanoni.com.br\/2019\/wp-json\/wp\/v2\/media?parent=56350"}],"wp:term":[{"taxonomy":"category","embeddable":true,"href":"https:\/\/jorgezanoni.com.br\/2019\/wp-json\/wp\/v2\/categories?post=56350"},{"taxonomy":"post_tag","embeddable":true,"href":"https:\/\/jorgezanoni.com.br\/2019\/wp-json\/wp\/v2\/tags?post=56350"}],"curies":[{"name":"wp","href":"https:\/\/api.w.org\/{rel}","templated":true}]}}