{"id":56268,"date":"2021-11-14T18:55:38","date_gmt":"2021-11-14T18:55:38","guid":{"rendered":"https:\/\/jorgezanoni.com.br\/2019\/?p=56268"},"modified":"2021-11-14T18:55:38","modified_gmt":"2021-11-14T18:55:38","slug":"programa-parkinson-da-unifadra-sera-apresentado-no-congresso-brasileiro-de-atividade-fisica-e-saude","status":"publish","type":"post","link":"https:\/\/jorgezanoni.com.br\/2019\/programa-parkinson-da-unifadra-sera-apresentado-no-congresso-brasileiro-de-atividade-fisica-e-saude\/","title":{"rendered":"Programa Parkinson da Unifadra ser\u00e1 apresentado no Congresso Brasileiro de Atividade F\u00edsica e Sa\u00fade"},"content":{"rendered":"<p style=\"text-align: justify;\"><i><strong>O Congresso \u00e9 bienal e promovido pela Sociedade Brasileira de Atividade F\u00edsica e Sa\u00fade.<\/strong><br \/>\n<\/i><br \/>\n<span style=\"font-size: large;\">Entre os dias 16 e 19 de novembro, ser\u00e1 realizado o 13\u00ba Congresso Brasileiro de Atividade F\u00edsica e Sa\u00fade (CBAFS). O evento \u00e9 considerado um dos maiores do Brasil na \u00e1rea de atividade f\u00edsica e sa\u00fade. No dia 18, \u00e0s 10h, a Unifadra participa do congresso apresentando os resultados de uma solu\u00e7\u00e3o proposta no Programa Parkinson para continuar apoiando os pacientes no per\u00edodo em que as atividades presenciais foram suspensas pela pandemia da Covid-19.<\/span><\/p>\n<p><span style=\"font-size: large;\">Esta solu\u00e7\u00e3o foi a implanta\u00e7\u00e3o de um &#8220;Guia de exerc\u00edcios domiciliares&#8221; no per\u00edodo de isolamento social, a fim de oferecer uma op\u00e7\u00e3o de atividade f\u00edsica domiciliar segura e pr\u00e1tica aos pacientes do programa &#8211; elaborado pelo\u00a0<\/span>GEPEMAFS<span style=\"font-size: large;\">\u00a0(equipe multidisciplinar dos cursos de Educa\u00e7\u00e3o F\u00edsica, Enfermagem, Psicologia e Medicina da Unifadra), grupo respons\u00e1vel pela realiza\u00e7\u00e3o do Programa Parkinson.<\/span><\/p>\n<p><span style=\"font-size: large;\">Segundo a\u00a0<\/span>Prof. Dra.<span style=\"font-size: large;\">\u00a0Denise Rodrigues Bueno, coordenadora do Programa Parkinson e do\u00a0<\/span>GEPEMAFS, &#8220;observamos<span style=\"font-size: large;\">\u00a0que durante o isolamento, o Guia e as atividades \u00e0 dist\u00e2ncia trouxeram retornos positivos, com boa contribui\u00e7\u00e3o para a melhora na qualidade de vida. Um trabalho de conclus\u00e3o de curso conduzido no projeto mostrou boa ades\u00e3o ao Guia&#8221;. Al\u00e9m disso, ressaltou que &#8220;o Projeto Parkinson se mostra como uma alternativa de interven\u00e7\u00e3o n\u00e3o medicamentosa para melhora da funcionalidade, de intera\u00e7\u00e3o social e lazer. Com ele, notamos diferen\u00e7as positivas nos testes motores dos pacientes, especialmente no teste TUG (Timed Up and Go)&#8221;.<\/span><\/p>\n<p><span style=\"font-size: large;\">O diretor acad\u00eamico Enio Garbelini destaca que &#8220;o interc\u00e2mbio de importantes informa\u00e7\u00f5es entre pesquisadores, professores, extensionistas, estudantes de gradua\u00e7\u00e3o e p\u00f3s-gradua\u00e7\u00e3o proporcionado por este congresso nacional \u00e9 essencial para viabilizar novas perspectivas para os profissionais das \u00e1reas de atividade f\u00edsica, bem como para promover o desenvolvimento da sa\u00fade&#8221;.<\/span><\/p>\n<p><span style=\"font-size: large;\">&#8220;Parabenizamos os acad\u00eamicos e a equipe do Programa Parkinson da Unifadra pela participa\u00e7\u00e3o em mais um relevante congresso, com a exposi\u00e7\u00e3o do trabalho &#8216;Programa Parkinson: antes e durante a pandemia da COVID-19&#8217; (RU-625) no evento:\u00a0<\/span>Prof. Dra.<span style=\"font-size: large;\">\u00a0Denise Rodrigues Bueno, Profa. Ma. Luciana Sanae Ota e o estudante de Medicina Leonardo Medeiro Oliveira&#8221;.<\/span><\/p>\n<p><span style=\"font-size: large;\"><b>Programa Parkinson<\/b><\/span><\/p>\n<p><span style=\"font-size: large;\">O Programa Parkinson \u00e9 realizado desde 2018 por meio de uma parceria entre a Funda\u00e7\u00e3o Dracenense de Educa\u00e7\u00e3o e Cultura (Fundec), mantenedora da Unifadra, com a Prefeitura Municipal de Dracena (Secretaria Municipal de Sa\u00fade). Atende gratuitamente pacientes com doen\u00e7a de Parkinson, oferecendo atividade f\u00edsica e apoio psicol\u00f3gico, a fim de observar os efeitos na funcionalidade, sa\u00fade e qualidade de vida dos indiv\u00edduos com a doen\u00e7a. Realizado em duas sess\u00f5es semanais de 60 minutos, durante todo o ano, o trabalho consiste em atividades de marcha, coordena\u00e7\u00e3o, flexibilidade, for\u00e7a, equil\u00edbrio e controle postural. Acompanhe as novidades do programa em:\u00a0<a href=\"https:\/\/www.instagram.com\/parkinson.unifadra\" target=\"_blank\" rel=\"noopener noreferrer\">https:\/\/www.instagram.com\/parkinson.unifadra<\/a><\/span><\/p>\n<p><b><span style=\"font-size: large;\">GEPEMAFS<\/span><\/b><\/p>\n<p><span style=\"font-size: large;\">O Grupo de Estudo e Pesquisa Multidisciplinar em Atividade F\u00edsica e Sa\u00fade\u00a0<\/span>(GEPEMAFS)<span style=\"font-size: large;\">\u00a0estuda a intera\u00e7\u00e3o entre atividade f\u00edsica e sa\u00fade e desenvolve programas de atividade f\u00edsica por meio de projetos de extens\u00e3o do curso de Educa\u00e7\u00e3o F\u00edsica da Unifadra &#8211; em especial o Programa Parkinson. O grupo \u00e9 liderado por uma docente do curso de Educa\u00e7\u00e3o F\u00edsica e conta com a participa\u00e7\u00e3o de discentes dos cursos de Educa\u00e7\u00e3o F\u00edsica, Enfermagem, Psicologia e Medicina da Unifadra.<\/span><\/p>\n<p>Fonte: Depto. de Comunica\u00e7\u00e3o da Fundec<\/p>\n","protected":false},"excerpt":{"rendered":"<p>O Congresso \u00e9 bienal e promovido pela Sociedade Brasileira de Atividade F\u00edsica e Sa\u00fade. Entre os dias 16 e 19 de novembro, ser\u00e1 realizado o 13\u00ba Congresso Brasileiro de Atividade F\u00edsica e Sa\u00fade (CBAFS). O evento \u00e9 considerado um dos maiores do Brasil na \u00e1rea de atividade f\u00edsica e sa\u00fade. No dia 18, \u00e0s 10h, [&hellip;]<\/p>\n","protected":false},"author":1,"featured_media":56269,"comment_status":"closed","ping_status":"open","sticky":false,"template":"","format":"standard","meta":{"footnotes":""},"categories":[110,122],"tags":[],"class_list":["post-56268","post","type-post","status-publish","format-standard","has-post-thumbnail","hentry","category-noticiasdestaque","category-saudeeducacaoeconcurso"],"_links":{"self":[{"href":"https:\/\/jorgezanoni.com.br\/2019\/wp-json\/wp\/v2\/posts\/56268","targetHints":{"allow":["GET"]}}],"collection":[{"href":"https:\/\/jorgezanoni.com.br\/2019\/wp-json\/wp\/v2\/posts"}],"about":[{"href":"https:\/\/jorgezanoni.com.br\/2019\/wp-json\/wp\/v2\/types\/post"}],"author":[{"embeddable":true,"href":"https:\/\/jorgezanoni.com.br\/2019\/wp-json\/wp\/v2\/users\/1"}],"replies":[{"embeddable":true,"href":"https:\/\/jorgezanoni.com.br\/2019\/wp-json\/wp\/v2\/comments?post=56268"}],"version-history":[{"count":0,"href":"https:\/\/jorgezanoni.com.br\/2019\/wp-json\/wp\/v2\/posts\/56268\/revisions"}],"wp:featuredmedia":[{"embeddable":true,"href":"https:\/\/jorgezanoni.com.br\/2019\/wp-json\/wp\/v2\/media\/56269"}],"wp:attachment":[{"href":"https:\/\/jorgezanoni.com.br\/2019\/wp-json\/wp\/v2\/media?parent=56268"}],"wp:term":[{"taxonomy":"category","embeddable":true,"href":"https:\/\/jorgezanoni.com.br\/2019\/wp-json\/wp\/v2\/categories?post=56268"},{"taxonomy":"post_tag","embeddable":true,"href":"https:\/\/jorgezanoni.com.br\/2019\/wp-json\/wp\/v2\/tags?post=56268"}],"curies":[{"name":"wp","href":"https:\/\/api.w.org\/{rel}","templated":true}]}}