{"id":56265,"date":"2021-11-14T18:43:50","date_gmt":"2021-11-14T18:43:50","guid":{"rendered":"https:\/\/jorgezanoni.com.br\/2019\/?p=56265"},"modified":"2021-11-14T18:43:50","modified_gmt":"2021-11-14T18:43:50","slug":"fundec-abre-processo-seletivo-para-contratacoes","status":"publish","type":"post","link":"https:\/\/jorgezanoni.com.br\/2019\/fundec-abre-processo-seletivo-para-contratacoes\/","title":{"rendered":"Fundec abre processo seletivo para contrata\u00e7\u00f5es"},"content":{"rendered":"<p style=\"text-align: justify;\">A Funda\u00e7\u00e3o Dracenense de Educa\u00e7\u00e3o e Cultura (Fundec) est\u00e1 contratando para vagas administrativas e de doc\u00eancia e abriu inscri\u00e7\u00f5es para o Processo Seletivo 02\/2021. O edital est\u00e1 dispon\u00edvel no link\u00a0<a href=\"https:\/\/fundec.edu.br\/editais\" target=\"_blank\" rel=\"noopener noreferrer\">https:\/\/fundec.edu.br\/editais<\/a>\u00a0e os interessados devem acessar o bot\u00e3o &#8220;Portal de Inscri\u00e7\u00f5es&#8221; para se candidatar \u00e0s vagas, at\u00e9 o\u00a0<b>dia 23\/11<\/b>.<\/p>\n<p>Os cargos\u00a0<b>administrativos<\/b>\u00a0s\u00e3o para Auxiliar Administrativo, Assistente de Atividades Ambulatoriais, Servente de Limpeza Feminino e Servente de Limpeza Masculino.<\/p>\n<p>Os cargos de\u00a0<b>doc\u00eancia<\/b>\u00a0s\u00e3o para professores do Ensino Fundamental e M\u00e9dio (F\u00edsica e Matem\u00e1tica) e do Ensino Superior para os cursos de An\u00e1lise e Desenvolvimento de Sistemas, Educa\u00e7\u00e3o F\u00edsica, Medicina (Medicina, Farm\u00e1cia e Fisioterapia) e Pedagogia (Tecnologia e Educa\u00e7\u00e3o).<\/p>\n<p>A prova escrita ser\u00e1 realizada no dia\u00a0<b>27\/11, \u00e0s 14h, na Unifadra<\/b>. Nos casos necess\u00e1rios, os candidatos classificados ser\u00e3o convocados para as provas pr\u00e1tica e de did\u00e1tica pr\u00e1tica.<\/p>\n<p>O\u00a0<b>resultado<\/b>\u00a0da prova escrita ser\u00e1 divulgado no dia 09\/12.<\/p>\n<p>Compartilhe:\u00a0<a href=\"https:\/\/www.facebook.com\/fundecdracena\/posts\/1754809101375575\" target=\"_blank\" rel=\"noopener noreferrer\">facebook.com\/fundecdracena\/posts\/1754809101375575<\/a><\/p>\n<p>Fonte: Depto. de Comunica\u00e7\u00e3o da Fundec<\/p>\n","protected":false},"excerpt":{"rendered":"<p>A Funda\u00e7\u00e3o Dracenense de Educa\u00e7\u00e3o e Cultura (Fundec) est\u00e1 contratando para vagas administrativas e de doc\u00eancia e abriu inscri\u00e7\u00f5es para o Processo Seletivo 02\/2021. O edital est\u00e1 dispon\u00edvel no link\u00a0https:\/\/fundec.edu.br\/editais\u00a0e os interessados devem acessar o bot\u00e3o &#8220;Portal de Inscri\u00e7\u00f5es&#8221; para se candidatar \u00e0s vagas, at\u00e9 o\u00a0dia 23\/11. Os cargos\u00a0administrativos\u00a0s\u00e3o para Auxiliar Administrativo, Assistente de Atividades [&hellip;]<\/p>\n","protected":false},"author":1,"featured_media":56266,"comment_status":"closed","ping_status":"open","sticky":false,"template":"","format":"standard","meta":{"footnotes":""},"categories":[110,122],"tags":[],"class_list":["post-56265","post","type-post","status-publish","format-standard","has-post-thumbnail","hentry","category-noticiasdestaque","category-saudeeducacaoeconcurso"],"_links":{"self":[{"href":"https:\/\/jorgezanoni.com.br\/2019\/wp-json\/wp\/v2\/posts\/56265","targetHints":{"allow":["GET"]}}],"collection":[{"href":"https:\/\/jorgezanoni.com.br\/2019\/wp-json\/wp\/v2\/posts"}],"about":[{"href":"https:\/\/jorgezanoni.com.br\/2019\/wp-json\/wp\/v2\/types\/post"}],"author":[{"embeddable":true,"href":"https:\/\/jorgezanoni.com.br\/2019\/wp-json\/wp\/v2\/users\/1"}],"replies":[{"embeddable":true,"href":"https:\/\/jorgezanoni.com.br\/2019\/wp-json\/wp\/v2\/comments?post=56265"}],"version-history":[{"count":0,"href":"https:\/\/jorgezanoni.com.br\/2019\/wp-json\/wp\/v2\/posts\/56265\/revisions"}],"wp:featuredmedia":[{"embeddable":true,"href":"https:\/\/jorgezanoni.com.br\/2019\/wp-json\/wp\/v2\/media\/56266"}],"wp:attachment":[{"href":"https:\/\/jorgezanoni.com.br\/2019\/wp-json\/wp\/v2\/media?parent=56265"}],"wp:term":[{"taxonomy":"category","embeddable":true,"href":"https:\/\/jorgezanoni.com.br\/2019\/wp-json\/wp\/v2\/categories?post=56265"},{"taxonomy":"post_tag","embeddable":true,"href":"https:\/\/jorgezanoni.com.br\/2019\/wp-json\/wp\/v2\/tags?post=56265"}],"curies":[{"name":"wp","href":"https:\/\/api.w.org\/{rel}","templated":true}]}}