{"id":56176,"date":"2021-11-12T16:49:50","date_gmt":"2021-11-12T16:49:50","guid":{"rendered":"https:\/\/jorgezanoni.com.br\/2019\/?p=56176"},"modified":"2021-11-12T16:49:50","modified_gmt":"2021-11-12T16:49:50","slug":"engavetamento-envolve-tres-veiculos-na-sp-294","status":"publish","type":"post","link":"https:\/\/jorgezanoni.com.br\/2019\/engavetamento-envolve-tres-veiculos-na-sp-294\/","title":{"rendered":"Engavetamento envolve tr\u00eas ve\u00edculos na SP-294"},"content":{"rendered":"<p style=\"text-align: justify;\">Um engavetamento ocorrido por volta das 9h10 desta sexta-feira (12) na Rodovia Comandante Jo\u00e3o Ribeiro de Barros \u2013 (SP-294), foi registrado pela Pol\u00edcia Rodovi\u00e1ria \u2013 Base Operacional de Adamantina.<\/p>\n<p style=\"text-align: justify;\"><img loading=\"lazy\" decoding=\"async\" class=\"wp-image-47136 aligncenter\" src=\"https:\/\/i2.wp.com\/ifolharegional.com.br\/wp-content\/uploads\/2021\/11\/WhatsApp-Image-2021-11-12-at-12.01.43.jpeg?resize=588%2C441&amp;ssl=1\" sizes=\"auto, (max-width: 588px) 100vw, 588px\" srcset=\"https:\/\/i2.wp.com\/ifolharegional.com.br\/wp-content\/uploads\/2021\/11\/WhatsApp-Image-2021-11-12-at-12.01.43.jpeg?w=1280&amp;ssl=1 1280w, https:\/\/i2.wp.com\/ifolharegional.com.br\/wp-content\/uploads\/2021\/11\/WhatsApp-Image-2021-11-12-at-12.01.43.jpeg?resize=300%2C225&amp;ssl=1 300w, https:\/\/i2.wp.com\/ifolharegional.com.br\/wp-content\/uploads\/2021\/11\/WhatsApp-Image-2021-11-12-at-12.01.43.jpeg?resize=1024%2C768&amp;ssl=1 1024w, https:\/\/i2.wp.com\/ifolharegional.com.br\/wp-content\/uploads\/2021\/11\/WhatsApp-Image-2021-11-12-at-12.01.43.jpeg?resize=768%2C576&amp;ssl=1 768w\" alt=\"\" width=\"588\" height=\"441\" data-attachment-id=\"47136\" data-permalink=\"https:\/\/ifolharegional.com.br\/2021\/11\/12\/engavetamento-envolve-tres-veiculos-na-sp-294\/whatsapp-image-2021-11-12-at-12-01-43\/\" data-orig-file=\"https:\/\/i2.wp.com\/ifolharegional.com.br\/wp-content\/uploads\/2021\/11\/WhatsApp-Image-2021-11-12-at-12.01.43.jpeg?fit=1280%2C960&amp;ssl=1\" data-orig-size=\"1280,960\" data-comments-opened=\"0\" data-image-meta=\"{&quot;aperture&quot;:&quot;0&quot;,&quot;credit&quot;:&quot;&quot;,&quot;camera&quot;:&quot;&quot;,&quot;caption&quot;:&quot;&quot;,&quot;created_timestamp&quot;:&quot;0&quot;,&quot;copyright&quot;:&quot;&quot;,&quot;focal_length&quot;:&quot;0&quot;,&quot;iso&quot;:&quot;0&quot;,&quot;shutter_speed&quot;:&quot;0&quot;,&quot;title&quot;:&quot;&quot;,&quot;orientation&quot;:&quot;0&quot;}\" data-image-title=\"WhatsApp Image 2021-11-12 at 12.01.43\" data-image-description=\"\" data-image-caption=\"\" data-medium-file=\"https:\/\/i2.wp.com\/ifolharegional.com.br\/wp-content\/uploads\/2021\/11\/WhatsApp-Image-2021-11-12-at-12.01.43.jpeg?fit=300%2C225&amp;ssl=1\" data-large-file=\"https:\/\/i2.wp.com\/ifolharegional.com.br\/wp-content\/uploads\/2021\/11\/WhatsApp-Image-2021-11-12-at-12.01.43.jpeg?fit=740%2C555&amp;ssl=1\" \/><br \/>\nO acidente ocorreu no trecho pertencente ao munic\u00edpio de Pacaembu, pr\u00f3ximo da pra\u00e7a de ped\u00e1gio.<\/p>\n<p style=\"text-align: justify;\"><img loading=\"lazy\" decoding=\"async\" class=\" wp-image-47134 aligncenter\" src=\"https:\/\/i2.wp.com\/ifolharegional.com.br\/wp-content\/uploads\/2021\/11\/WhatsApp-Image-2021-11-12-at-12.02.40.jpeg?resize=588%2C441&amp;ssl=1\" sizes=\"auto, (max-width: 588px) 100vw, 588px\" srcset=\"https:\/\/i2.wp.com\/ifolharegional.com.br\/wp-content\/uploads\/2021\/11\/WhatsApp-Image-2021-11-12-at-12.02.40.jpeg?w=1280&amp;ssl=1 1280w, https:\/\/i2.wp.com\/ifolharegional.com.br\/wp-content\/uploads\/2021\/11\/WhatsApp-Image-2021-11-12-at-12.02.40.jpeg?resize=300%2C225&amp;ssl=1 300w, https:\/\/i2.wp.com\/ifolharegional.com.br\/wp-content\/uploads\/2021\/11\/WhatsApp-Image-2021-11-12-at-12.02.40.jpeg?resize=1024%2C768&amp;ssl=1 1024w, https:\/\/i2.wp.com\/ifolharegional.com.br\/wp-content\/uploads\/2021\/11\/WhatsApp-Image-2021-11-12-at-12.02.40.jpeg?resize=768%2C576&amp;ssl=1 768w\" alt=\"\" width=\"588\" height=\"441\" data-attachment-id=\"47134\" data-permalink=\"https:\/\/ifolharegional.com.br\/2021\/11\/12\/engavetamento-envolve-tres-veiculos-na-sp-294\/whatsapp-image-2021-11-12-at-12-02-40\/\" data-orig-file=\"https:\/\/i2.wp.com\/ifolharegional.com.br\/wp-content\/uploads\/2021\/11\/WhatsApp-Image-2021-11-12-at-12.02.40.jpeg?fit=1280%2C960&amp;ssl=1\" data-orig-size=\"1280,960\" data-comments-opened=\"0\" data-image-meta=\"{&quot;aperture&quot;:&quot;0&quot;,&quot;credit&quot;:&quot;&quot;,&quot;camera&quot;:&quot;&quot;,&quot;caption&quot;:&quot;&quot;,&quot;created_timestamp&quot;:&quot;0&quot;,&quot;copyright&quot;:&quot;&quot;,&quot;focal_length&quot;:&quot;0&quot;,&quot;iso&quot;:&quot;0&quot;,&quot;shutter_speed&quot;:&quot;0&quot;,&quot;title&quot;:&quot;&quot;,&quot;orientation&quot;:&quot;1&quot;}\" data-image-title=\"WhatsApp Image 2021-11-12 at 12.02.40\" data-image-description=\"\" data-image-caption=\"\" data-medium-file=\"https:\/\/i2.wp.com\/ifolharegional.com.br\/wp-content\/uploads\/2021\/11\/WhatsApp-Image-2021-11-12-at-12.02.40.jpeg?fit=300%2C225&amp;ssl=1\" data-large-file=\"https:\/\/i2.wp.com\/ifolharegional.com.br\/wp-content\/uploads\/2021\/11\/WhatsApp-Image-2021-11-12-at-12.02.40.jpeg?fit=740%2C555&amp;ssl=1\" data-recalc-dims=\"1\" \/><br \/>\nOs ve\u00edculos envolvidos foram dois VW Gol e uma pick-up Saveiro. Todos seguiam sentido Irapuru quando houve o engavetamento.<\/p>\n<p style=\"text-align: justify;\"><img loading=\"lazy\" decoding=\"async\" class=\" wp-image-47135 aligncenter\" src=\"https:\/\/i2.wp.com\/ifolharegional.com.br\/wp-content\/uploads\/2021\/11\/WhatsApp-Image-2021-11-12-at-12.01.33.jpeg?resize=586%2C270&amp;ssl=1\" sizes=\"auto, (max-width: 586px) 100vw, 586px\" srcset=\"https:\/\/i2.wp.com\/ifolharegional.com.br\/wp-content\/uploads\/2021\/11\/WhatsApp-Image-2021-11-12-at-12.01.33.jpeg?w=1280&amp;ssl=1 1280w, https:\/\/i2.wp.com\/ifolharegional.com.br\/wp-content\/uploads\/2021\/11\/WhatsApp-Image-2021-11-12-at-12.01.33.jpeg?resize=300%2C138&amp;ssl=1 300w, https:\/\/i2.wp.com\/ifolharegional.com.br\/wp-content\/uploads\/2021\/11\/WhatsApp-Image-2021-11-12-at-12.01.33.jpeg?resize=1024%2C472&amp;ssl=1 1024w, https:\/\/i2.wp.com\/ifolharegional.com.br\/wp-content\/uploads\/2021\/11\/WhatsApp-Image-2021-11-12-at-12.01.33.jpeg?resize=768%2C354&amp;ssl=1 768w\" alt=\"\" width=\"586\" height=\"270\" data-attachment-id=\"47135\" data-permalink=\"https:\/\/ifolharegional.com.br\/2021\/11\/12\/engavetamento-envolve-tres-veiculos-na-sp-294\/whatsapp-image-2021-11-12-at-12-01-33\/\" data-orig-file=\"https:\/\/i2.wp.com\/ifolharegional.com.br\/wp-content\/uploads\/2021\/11\/WhatsApp-Image-2021-11-12-at-12.01.33.jpeg?fit=1280%2C590&amp;ssl=1\" data-orig-size=\"1280,590\" data-comments-opened=\"0\" data-image-meta=\"{&quot;aperture&quot;:&quot;0&quot;,&quot;credit&quot;:&quot;&quot;,&quot;camera&quot;:&quot;&quot;,&quot;caption&quot;:&quot;&quot;,&quot;created_timestamp&quot;:&quot;0&quot;,&quot;copyright&quot;:&quot;&quot;,&quot;focal_length&quot;:&quot;0&quot;,&quot;iso&quot;:&quot;0&quot;,&quot;shutter_speed&quot;:&quot;0&quot;,&quot;title&quot;:&quot;&quot;,&quot;orientation&quot;:&quot;0&quot;}\" data-image-title=\"WhatsApp Image 2021-11-12 at 12.01.33\" data-image-description=\"\" data-image-caption=\"\" data-medium-file=\"https:\/\/i2.wp.com\/ifolharegional.com.br\/wp-content\/uploads\/2021\/11\/WhatsApp-Image-2021-11-12-at-12.01.33.jpeg?fit=300%2C138&amp;ssl=1\" data-large-file=\"https:\/\/i2.wp.com\/ifolharegional.com.br\/wp-content\/uploads\/2021\/11\/WhatsApp-Image-2021-11-12-at-12.01.33.jpeg?fit=740%2C341&amp;ssl=1\" data-recalc-dims=\"1\" \/><br \/>\nSegundo apurado pelo jornalismo Folha Regional junto a Base da Pol\u00edcia Rodovi\u00e1ria de Adamantina, duas pessoas ficaram feridas e foram levadas para o Pronto Socorro de Dracena.<\/p>\n<p style=\"text-align: justify;\">Atuaram nesta ocorr\u00eancia as equipes da concession\u00e1ria que administra a rodovia, Pol\u00edcia Civil e Pol\u00edcia Cient\u00edfica.<\/p>\n<p style=\"text-align: justify;\">Fonte: Folha Regional &#8211; Fotos PMR<\/p>\n","protected":false},"excerpt":{"rendered":"<p>Um engavetamento ocorrido por volta das 9h10 desta sexta-feira (12) na Rodovia Comandante Jo\u00e3o Ribeiro de Barros \u2013 (SP-294), foi registrado pela Pol\u00edcia Rodovi\u00e1ria \u2013 Base Operacional de Adamantina. O acidente ocorreu no trecho pertencente ao munic\u00edpio de Pacaembu, pr\u00f3ximo da pra\u00e7a de ped\u00e1gio. Os ve\u00edculos envolvidos foram dois VW Gol e uma pick-up Saveiro. [&hellip;]<\/p>\n","protected":false},"author":1,"featured_media":56177,"comment_status":"closed","ping_status":"open","sticky":false,"template":"","format":"standard","meta":{"footnotes":""},"categories":[170,110],"tags":[],"class_list":["post-56176","post","type-post","status-publish","format-standard","has-post-thumbnail","hentry","category-acidentes","category-noticiasdestaque"],"_links":{"self":[{"href":"https:\/\/jorgezanoni.com.br\/2019\/wp-json\/wp\/v2\/posts\/56176","targetHints":{"allow":["GET"]}}],"collection":[{"href":"https:\/\/jorgezanoni.com.br\/2019\/wp-json\/wp\/v2\/posts"}],"about":[{"href":"https:\/\/jorgezanoni.com.br\/2019\/wp-json\/wp\/v2\/types\/post"}],"author":[{"embeddable":true,"href":"https:\/\/jorgezanoni.com.br\/2019\/wp-json\/wp\/v2\/users\/1"}],"replies":[{"embeddable":true,"href":"https:\/\/jorgezanoni.com.br\/2019\/wp-json\/wp\/v2\/comments?post=56176"}],"version-history":[{"count":0,"href":"https:\/\/jorgezanoni.com.br\/2019\/wp-json\/wp\/v2\/posts\/56176\/revisions"}],"wp:featuredmedia":[{"embeddable":true,"href":"https:\/\/jorgezanoni.com.br\/2019\/wp-json\/wp\/v2\/media\/56177"}],"wp:attachment":[{"href":"https:\/\/jorgezanoni.com.br\/2019\/wp-json\/wp\/v2\/media?parent=56176"}],"wp:term":[{"taxonomy":"category","embeddable":true,"href":"https:\/\/jorgezanoni.com.br\/2019\/wp-json\/wp\/v2\/categories?post=56176"},{"taxonomy":"post_tag","embeddable":true,"href":"https:\/\/jorgezanoni.com.br\/2019\/wp-json\/wp\/v2\/tags?post=56176"}],"curies":[{"name":"wp","href":"https:\/\/api.w.org\/{rel}","templated":true}]}}