{"id":56173,"date":"2021-11-12T15:59:49","date_gmt":"2021-11-12T15:59:49","guid":{"rendered":"https:\/\/jorgezanoni.com.br\/2019\/?p=56173"},"modified":"2021-11-12T15:59:49","modified_gmt":"2021-11-12T15:59:49","slug":"policia-civil-promove-palestra-sobre-violencia-domestica-para-integrantes-do-projeto-jovem-adolescente-em-dracena","status":"publish","type":"post","link":"https:\/\/jorgezanoni.com.br\/2019\/policia-civil-promove-palestra-sobre-violencia-domestica-para-integrantes-do-projeto-jovem-adolescente-em-dracena\/","title":{"rendered":"Pol\u00edcia Civil promove palestra sobre viol\u00eancia dom\u00e9stica para integrantes do Projeto Jovem Adolescente em Dracena"},"content":{"rendered":"<p style=\"text-align: justify;\">A Pol\u00edcia Civil, por interm\u00e9dio do Setor de Comunica\u00e7\u00e3o Social da Delegacia Seccional de Dracena, realizou nesta quinta-feira (11), em parceria com Institui\u00e7\u00e3o Novo Amanhecer \u201cGuiomar C.A. da Silva\u201d, uma palestra para participantes do Projeto Jovem Adolescente. O projeto \u00e9 voltado para jovens que est\u00e3o em busca da qualifica\u00e7\u00e3o e ingresso no mercado de trabalho, ou seja, o primeiro emprego.<br \/>\nO encontro contou com a participa\u00e7\u00e3o de cerca de 80 adolescentes, e apresenta\u00e7\u00e3o ficou a cargo do investigador de pol\u00edcia Rodrigo Oliveira Freitas, que comentou sobre os crimes cometidos no \u00e2mbito da viol\u00eancia dom\u00e9stica e familiar e explicou sobre a Lei Maria da Penha.<br \/>\nEm Dracena, o atendimento, em casos relacionados viol\u00eancia contra mulheres \u00e9 realizado pela Delegacia de Defesa da Mulher &#8211; DDM.<\/p>\n<p style=\"text-align: justify;\">Fonte: Setor de Comunica\u00e7\u00e3o Social &#8211; Seccional de Dracena<\/p>\n","protected":false},"excerpt":{"rendered":"<p>A Pol\u00edcia Civil, por interm\u00e9dio do Setor de Comunica\u00e7\u00e3o Social da Delegacia Seccional de Dracena, realizou nesta quinta-feira (11), em parceria com Institui\u00e7\u00e3o Novo Amanhecer \u201cGuiomar C.A. da Silva\u201d, uma palestra para participantes do Projeto Jovem Adolescente. O projeto \u00e9 voltado para jovens que est\u00e3o em busca da qualifica\u00e7\u00e3o e ingresso no mercado de trabalho, [&hellip;]<\/p>\n","protected":false},"author":1,"featured_media":56174,"comment_status":"closed","ping_status":"open","sticky":false,"template":"","format":"standard","meta":{"footnotes":""},"categories":[110,2],"tags":[],"class_list":["post-56173","post","type-post","status-publish","format-standard","has-post-thumbnail","hentry","category-noticiasdestaque","category-policial"],"_links":{"self":[{"href":"https:\/\/jorgezanoni.com.br\/2019\/wp-json\/wp\/v2\/posts\/56173","targetHints":{"allow":["GET"]}}],"collection":[{"href":"https:\/\/jorgezanoni.com.br\/2019\/wp-json\/wp\/v2\/posts"}],"about":[{"href":"https:\/\/jorgezanoni.com.br\/2019\/wp-json\/wp\/v2\/types\/post"}],"author":[{"embeddable":true,"href":"https:\/\/jorgezanoni.com.br\/2019\/wp-json\/wp\/v2\/users\/1"}],"replies":[{"embeddable":true,"href":"https:\/\/jorgezanoni.com.br\/2019\/wp-json\/wp\/v2\/comments?post=56173"}],"version-history":[{"count":0,"href":"https:\/\/jorgezanoni.com.br\/2019\/wp-json\/wp\/v2\/posts\/56173\/revisions"}],"wp:featuredmedia":[{"embeddable":true,"href":"https:\/\/jorgezanoni.com.br\/2019\/wp-json\/wp\/v2\/media\/56174"}],"wp:attachment":[{"href":"https:\/\/jorgezanoni.com.br\/2019\/wp-json\/wp\/v2\/media?parent=56173"}],"wp:term":[{"taxonomy":"category","embeddable":true,"href":"https:\/\/jorgezanoni.com.br\/2019\/wp-json\/wp\/v2\/categories?post=56173"},{"taxonomy":"post_tag","embeddable":true,"href":"https:\/\/jorgezanoni.com.br\/2019\/wp-json\/wp\/v2\/tags?post=56173"}],"curies":[{"name":"wp","href":"https:\/\/api.w.org\/{rel}","templated":true}]}}