{"id":56169,"date":"2021-11-12T15:46:13","date_gmt":"2021-11-12T15:46:13","guid":{"rendered":"https:\/\/jorgezanoni.com.br\/2019\/?p=56169"},"modified":"2021-11-12T15:46:13","modified_gmt":"2021-11-12T15:46:13","slug":"unifadra-dracena-abre-inscricoes-para-o-vestibular-de-verao","status":"publish","type":"post","link":"https:\/\/jorgezanoni.com.br\/2019\/unifadra-dracena-abre-inscricoes-para-o-vestibular-de-verao\/","title":{"rendered":"Unifadra Dracena abre inscri\u00e7\u00f5es para o Vestibular de Ver\u00e3o"},"content":{"rendered":"<p style=\"text-align: justify;\"><span style=\"font-size: large;\">Os cursos noturnos de An\u00e1lise e Desenvolvimento de Sistemas, Artes Visuais, Ci\u00eancias Biol\u00f3gicas, Educa\u00e7\u00e3o F\u00edsica, Enfermagem, Letras, Matem\u00e1tica, Pedagogia e Psicologia est\u00e3o com inscri\u00e7\u00f5es abertas, at\u00e9 05\/01\/2022, no Vestibular de Ver\u00e3o da Unifadra.<\/span><\/p>\n<p><span style=\"font-size: large;\">Al\u00e9m de escolher uma \u00e1rea para cursar, os candidatos devem optar por uma das tr\u00eas formas de ingresso:<\/span><\/p>\n<ul style=\"text-align: justify;\">\n<li><span style=\"font-size: large;\">usar a nota do ENEM de 2010 a 2020 (sem a necessidade de realizar uma prova);<\/span><\/li>\n<li><span style=\"font-size: large;\">fazer o vestibular agendado presencial (agendar sua prova no site da Fundec e prestar o vestibular individualmente na institui\u00e7\u00e3o, seguindo os protocolos sanit\u00e1rios) ou<\/span><\/li>\n<li><span style=\"font-size: large;\">realizar a prova on-line (em que os candidatos far\u00e3o uma reda\u00e7\u00e3o on-line, pelo site da Fundec, com data e hor\u00e1rio pr\u00e9-agendados).<\/span><\/li>\n<\/ul>\n<p style=\"text-align: justify;\">\n<span style=\"font-size: large;\">O edital e as inscri\u00e7\u00f5es dos cursos noturnos est\u00e3o dispon\u00edveis no site\u00a0<a href=\"http:\/\/www.fundec.edu.br\/unifadra\/vestibular\" target=\"_blank\" rel=\"noopener noreferrer\">www.fundec.edu.br\/unifadra\/vestibular<\/a>\u00a0.<\/span><br \/>\n<span style=\"font-size: large;\">Centro de Informa\u00e7\u00f5es: (18) 3821-9004 ou (18) 99802-1237 (Whatsapp)<\/span><\/p>\n<p><img loading=\"lazy\" decoding=\"async\" class=\"alignnone size-full wp-image-56170\" src=\"https:\/\/jorgezanoni.com.br\/2019\/wp-content\/uploads\/2021\/11\/vest.png\" alt=\"\" width=\"1000\" height=\"563\" srcset=\"https:\/\/jorgezanoni.com.br\/2019\/wp-content\/uploads\/2021\/11\/vest.png 1000w, https:\/\/jorgezanoni.com.br\/2019\/wp-content\/uploads\/2021\/11\/vest-300x169.png 300w, https:\/\/jorgezanoni.com.br\/2019\/wp-content\/uploads\/2021\/11\/vest-768x432.png 768w, https:\/\/jorgezanoni.com.br\/2019\/wp-content\/uploads\/2021\/11\/vest-696x392.png 696w, https:\/\/jorgezanoni.com.br\/2019\/wp-content\/uploads\/2021\/11\/vest-746x420.png 746w\" sizes=\"auto, (max-width: 1000px) 100vw, 1000px\" \/><\/p>\n<p style=\"text-align: justify;\">Fonte: Departamento de Comunica\u00e7\u00e3o Fundec<\/p>\n","protected":false},"excerpt":{"rendered":"<p>Os cursos noturnos de An\u00e1lise e Desenvolvimento de Sistemas, Artes Visuais, Ci\u00eancias Biol\u00f3gicas, Educa\u00e7\u00e3o F\u00edsica, Enfermagem, Letras, Matem\u00e1tica, Pedagogia e Psicologia est\u00e3o com inscri\u00e7\u00f5es abertas, at\u00e9 05\/01\/2022, no Vestibular de Ver\u00e3o da Unifadra. Al\u00e9m de escolher uma \u00e1rea para cursar, os candidatos devem optar por uma das tr\u00eas formas de ingresso: usar a nota do [&hellip;]<\/p>\n","protected":false},"author":1,"featured_media":56171,"comment_status":"closed","ping_status":"open","sticky":false,"template":"","format":"standard","meta":{"footnotes":""},"categories":[110,122],"tags":[],"class_list":["post-56169","post","type-post","status-publish","format-standard","has-post-thumbnail","hentry","category-noticiasdestaque","category-saudeeducacaoeconcurso"],"_links":{"self":[{"href":"https:\/\/jorgezanoni.com.br\/2019\/wp-json\/wp\/v2\/posts\/56169","targetHints":{"allow":["GET"]}}],"collection":[{"href":"https:\/\/jorgezanoni.com.br\/2019\/wp-json\/wp\/v2\/posts"}],"about":[{"href":"https:\/\/jorgezanoni.com.br\/2019\/wp-json\/wp\/v2\/types\/post"}],"author":[{"embeddable":true,"href":"https:\/\/jorgezanoni.com.br\/2019\/wp-json\/wp\/v2\/users\/1"}],"replies":[{"embeddable":true,"href":"https:\/\/jorgezanoni.com.br\/2019\/wp-json\/wp\/v2\/comments?post=56169"}],"version-history":[{"count":0,"href":"https:\/\/jorgezanoni.com.br\/2019\/wp-json\/wp\/v2\/posts\/56169\/revisions"}],"wp:featuredmedia":[{"embeddable":true,"href":"https:\/\/jorgezanoni.com.br\/2019\/wp-json\/wp\/v2\/media\/56171"}],"wp:attachment":[{"href":"https:\/\/jorgezanoni.com.br\/2019\/wp-json\/wp\/v2\/media?parent=56169"}],"wp:term":[{"taxonomy":"category","embeddable":true,"href":"https:\/\/jorgezanoni.com.br\/2019\/wp-json\/wp\/v2\/categories?post=56169"},{"taxonomy":"post_tag","embeddable":true,"href":"https:\/\/jorgezanoni.com.br\/2019\/wp-json\/wp\/v2\/tags?post=56169"}],"curies":[{"name":"wp","href":"https:\/\/api.w.org\/{rel}","templated":true}]}}