{"id":5616,"date":"2019-09-09T21:08:19","date_gmt":"2019-09-09T21:08:19","guid":{"rendered":"https:\/\/jorgezanoni.com.br\/2019\/?p=5616"},"modified":"2019-09-09T21:08:19","modified_gmt":"2019-09-09T21:08:19","slug":"corpo-de-bebe-recem-nascido-e-encontrado-em-pracinha","status":"publish","type":"post","link":"https:\/\/jorgezanoni.com.br\/2019\/corpo-de-bebe-recem-nascido-e-encontrado-em-pracinha\/","title":{"rendered":"Corpo de beb\u00ea rec\u00e9m-nascido \u00e9 encontrado em Pracinha"},"content":{"rendered":"<h2 class=\"content-head__subtitle\" style=\"text-align: justify;\"><strong>Crian\u00e7a estava dentro de um saco encontrado por um cachorro. Pol\u00edcia Civil investiga o caso, que foi registrado como morte suspeita.<\/strong><\/h2>\n<div class=\"mc-column content-text active-extra-styles \" style=\"text-align: justify;\" data-block-type=\"unstyled\" data-block-weight=\"25\" data-block-id=\"2\">\n<p class=\"content-text__container \" data-track-category=\"Link no Texto\" data-track-links=\"\">O corpo de um beb\u00ea rec\u00e9m-nascido foi encontrado na manh\u00e3 desta segunda-feira (9), em\u00a0<a href=\"https:\/\/g1.globo.com\/sp\/presidente-prudente-regiao\/cidade\/pracinha\/\">Pracinha (SP)<\/a>. A ocorr\u00eancia foi na Avenida da Independ\u00eancia, no Centro.<\/p>\n<\/div>\n<div class=\"wall protected-content\">\n<div class=\"mc-column content-text active-extra-styles \" style=\"text-align: justify;\" data-block-type=\"unstyled\" data-block-weight=\"29\" data-block-id=\"3\">\n<p class=\"content-text__container \" data-track-category=\"Link no Texto\" data-track-links=\"\">De acordo com informa\u00e7\u00f5es preliminares da Pol\u00edcia Militar, um cachorro de ra\u00e7a indefinida achou uma sacola \u2013 com o beb\u00ea dentro \u2013, a desenterrou e levou para casa.<\/p>\n<\/div>\n<div class=\"mc-column content-text active-extra-styles \" style=\"text-align: justify;\" data-block-type=\"unstyled\" data-block-weight=\"41\" data-block-id=\"4\">\n<p class=\"content-text__container \" data-track-category=\"Link no Texto\" data-track-links=\"\">O dono do c\u00e3o, ao sair para trabalhar, viu o animal mordendo \u201calguma coisa\u201d e pensou que se tratava de uma boneca. Contudo, quando foi verificar o que havia na sacola rasgada viu que era uma crian\u00e7a e acionou a pol\u00edcia.<\/p>\n<\/div>\n<div class=\"mc-column content-text active-extra-styles \" style=\"text-align: justify;\" data-block-type=\"unstyled\" data-block-weight=\"18\" data-block-id=\"5\">\n<p class=\"content-text__container \" data-track-category=\"Link no Texto\" data-track-links=\"\">Segundo a Pol\u00edcia Militar, parte do corpinho do beb\u00ea foi ingerido e n\u00e3o foi poss\u00edvel identificar o sexo.<\/p>\n<\/div>\n<div class=\"mc-column content-text active-extra-styles \" style=\"text-align: justify;\" data-block-type=\"unstyled\" data-block-weight=\"16\" data-block-id=\"6\">\n<p class=\"content-text__container \" data-track-category=\"Link no Texto\" data-track-links=\"\">Foram realizadas buscas para tentar identificar de onde foi desenterrado o corpo, mas ainda sem \u00eaxito.<\/p>\n<\/div>\n<div class=\"mc-column content-text active-extra-styles \" style=\"text-align: justify;\" data-block-type=\"unstyled\" data-block-weight=\"4\" data-block-id=\"7\">\n<p class=\"content-text__container \" data-track-category=\"Link no Texto\" data-track-links=\"\">A per\u00edcia foi acionada.<\/p>\n<\/div>\n<div class=\"mc-column content-text active-extra-styles\" style=\"text-align: justify;\" data-block-type=\"raw\" data-block-weight=\"1\" data-block-id=\"8\">\n<div class=\"content-intertitle\">\n<h2>Investiga\u00e7\u00e3o<\/h2>\n<\/div>\n<\/div>\n<div class=\"mc-column content-text active-extra-styles \" style=\"text-align: justify;\" data-block-type=\"unstyled\" data-block-weight=\"16\" data-block-id=\"9\">\n<p class=\"content-text__container \" data-track-category=\"Link no Texto\" data-track-links=\"\">A Pol\u00edcia Civil abriu um inqu\u00e9rito para investigar o caso, que foi registrado como morte suspeita.<\/p>\n<\/div>\n<div class=\"mc-column content-text active-extra-styles \" style=\"text-align: justify;\" data-block-type=\"unstyled\" data-block-weight=\"19\" data-block-id=\"10\">\n<p class=\"content-text__container \" data-track-category=\"Link no Texto\" data-track-links=\"\">O delegado Rodrigo Pigozzi Alabarse informou ao\u00a0<strong>G1\u00a0<\/strong>que dilig\u00eancias s\u00e3o realizadas para tentar localizar algum familiar da crian\u00e7a.<\/p>\n<\/div>\n<div class=\"mc-column content-text active-extra-styles \" style=\"text-align: justify;\" data-block-type=\"unstyled\" data-block-weight=\"21\" data-block-id=\"11\">\n<p class=\"content-text__container \" data-track-category=\"Link no Texto\" data-track-links=\"\">Conforme Alabarse, a pol\u00edcia aguarda laudos da per\u00edcia que poder\u00e3o identificar o sexo do beb\u00ea e tamb\u00e9m a causa da morte.<\/p>\n<\/div>\n<div class=\"mc-column content-text active-extra-styles \" data-block-type=\"unstyled\" data-block-weight=\"15\" data-block-id=\"12\">\n<p class=\"content-text__container \" style=\"text-align: justify;\" data-track-category=\"Link no Texto\" data-track-links=\"\">O corpo foi encaminhado para o Instituto M\u00e9dico Legal (IML), em Adamantina, segundo o delegado.<\/p>\n<p style=\"text-align: justify;\" data-track-category=\"Link no Texto\" data-track-links=\"\">Fonte: G1<\/p>\n<\/div>\n<\/div>\n","protected":false},"excerpt":{"rendered":"<p>Crian\u00e7a estava dentro de um saco encontrado por um cachorro. Pol\u00edcia Civil investiga o caso, que foi registrado como morte suspeita. O corpo de um beb\u00ea rec\u00e9m-nascido foi encontrado na manh\u00e3 desta segunda-feira (9), em\u00a0Pracinha (SP). A ocorr\u00eancia foi na Avenida da Independ\u00eancia, no Centro. De acordo com informa\u00e7\u00f5es preliminares da Pol\u00edcia Militar, um cachorro [&hellip;]<\/p>\n","protected":false},"author":1,"featured_media":5617,"comment_status":"closed","ping_status":"open","sticky":false,"template":"","format":"standard","meta":{"footnotes":""},"categories":[110,2],"tags":[],"class_list":["post-5616","post","type-post","status-publish","format-standard","has-post-thumbnail","hentry","category-noticiasdestaque","category-policial"],"_links":{"self":[{"href":"https:\/\/jorgezanoni.com.br\/2019\/wp-json\/wp\/v2\/posts\/5616","targetHints":{"allow":["GET"]}}],"collection":[{"href":"https:\/\/jorgezanoni.com.br\/2019\/wp-json\/wp\/v2\/posts"}],"about":[{"href":"https:\/\/jorgezanoni.com.br\/2019\/wp-json\/wp\/v2\/types\/post"}],"author":[{"embeddable":true,"href":"https:\/\/jorgezanoni.com.br\/2019\/wp-json\/wp\/v2\/users\/1"}],"replies":[{"embeddable":true,"href":"https:\/\/jorgezanoni.com.br\/2019\/wp-json\/wp\/v2\/comments?post=5616"}],"version-history":[{"count":0,"href":"https:\/\/jorgezanoni.com.br\/2019\/wp-json\/wp\/v2\/posts\/5616\/revisions"}],"wp:featuredmedia":[{"embeddable":true,"href":"https:\/\/jorgezanoni.com.br\/2019\/wp-json\/wp\/v2\/media\/5617"}],"wp:attachment":[{"href":"https:\/\/jorgezanoni.com.br\/2019\/wp-json\/wp\/v2\/media?parent=5616"}],"wp:term":[{"taxonomy":"category","embeddable":true,"href":"https:\/\/jorgezanoni.com.br\/2019\/wp-json\/wp\/v2\/categories?post=5616"},{"taxonomy":"post_tag","embeddable":true,"href":"https:\/\/jorgezanoni.com.br\/2019\/wp-json\/wp\/v2\/tags?post=5616"}],"curies":[{"name":"wp","href":"https:\/\/api.w.org\/{rel}","templated":true}]}}