{"id":56131,"date":"2021-11-11T23:40:48","date_gmt":"2021-11-11T23:40:48","guid":{"rendered":"https:\/\/jorgezanoni.com.br\/2019\/?p=56131"},"modified":"2021-11-12T13:17:49","modified_gmt":"2021-11-12T13:17:49","slug":"morre-dierli-ottoboni-funcionaria-da-proeste-veiculos","status":"publish","type":"post","link":"https:\/\/jorgezanoni.com.br\/2019\/morre-dierli-ottoboni-funcionaria-da-proeste-veiculos\/","title":{"rendered":"Morre Dierli Ottoboni funcion\u00e1ria da Proeste Ve\u00edculos"},"content":{"rendered":"<p style=\"text-align: justify;\">Comunicamos com pesar o falecimento de Dierli Ottoboni de 42 anos. Segundo informa\u00e7\u00f5es obtidas pela reportagem do Site JZ, ela teria sofrido um AVC ontem e n\u00e3o resistiu, vindo a \u00f3bito no inicio da noite desta quinta-feira (11)<\/p>\n<p style=\"text-align: justify;\">Era Consultora de Vendas da Empresa Proeste Ve\u00edculos, Concession\u00e1ria Chevrolet de Dracena.<\/p>\n<p style=\"text-align: justify;\">Casada, deixa o esposo Ivan Carlos, filhos Fernandinho e Murilo, pais, irm\u00e3os, demais familiares e amigos.<\/p>\n<p style=\"text-align: justify;\">O Site JZ se solidariza com a fam\u00edlia e amigos neste dif\u00edcil momento.<\/p>\n<p><img loading=\"lazy\" decoding=\"async\" class=\"alignnone size-full wp-image-56133\" src=\"https:\/\/jorgezanoni.com.br\/2019\/wp-content\/uploads\/2021\/11\/dierli.jpg\" alt=\"\" width=\"387\" height=\"584\" srcset=\"https:\/\/jorgezanoni.com.br\/2019\/wp-content\/uploads\/2021\/11\/dierli.jpg 387w, https:\/\/jorgezanoni.com.br\/2019\/wp-content\/uploads\/2021\/11\/dierli-199x300.jpg 199w, https:\/\/jorgezanoni.com.br\/2019\/wp-content\/uploads\/2021\/11\/dierli-278x420.jpg 278w\" sizes=\"auto, (max-width: 387px) 100vw, 387px\" \/><\/p>\n<p><img loading=\"lazy\" decoding=\"async\" class=\"alignnone size-full wp-image-56162\" src=\"https:\/\/jorgezanoni.com.br\/2019\/wp-content\/uploads\/2021\/11\/Dieri.jpg\" alt=\"\" width=\"1280\" height=\"1279\" srcset=\"https:\/\/jorgezanoni.com.br\/2019\/wp-content\/uploads\/2021\/11\/Dieri.jpg 1280w, https:\/\/jorgezanoni.com.br\/2019\/wp-content\/uploads\/2021\/11\/Dieri-300x300.jpg 300w, https:\/\/jorgezanoni.com.br\/2019\/wp-content\/uploads\/2021\/11\/Dieri-1024x1024.jpg 1024w, https:\/\/jorgezanoni.com.br\/2019\/wp-content\/uploads\/2021\/11\/Dieri-150x150.jpg 150w, https:\/\/jorgezanoni.com.br\/2019\/wp-content\/uploads\/2021\/11\/Dieri-768x767.jpg 768w, https:\/\/jorgezanoni.com.br\/2019\/wp-content\/uploads\/2021\/11\/Dieri-696x695.jpg 696w, https:\/\/jorgezanoni.com.br\/2019\/wp-content\/uploads\/2021\/11\/Dieri-1068x1067.jpg 1068w, https:\/\/jorgezanoni.com.br\/2019\/wp-content\/uploads\/2021\/11\/Dieri-420x420.jpg 420w\" sizes=\"auto, (max-width: 1280px) 100vw, 1280px\" \/><\/p>\n<p>Jorge Zanoni<\/p>\n<p>&nbsp;<\/p>\n<p>&nbsp;<\/p>\n","protected":false},"excerpt":{"rendered":"<p>Comunicamos com pesar o falecimento de Dierli Ottoboni de 42 anos. Segundo informa\u00e7\u00f5es obtidas pela reportagem do Site JZ, ela teria sofrido um AVC ontem e n\u00e3o resistiu, vindo a \u00f3bito no inicio da noite desta quinta-feira (11) Era Consultora de Vendas da Empresa Proeste Ve\u00edculos, Concession\u00e1ria Chevrolet de Dracena. Casada, deixa o esposo Ivan [&hellip;]<\/p>\n","protected":false},"author":1,"featured_media":56134,"comment_status":"closed","ping_status":"open","sticky":false,"template":"","format":"standard","meta":{"footnotes":""},"categories":[178,110],"tags":[],"class_list":["post-56131","post","type-post","status-publish","format-standard","has-post-thumbnail","hentry","category-notadefalecimento","category-noticiasdestaque"],"_links":{"self":[{"href":"https:\/\/jorgezanoni.com.br\/2019\/wp-json\/wp\/v2\/posts\/56131","targetHints":{"allow":["GET"]}}],"collection":[{"href":"https:\/\/jorgezanoni.com.br\/2019\/wp-json\/wp\/v2\/posts"}],"about":[{"href":"https:\/\/jorgezanoni.com.br\/2019\/wp-json\/wp\/v2\/types\/post"}],"author":[{"embeddable":true,"href":"https:\/\/jorgezanoni.com.br\/2019\/wp-json\/wp\/v2\/users\/1"}],"replies":[{"embeddable":true,"href":"https:\/\/jorgezanoni.com.br\/2019\/wp-json\/wp\/v2\/comments?post=56131"}],"version-history":[{"count":0,"href":"https:\/\/jorgezanoni.com.br\/2019\/wp-json\/wp\/v2\/posts\/56131\/revisions"}],"wp:featuredmedia":[{"embeddable":true,"href":"https:\/\/jorgezanoni.com.br\/2019\/wp-json\/wp\/v2\/media\/56134"}],"wp:attachment":[{"href":"https:\/\/jorgezanoni.com.br\/2019\/wp-json\/wp\/v2\/media?parent=56131"}],"wp:term":[{"taxonomy":"category","embeddable":true,"href":"https:\/\/jorgezanoni.com.br\/2019\/wp-json\/wp\/v2\/categories?post=56131"},{"taxonomy":"post_tag","embeddable":true,"href":"https:\/\/jorgezanoni.com.br\/2019\/wp-json\/wp\/v2\/tags?post=56131"}],"curies":[{"name":"wp","href":"https:\/\/api.w.org\/{rel}","templated":true}]}}