{"id":56103,"date":"2021-11-10T22:48:38","date_gmt":"2021-11-10T22:48:38","guid":{"rendered":"https:\/\/jorgezanoni.com.br\/2019\/?p=56103"},"modified":"2021-11-10T22:48:38","modified_gmt":"2021-11-10T22:48:38","slug":"policia-civil-identifica-suspeito-de-furtar-equipamentos-e-acessorios-de-caminhoes-em-junqueiropolis","status":"publish","type":"post","link":"https:\/\/jorgezanoni.com.br\/2019\/policia-civil-identifica-suspeito-de-furtar-equipamentos-e-acessorios-de-caminhoes-em-junqueiropolis\/","title":{"rendered":"Pol\u00edcia Civil identifica suspeito de furtar equipamentos e acess\u00f3rios de caminh\u00f5es em Junqueir\u00f3polis."},"content":{"rendered":"<p style=\"text-align: justify;\"><strong>O suspeito \u00e9 um homem de 27 anos, morador na capital Paulista, ele ser\u00e1 indiciado pelos crimes.<\/strong><\/p>\n<p style=\"text-align: justify;\">A Pol\u00edcia Civil, por interm\u00e9dio da Delegacia de Pol\u00edcia de Junqueir\u00f3polis, esclareceu nesta quarta-feira (10), uma s\u00e9rie de furtos de equipamentos e acess\u00f3rios de caminh\u00f5es. Os furtos ocorreram durante o \u00faltimo m\u00eas de setembro, em v\u00e1rias cidades da regi\u00e3o da Nova Alta Paulista.<br \/>\nOs agentes da Delegacia de Pol\u00edcia de Junqueir\u00f3polis apuraram que os indiv\u00edduos observam e escolhiam caminh\u00f5es e \u00f4nibus, principalmente, aqueles que estavam estacionados em vias p\u00fablicas e durante a madrugada praticavam a subtra\u00e7\u00e3o de seus acess\u00f3rios, tais como pain\u00e9is de instrumentos, far\u00f3is e at\u00e9 estepes.<br \/>\nNa cidade de Junqueir\u00f3polis foram registradas quatro ocorr\u00eancias de furtos, tamb\u00e9m houve registros de crime da mesma natureza nas cidades de Paulic\u00e9ia, Panorama e em Hercul\u00e2ndia.<br \/>\nNo curso das investiga\u00e7\u00f5es usando m\u00e9todos e t\u00e9cnicas de intelig\u00eancia, com coleta de imagens de c\u00e2meras de monitoramento, a Pol\u00edcia Civil, conseguiu identificar um homem de 27 anos, suspeito de ser autor dos furtos ocorridos. O homem \u00e9 morador na cidade de S\u00e3o Paulo, e possui v\u00e1rios antecedentes criminais por condutas similares.<br \/>\nO suspeito ser\u00e1 indiciado pelos crimes ocorridos. As investiga\u00e7\u00f5es ter\u00e3o prosseguimento visando identificar poss\u00edveis receptadores, e recuperar os objetos furtados.<\/p>\n<p><img loading=\"lazy\" decoding=\"async\" class=\"alignnone size-full wp-image-56104\" src=\"https:\/\/jorgezanoni.com.br\/2019\/wp-content\/uploads\/2021\/11\/Junqueira.jpg\" alt=\"\" width=\"1600\" height=\"1200\" srcset=\"https:\/\/jorgezanoni.com.br\/2019\/wp-content\/uploads\/2021\/11\/Junqueira.jpg 1600w, https:\/\/jorgezanoni.com.br\/2019\/wp-content\/uploads\/2021\/11\/Junqueira-300x225.jpg 300w, https:\/\/jorgezanoni.com.br\/2019\/wp-content\/uploads\/2021\/11\/Junqueira-1024x768.jpg 1024w, https:\/\/jorgezanoni.com.br\/2019\/wp-content\/uploads\/2021\/11\/Junqueira-768x576.jpg 768w, https:\/\/jorgezanoni.com.br\/2019\/wp-content\/uploads\/2021\/11\/Junqueira-1536x1152.jpg 1536w, https:\/\/jorgezanoni.com.br\/2019\/wp-content\/uploads\/2021\/11\/Junqueira-80x60.jpg 80w, https:\/\/jorgezanoni.com.br\/2019\/wp-content\/uploads\/2021\/11\/Junqueira-265x198.jpg 265w, https:\/\/jorgezanoni.com.br\/2019\/wp-content\/uploads\/2021\/11\/Junqueira-696x522.jpg 696w, https:\/\/jorgezanoni.com.br\/2019\/wp-content\/uploads\/2021\/11\/Junqueira-1068x801.jpg 1068w, https:\/\/jorgezanoni.com.br\/2019\/wp-content\/uploads\/2021\/11\/Junqueira-560x420.jpg 560w\" sizes=\"auto, (max-width: 1600px) 100vw, 1600px\" \/><\/p>\n<p style=\"text-align: justify;\">Fonte: Com. Social Pol\u00edcia Civil<\/p>\n","protected":false},"excerpt":{"rendered":"<p>O suspeito \u00e9 um homem de 27 anos, morador na capital Paulista, ele ser\u00e1 indiciado pelos crimes. A Pol\u00edcia Civil, por interm\u00e9dio da Delegacia de Pol\u00edcia de Junqueir\u00f3polis, esclareceu nesta quarta-feira (10), uma s\u00e9rie de furtos de equipamentos e acess\u00f3rios de caminh\u00f5es. Os furtos ocorreram durante o \u00faltimo m\u00eas de setembro, em v\u00e1rias cidades da [&hellip;]<\/p>\n","protected":false},"author":1,"featured_media":56106,"comment_status":"closed","ping_status":"open","sticky":false,"template":"","format":"standard","meta":{"footnotes":""},"categories":[110,2],"tags":[],"class_list":["post-56103","post","type-post","status-publish","format-standard","has-post-thumbnail","hentry","category-noticiasdestaque","category-policial"],"_links":{"self":[{"href":"https:\/\/jorgezanoni.com.br\/2019\/wp-json\/wp\/v2\/posts\/56103","targetHints":{"allow":["GET"]}}],"collection":[{"href":"https:\/\/jorgezanoni.com.br\/2019\/wp-json\/wp\/v2\/posts"}],"about":[{"href":"https:\/\/jorgezanoni.com.br\/2019\/wp-json\/wp\/v2\/types\/post"}],"author":[{"embeddable":true,"href":"https:\/\/jorgezanoni.com.br\/2019\/wp-json\/wp\/v2\/users\/1"}],"replies":[{"embeddable":true,"href":"https:\/\/jorgezanoni.com.br\/2019\/wp-json\/wp\/v2\/comments?post=56103"}],"version-history":[{"count":0,"href":"https:\/\/jorgezanoni.com.br\/2019\/wp-json\/wp\/v2\/posts\/56103\/revisions"}],"wp:featuredmedia":[{"embeddable":true,"href":"https:\/\/jorgezanoni.com.br\/2019\/wp-json\/wp\/v2\/media\/56106"}],"wp:attachment":[{"href":"https:\/\/jorgezanoni.com.br\/2019\/wp-json\/wp\/v2\/media?parent=56103"}],"wp:term":[{"taxonomy":"category","embeddable":true,"href":"https:\/\/jorgezanoni.com.br\/2019\/wp-json\/wp\/v2\/categories?post=56103"},{"taxonomy":"post_tag","embeddable":true,"href":"https:\/\/jorgezanoni.com.br\/2019\/wp-json\/wp\/v2\/tags?post=56103"}],"curies":[{"name":"wp","href":"https:\/\/api.w.org\/{rel}","templated":true}]}}