{"id":5609,"date":"2019-09-09T20:37:43","date_gmt":"2019-09-09T20:37:43","guid":{"rendered":"https:\/\/jorgezanoni.com.br\/2019\/?p=5609"},"modified":"2019-09-09T20:37:43","modified_gmt":"2019-09-09T20:37:43","slug":"crianca-morre-apos-passar-mal-durante-desfile-em-garca","status":"publish","type":"post","link":"https:\/\/jorgezanoni.com.br\/2019\/crianca-morre-apos-passar-mal-durante-desfile-em-garca\/","title":{"rendered":"Crian\u00e7a morre ap\u00f3s passar mal durante desfile em Gar\u00e7a"},"content":{"rendered":"<p style=\"text-align: justify;\">Uma crian\u00e7a morreu durante o desfile deste s\u00e1bado (7) em comemora\u00e7\u00e3o ao Dia da Independ\u00eancia em Gar\u00e7a (distante 35 quil\u00f4metros de Mar\u00edlia).<\/p>\n<p style=\"text-align: justify;\">Segundo as informa\u00e7\u00f5es apuradas pelo\u00a0<strong>Mar\u00edlia Not\u00edcia<\/strong>\u00a0a menina passou mal, teve convuls\u00f5es e veio a \u00f3bito. Ela foi identificada apenas como Clara e tinha aproximadamente 10 anos.<\/p>\n<p style=\"text-align: justify;\">Nas redes sociais uma tia confirmou a morte da menina e disse que ela era portadora da S\u00edndrome de Williams.<\/p>\n<p style=\"text-align: justify;\">Conforme o relato, Clara teria entrado em convuls\u00e3o enquanto aguardava a sa\u00edda de sua escola. \u201cEla n\u00e3o estava no sol, foi prontamente socorrida pela Pol\u00edcia Militar, a equipe do UPA trabalhou duro, mas infelizmente ela n\u00e3o resistiu,\u201d diz o relato.<\/p>\n<p style=\"text-align: justify;\">Ainda n\u00e3o h\u00e1 informa\u00e7\u00f5es sobre o vel\u00f3rio e sepultamento da garota.<\/p>\n<p style=\"text-align: justify;\">Uma crian\u00e7a morreu durante o desfile deste s\u00e1bado (7) em comemora\u00e7\u00e3o ao Dia da Independ\u00eancia em Gar\u00e7a (distante 35 quil\u00f4metros de Mar\u00edlia).<\/p>\n<p style=\"text-align: justify;\">Segundo as informa\u00e7\u00f5es apuradas pelo\u00a0<strong>Mar\u00edlia Not\u00edcia<\/strong>\u00a0a menina passou mal, teve convuls\u00f5es e veio a \u00f3bito. Ela foi identificada apenas como Clara e tinha aproximadamente 10 anos.<\/p>\n<p style=\"text-align: justify;\">Nas redes sociais uma tia confirmou a morte da menina e disse que ela era portadora da S\u00edndrome de Williams.<\/p>\n<p style=\"text-align: justify;\">Conforme o relato, Clara teria entrado em convuls\u00e3o enquanto aguardava a sa\u00edda de sua escola. \u201cEla n\u00e3o estava no sol, foi prontamente socorrida pela Pol\u00edcia Militar, a equipe do UPA trabalhou duro, mas infelizmente ela n\u00e3o resistiu,\u201d diz o relato.<\/p>\n<p style=\"text-align: justify;\">Ainda n\u00e3o h\u00e1 informa\u00e7\u00f5es sobre o vel\u00f3rio e sepultamento da garota.<\/p>\n<p>Veja o relato da tia da menina:<\/p>\n<p><img loading=\"lazy\" decoding=\"async\" class=\"alignnone size-full wp-image-5610\" src=\"https:\/\/jorgezanoni.com.br\/2019\/wp-content\/uploads\/2019\/09\/relato.jpeg\" alt=\"\" width=\"720\" height=\"1127\" srcset=\"https:\/\/jorgezanoni.com.br\/2019\/wp-content\/uploads\/2019\/09\/relato.jpeg 720w, https:\/\/jorgezanoni.com.br\/2019\/wp-content\/uploads\/2019\/09\/relato-192x300.jpeg 192w, https:\/\/jorgezanoni.com.br\/2019\/wp-content\/uploads\/2019\/09\/relato-654x1024.jpeg 654w, https:\/\/jorgezanoni.com.br\/2019\/wp-content\/uploads\/2019\/09\/relato-696x1089.jpeg 696w, https:\/\/jorgezanoni.com.br\/2019\/wp-content\/uploads\/2019\/09\/relato-268x420.jpeg 268w\" sizes=\"auto, (max-width: 720px) 100vw, 720px\" \/><\/p>\n<p>Fonte: Mar\u00edlia Not\u00edcia<\/p>\n","protected":false},"excerpt":{"rendered":"<p>Uma crian\u00e7a morreu durante o desfile deste s\u00e1bado (7) em comemora\u00e7\u00e3o ao Dia da Independ\u00eancia em Gar\u00e7a (distante 35 quil\u00f4metros de Mar\u00edlia). Segundo as informa\u00e7\u00f5es apuradas pelo\u00a0Mar\u00edlia Not\u00edcia\u00a0a menina passou mal, teve convuls\u00f5es e veio a \u00f3bito. Ela foi identificada apenas como Clara e tinha aproximadamente 10 anos. Nas redes sociais uma tia confirmou a [&hellip;]<\/p>\n","protected":false},"author":1,"featured_media":5611,"comment_status":"closed","ping_status":"open","sticky":false,"template":"","format":"standard","meta":{"footnotes":""},"categories":[110,2],"tags":[],"class_list":["post-5609","post","type-post","status-publish","format-standard","has-post-thumbnail","hentry","category-noticiasdestaque","category-policial"],"_links":{"self":[{"href":"https:\/\/jorgezanoni.com.br\/2019\/wp-json\/wp\/v2\/posts\/5609","targetHints":{"allow":["GET"]}}],"collection":[{"href":"https:\/\/jorgezanoni.com.br\/2019\/wp-json\/wp\/v2\/posts"}],"about":[{"href":"https:\/\/jorgezanoni.com.br\/2019\/wp-json\/wp\/v2\/types\/post"}],"author":[{"embeddable":true,"href":"https:\/\/jorgezanoni.com.br\/2019\/wp-json\/wp\/v2\/users\/1"}],"replies":[{"embeddable":true,"href":"https:\/\/jorgezanoni.com.br\/2019\/wp-json\/wp\/v2\/comments?post=5609"}],"version-history":[{"count":0,"href":"https:\/\/jorgezanoni.com.br\/2019\/wp-json\/wp\/v2\/posts\/5609\/revisions"}],"wp:featuredmedia":[{"embeddable":true,"href":"https:\/\/jorgezanoni.com.br\/2019\/wp-json\/wp\/v2\/media\/5611"}],"wp:attachment":[{"href":"https:\/\/jorgezanoni.com.br\/2019\/wp-json\/wp\/v2\/media?parent=5609"}],"wp:term":[{"taxonomy":"category","embeddable":true,"href":"https:\/\/jorgezanoni.com.br\/2019\/wp-json\/wp\/v2\/categories?post=5609"},{"taxonomy":"post_tag","embeddable":true,"href":"https:\/\/jorgezanoni.com.br\/2019\/wp-json\/wp\/v2\/tags?post=5609"}],"curies":[{"name":"wp","href":"https:\/\/api.w.org\/{rel}","templated":true}]}}