{"id":5606,"date":"2019-09-09T20:21:56","date_gmt":"2019-09-09T20:21:56","guid":{"rendered":"https:\/\/jorgezanoni.com.br\/2019\/?p=5606"},"modified":"2019-09-09T20:22:21","modified_gmt":"2019-09-09T20:22:21","slug":"moradores-amarram-em-arvore-suspeito-de-furtar-casa-na-regiao","status":"publish","type":"post","link":"https:\/\/jorgezanoni.com.br\/2019\/moradores-amarram-em-arvore-suspeito-de-furtar-casa-na-regiao\/","title":{"rendered":"Moradores amarram em \u00e1rvore suspeito de furtar casa na regi\u00e3o"},"content":{"rendered":"<p class=\"content-text__container \" style=\"text-align: justify;\" data-track-category=\"Link no Texto\" data-track-links=\"\">Um rapaz de 26 anos foi amarrado a uma \u00e1rvore e depois levado \u00e0 delegacia por moradores, no \u00faltimo s\u00e1bado (7), suspeito de tentar furtar objetos de uma casa que havia pegado fogo em S\u00e3o Pedro do Turvo (distante 97 quil\u00f4metros de Mar\u00edlia).<\/p>\n<p class=\"content-text__container \" style=\"text-align: justify;\" data-track-category=\"Link no Texto\" data-track-links=\"\">O im\u00f3vel fica na rua Alfredo Teodoro de Souza e pegou fogo na sexta-feira (6) ficando destru\u00eddo. Os moradores teriam relatado que o homem \u00e9 conhecido pela pol\u00edcia por pequenos furtos.<\/p>\n<p class=\"content-text__container \" style=\"text-align: justify;\" data-track-category=\"Link no Texto\" data-track-links=\"\">Ele teria chegado a ajudar a apagar o fogo e a recolher os pertences da v\u00edtima durante o inc\u00eandio. Por\u00e9m no s\u00e1bado, ele aproveitou que a casa estava vazia e voltou\u00a0para furtar uma parafusadeira, kit de brocas e pontas e chapinha de cabelo.<\/p>\n<p class=\"content-text__container \" style=\"text-align: justify;\" data-track-category=\"Link no Texto\" data-track-links=\"\">Os vizinhos revoltados com a situa\u00e7\u00e3o amarraram o rapaz em uma \u00e1rvore. Em seguida amarrado por uma corda ele foi levado at\u00e9 a\u00a0delegacia.<\/p>\n<p class=\"content-text__container \" style=\"text-align: justify;\" data-track-category=\"Link no Texto\" data-track-links=\"\">O caso foi apresentado na Central de Pol\u00edcia Judici\u00e1ria (CPJ) de Ourinhos e o rapaz foi encaminhado \u00e0 Cadeia de S\u00e3o Pedro do Turvo.<\/p>\n<p style=\"text-align: justify;\" data-track-category=\"Link no Texto\" data-track-links=\"\">Fonte: Marilia Noticia<\/p>\n","protected":false},"excerpt":{"rendered":"<p>Um rapaz de 26 anos foi amarrado a uma \u00e1rvore e depois levado \u00e0 delegacia por moradores, no \u00faltimo s\u00e1bado (7), suspeito de tentar furtar objetos de uma casa que havia pegado fogo em S\u00e3o Pedro do Turvo (distante 97 quil\u00f4metros de Mar\u00edlia). O im\u00f3vel fica na rua Alfredo Teodoro de Souza e pegou fogo [&hellip;]<\/p>\n","protected":false},"author":1,"featured_media":5607,"comment_status":"closed","ping_status":"open","sticky":false,"template":"","format":"standard","meta":{"footnotes":""},"categories":[2],"tags":[],"class_list":["post-5606","post","type-post","status-publish","format-standard","has-post-thumbnail","hentry","category-policial"],"_links":{"self":[{"href":"https:\/\/jorgezanoni.com.br\/2019\/wp-json\/wp\/v2\/posts\/5606","targetHints":{"allow":["GET"]}}],"collection":[{"href":"https:\/\/jorgezanoni.com.br\/2019\/wp-json\/wp\/v2\/posts"}],"about":[{"href":"https:\/\/jorgezanoni.com.br\/2019\/wp-json\/wp\/v2\/types\/post"}],"author":[{"embeddable":true,"href":"https:\/\/jorgezanoni.com.br\/2019\/wp-json\/wp\/v2\/users\/1"}],"replies":[{"embeddable":true,"href":"https:\/\/jorgezanoni.com.br\/2019\/wp-json\/wp\/v2\/comments?post=5606"}],"version-history":[{"count":0,"href":"https:\/\/jorgezanoni.com.br\/2019\/wp-json\/wp\/v2\/posts\/5606\/revisions"}],"wp:featuredmedia":[{"embeddable":true,"href":"https:\/\/jorgezanoni.com.br\/2019\/wp-json\/wp\/v2\/media\/5607"}],"wp:attachment":[{"href":"https:\/\/jorgezanoni.com.br\/2019\/wp-json\/wp\/v2\/media?parent=5606"}],"wp:term":[{"taxonomy":"category","embeddable":true,"href":"https:\/\/jorgezanoni.com.br\/2019\/wp-json\/wp\/v2\/categories?post=5606"},{"taxonomy":"post_tag","embeddable":true,"href":"https:\/\/jorgezanoni.com.br\/2019\/wp-json\/wp\/v2\/tags?post=5606"}],"curies":[{"name":"wp","href":"https:\/\/api.w.org\/{rel}","templated":true}]}}