{"id":56050,"date":"2021-11-08T23:12:54","date_gmt":"2021-11-08T23:12:54","guid":{"rendered":"https:\/\/jorgezanoni.com.br\/2019\/?p=56050"},"modified":"2021-11-08T23:12:54","modified_gmt":"2021-11-08T23:12:54","slug":"policia-militar-algumas-ocorrencias-registradas-nas-ulimas-horas","status":"publish","type":"post","link":"https:\/\/jorgezanoni.com.br\/2019\/policia-militar-algumas-ocorrencias-registradas-nas-ulimas-horas\/","title":{"rendered":"POL\u00cdCIA MILITAR: Algumas ocorr\u00eancias registradas nas \u00falimas horas"},"content":{"rendered":"<p style=\"text-align: justify;\">ACIDENTE DE TR\u00c2NSITO COM V\u00cdTIMA FATAL EM LUC\u00c9LIA<\/p>\n<p style=\"text-align: justify;\">No dia 07NOV21 por volta das 11h49min pelo Bairro Guataporanga na cidade de Luc\u00e9lia foi visualizado pela equipe da Pol\u00edcia Militar um indiv\u00edduo do sexo masculino (45 anos) prensado entre dois caminh\u00f5es Caminh\u00e3o trator Marca\/Modelo: VW\/25.420 CTC 6X2 Ano Fabrica\u00e7\u00e3o: 2014 Categoria: aluguel cor: branca e semi-reboque Ano Fabrica\u00e7\u00e3o: 2009 Categoria: aluguel cor: branca e ao verificar os sinais vitais, foi verificado a aus\u00eancia dos mesmos. Com a chegada das equipes do Corpo de Bombeiros e com a ajuda de populares, retiraram a v\u00edtima, sendo socorrido ao Pronto Socorro local e segundo o m\u00e9dico plantonista a v\u00edtima j\u00e1 havia chegado sem vida ao local.<\/p>\n<p style=\"text-align: justify;\">ACIDENTE DE TR\u00c2NSITO COM V\u00cdTIMA EM DRACENA<\/p>\n<p style=\"text-align: justify;\">No dia 07NOV21 por volta das 07h25min pela Avenida Rui Barbosa no Centro em Dracena o condutor (23 anos) de um ve\u00edculo gol de cor branca placas de Dracena trafegava pela Av. Presidente Roosevelt sentido bairro centro, quando no cruzamento com a Av. Rui Barbosa adentrou a esquerda na referida via momento que perdeu o controle do ve\u00edculo vindo a capotar e atingir um outro ve\u00edculo que estava estacionado (ve\u00edculo NISSAN\/KICKS S DRCT CVT Ano Fabrica\u00e7\u00e3o: 2018 de cor branca). A v\u00edtima foi socorrida pela Unidade de Resgate at\u00e9 o Pronto Socorro local, tendo apenas escoria\u00e7\u00f5es leves sendo medicada e liberada e documentos dos ve\u00edculos e condutores em ordem.<br \/>\n[10:19, 08\/11\/2021] Renata Voltani Batalh\u00e3o: AGRESSOR \u00c9 PRESO POR VIOL\u00caNCIA DOM\u00c9STICA EM PAULIC\u00c9IA PELA POL\u00cdCIA MILITAR.<\/p>\n<p style=\"text-align: justify;\">O fato se deu pela Av. Fortunato Campante, centro &#8211; Paulic\u00e9ia\/SP<br \/>\nNa data de hoje (07), a Pol\u00edcia Militar obteve \u00eaxito em localizar um autor de viol\u00eancia dom\u00e9stica, ap\u00f3s a v\u00edtima dar entrada ao Pronto Socorro Municipal com v\u00e1rias les\u00f5es pelo corpo. O autor encontrava-se na resid\u00eancia do casal, onde foi abordado pelos policiais militares, onde negou as agress\u00f5es. A v\u00edtima foi liberada pelo m\u00e9dico e partes conduzidas ao Plant\u00e3o de Pol\u00edcia Judici\u00e1ria. No local o autor foi preso pelo crime de Maria da Penha (viol\u00eancia dom\u00e9stica), lei 11.340\/2006, permanecendo \u00e0 disposi\u00e7\u00e3o da justi\u00e7a.<\/p>\n<p style=\"text-align: justify;\">#25BPMI4CIAPM<br \/>\n#POLICIAMILITARSP<br \/>\n#AFOR\u00c7AP\u00daBLICADES\u00c3OPAULO<\/p>\n<p style=\"text-align: justify;\">VE\u00cdCULO RECUPERADO E V\u00cdTIMA AGRADECIDA!<\/p>\n<p style=\"text-align: justify;\">NA DATA DE HOJE (07), A POL\u00cdCIA MILITAR<br \/>\nAP\u00d3S TOMAR CONHECIMENTO VIA COPOM \u00c0S 10H30MIN SOBRE UM FURTO A VE\u00cdCULO (FORD CORCEL II, COR DOURADA) FOI INICIADO PATRULHAMENTO COM VISTAS NO MUNIC\u00cdPIO DE PAULIC\u00c9IA.<br \/>\nDURANTE O PATRULHAMENTO FOI POSS\u00cdVEL LOGRAR \u00caXITO EM LOCALIZAR O VE\u00cdCULO FURTADO, \u00c0S 12HR40MIN, O QUAL ENCONTRAVA-SE ESTACIONADO PELA RUA TIRADENTES, COM VIDROS ABERTOS E IND\u00cdCIOS DE &#8220;PARTIDA DIRETA&#8221;.<br \/>\nVE\u00cdCULO FOI ENTREGUE A V\u00cdTIMA A QUAL AGRADECEU A POL\u00cdCIA MILITAR POR DEVOLVER SEU VE\u00cdCULO INTACTO.<\/p>\n<p style=\"text-align: justify;\">#25BPMI4CIAPM<br \/>\n#POLICIAMILITARSP<br \/>\n#AFOR\u00c7AP\u00daBLICADES\u00c3OPAULO<\/p>\n<p style=\"text-align: justify;\"><img loading=\"lazy\" decoding=\"async\" class=\"alignnone size-full wp-image-56051\" src=\"https:\/\/jorgezanoni.com.br\/2019\/wp-content\/uploads\/2021\/11\/carro.jpg\" alt=\"\" width=\"720\" height=\"405\" srcset=\"https:\/\/jorgezanoni.com.br\/2019\/wp-content\/uploads\/2021\/11\/carro.jpg 720w, https:\/\/jorgezanoni.com.br\/2019\/wp-content\/uploads\/2021\/11\/carro-300x169.jpg 300w, https:\/\/jorgezanoni.com.br\/2019\/wp-content\/uploads\/2021\/11\/carro-696x392.jpg 696w\" sizes=\"auto, (max-width: 720px) 100vw, 720px\" \/><\/p>\n<p style=\"text-align: justify;\">BEB\u00ca DE 04 MESES MORRE ENGASGADO EM LUC\u00c9LIA<\/p>\n<p style=\"text-align: justify;\">No dia 06NOV21 por volta das 19h19min foi solicitado via COPOM a presen\u00e7a da equipe da Pol\u00edcia Militar pela Santa Casa Local tendo em vista a entrada de um beb\u00ea (sexo masculino de 04 meses) em \u00f3bito. No local houve a informa\u00e7\u00e3o por um enfermeiro que por volta das 17h foi dado a entrada de um beb\u00ea pela santa casa j\u00e1 desfalecido devido engasgamento, disse ainda que a v\u00edtima sofria de refluxo e que na data de hoje a genitora deixou o filho na cama dormindo, que em dado momento foi ao quarto e viu seu filho com sangue escorrendo pelo nariz e com secre\u00e7\u00f5es na boca, conduzindo- o imediatamente ao PS e que foi tentado reanima\u00e7\u00e3o pela m\u00e9dica plantonista por aproximadamente uma hora sem \u00eaxito, vindo o beb\u00ea a entrar em \u00f3bito.<br \/>\nFoi elaborado BOPM e BOPC para apura\u00e7\u00f5es pertinentes ao caso.<\/p>\n<p style=\"text-align: justify;\">#25bpmi<br \/>\n#cpi8<br \/>\n#POLICIAMILITARSP<br \/>\n#AFOR\u00c7AP\u00daBLICADES\u00c3OPAULO<br \/>\nComunica\u00e7\u00e3o Social do 25BPMI e regi\u00e3o<\/p>\n<p style=\"text-align: justify;\">EM PAULIC\u00c9IA, POL\u00cdCIA MILITAR RECUPERA MOTO E APREENDE AUTOR POR ATO INFRACIONAL DE FURTO<\/p>\n<p style=\"text-align: justify;\">Na data de hoje, por volta das 10hrs da manh\u00e3, equipes da Pol\u00edcia Militar obteve a informa\u00e7\u00e3o sobre um furto a motocicleta (Honda Bis de cor preta, ano 01\/02), ocorrido no munic\u00edpio de Panorama\/SP. A V\u00edtima relatou havia estacionado a motocicleta em frente ao seu servi\u00e7o, por volta das 18hrs da data de ontem e ao sair, as 6:00 da manh\u00e3, a moto n\u00e3o se encontrava no local.<br \/>\nDurante patrulhamento com vistas, a unidade de servi\u00e7o de Paulic\u00e9ia\/SP, obteve \u00eaxito em localizar e abordar o autor (adolescente, 15 anos) empurrando a motocicleta na Av. Paulista. Durante entrevista pessoal o sindicado confessou a autoria do furto, relatando que teria furtado a motocicleta por volta das 22hrs da data de ontem. Diante dos fatos o autor foi apreendido e a motocicleta devolvida a v\u00edtima.<\/p>\n<p style=\"text-align: justify;\"><img loading=\"lazy\" decoding=\"async\" class=\"alignnone size-full wp-image-56052\" src=\"https:\/\/jorgezanoni.com.br\/2019\/wp-content\/uploads\/2021\/11\/pauliceia.jpg\" alt=\"\" width=\"720\" height=\"540\" srcset=\"https:\/\/jorgezanoni.com.br\/2019\/wp-content\/uploads\/2021\/11\/pauliceia.jpg 720w, https:\/\/jorgezanoni.com.br\/2019\/wp-content\/uploads\/2021\/11\/pauliceia-300x225.jpg 300w, https:\/\/jorgezanoni.com.br\/2019\/wp-content\/uploads\/2021\/11\/pauliceia-80x60.jpg 80w, https:\/\/jorgezanoni.com.br\/2019\/wp-content\/uploads\/2021\/11\/pauliceia-265x198.jpg 265w, https:\/\/jorgezanoni.com.br\/2019\/wp-content\/uploads\/2021\/11\/pauliceia-696x522.jpg 696w, https:\/\/jorgezanoni.com.br\/2019\/wp-content\/uploads\/2021\/11\/pauliceia-560x420.jpg 560w\" sizes=\"auto, (max-width: 720px) 100vw, 720px\" \/><\/p>\n<p style=\"text-align: justify;\">POL\u00cdCIA MILITAR PRENDE RAPIDAMENTE HOMEM POR TENTATIVA DE HOMIC\u00cdDIO EM OSVALDO CRUZ<\/p>\n<p style=\"text-align: justify;\">Na data de hoje (08) por volta das 06h na cidade de Osvaldo Cruz pela Rua Said Jundi, Centro, segundo a testemunha (propriet\u00e1rio de um bar) ele estava no com\u00e9rcio, quando o autor (22 anos) pediu bebidas e cigarro no valor de R$ 122,00, na tentativa de passar o cart\u00e3o, (tentado por 2 vezes) n\u00e3o obteve \u00eaxito. Solicitou que fosse pago a taxa de entrega, onde ao trazer o dinheiro da taxa de entrega R$ 10,00, o autor passou a xingar as pessoas que estavam no local, e segundo ele (autor) foi agredido por tr\u00eas pessoas, sendo uma delas a v\u00edtima e depois disso foi embora.<\/p>\n<p style=\"text-align: justify;\">A v\u00edtima, entregador, inconformado com os xingamentos foi atr\u00e1s do autor para conversar, sendo encontrado pelas testemunhas ca\u00eddo no ch\u00e3o pr\u00f3ximo a motocicleta, com uma perfura\u00e7\u00e3o a faca logo abaixo da costela. A v\u00edtima foi socorrida passou por cirurgia, n\u00e3o temos demais Informa\u00e7\u00f5es.<\/p>\n<p style=\"text-align: justify;\">O autor correu para a resid\u00eancia, local que foi localizado pela equipe da Pol\u00edcia Militar, sendo preso em flagrante delito pelo crime de tentativa de homic\u00eddio.<\/p>\n<p style=\"text-align: justify;\">A faca utilizada no crime n\u00e3o foi localizada.<\/p>\n<p style=\"text-align: justify;\">#25bpmi<br \/>\n#cpi8<br \/>\n#POLICIAMILITARSP<br \/>\n#AFOR\u00c7AP\u00daBLICADES\u00c3OPAULO<br \/>\nComunica\u00e7\u00e3o Social do 25BPMI e regi\u00e3o<\/p>\n<p style=\"text-align: justify;\">EM OSVALDO CRUZ, AP\u00d3S DESINTELIG\u00caNCIA, HOMEM AGRIDE A ESPOSA E ACABA PRESO EM FLAGRANTE PELA POL\u00cdCIA MILITAR.<\/p>\n<p style=\"text-align: justify;\">Ocorr\u00eancia registrada neste 06 de novembro, 23h27min, na Rua Jap\u00e3o, Vila Santa Helena.<\/p>\n<p style=\"text-align: justify;\">ACIONADOS VIA COPOM PARA ATENDIMENTO DE OCORR\u00caNCIA DE VIOL\u00caNCIA DOM\u00c9STICA POLICIAIS MILITARES FIZERAM CONTATO COM A V\u00cdTIMA FEMININO, 56 ANOS, QUE RELATOU A EQUIPE QUE AO NEGAR A SEU COMPANHEIRO A PR\u00c1TICA DE RELA\u00c7\u00c3O SEXUAL A SEU COMPANHEIRO, 52 ANOS, FOI AGREDIDA COM UM SOCO NO ROSTO (APRESENTANDO HEMATOMA).<br \/>\nEM CONTATO COM O INDIV\u00cdDUO, ESTE DECLAROU QUE AP\u00d3S A NEGATIVA, PEGOU O VENTILADOR E FOI DORMIR NA SALA, ACAO QUE MOTIVOU UM DISCUSS\u00c3O.<br \/>\nVITIMA PASSOU POR ATENDIMENTO M\u00c9DICO, E AUTOR RECEBEU VOZ DE PRIS\u00c3O EM FLAGRANTE POR<br \/>\nPOR VIOL\u00caNCIA DOM\u00c9STICA PERMANECENDO A DISPOSI\u00c3O DA JUSTI\u00c7A.<\/p>\n<p style=\"text-align: justify;\">POL\u00cdCIA MILITAR ESCLARECE FURTO E PRENDE AUTORES<\/p>\n<p style=\"text-align: justify;\">A unidade de servi\u00e7o de Paulic\u00e9ia ap\u00f3s elucidar um furto \u00e0 motocicleta, obteve a informa\u00e7\u00e3o que o autor (adolescente, 15 anos) tamb\u00e9m teria participa\u00e7\u00e3o de um furto a ve\u00edculo, Ford Corcel II, com mais 03 (tr\u00eas) indiv\u00edduos, na cidade de Panorama, que foi localizado abandonado na cidade de Paulic\u00e9ia em data anterior. Em posse das caracter\u00edsticas dos outros autores, iniciou diligencias, obtendo \u00eaxito em localizar os outros 02 (dois) sindicados (adolescentes 15 anos e 16 anos) e 01 (um) indiciado (homem, 30 anos), no Bairro Marrecas em Panorama. Durante abordagem, ao serem indagados a respeito do furto ocorrido, confessaram o envolvimento e relatando que haviam utilizado de uma chave falsa para ligar o ve\u00edculo. Diante dos fatos os 03 indiv\u00edduos permaneceram a disposi\u00e7\u00e3o da Justi\u00e7a e mais um furto foi esclarecido.<\/p>\n<p style=\"text-align: justify;\">#25BPMI4CIAPM<br \/>\n#POL\u00cdCIAMILITARSP<br \/>\n#AFOR\u00c7AP\u00daBLICADES\u00c3OPAULO<\/p>\n<p>COMUNICA\u00c7\u00c3O SOCIAL DO 25\u00ba BPM\/I 4\u00aa CIA PM<\/p>\n","protected":false},"excerpt":{"rendered":"<p>ACIDENTE DE TR\u00c2NSITO COM V\u00cdTIMA FATAL EM LUC\u00c9LIA No dia 07NOV21 por volta das 11h49min pelo Bairro Guataporanga na cidade de Luc\u00e9lia foi visualizado pela equipe da Pol\u00edcia Militar um indiv\u00edduo do sexo masculino (45 anos) prensado entre dois caminh\u00f5es Caminh\u00e3o trator Marca\/Modelo: VW\/25.420 CTC 6X2 Ano Fabrica\u00e7\u00e3o: 2014 Categoria: aluguel cor: branca e semi-reboque [&hellip;]<\/p>\n","protected":false},"author":1,"featured_media":56053,"comment_status":"closed","ping_status":"open","sticky":false,"template":"","format":"standard","meta":{"footnotes":""},"categories":[110,2],"tags":[],"class_list":["post-56050","post","type-post","status-publish","format-standard","has-post-thumbnail","hentry","category-noticiasdestaque","category-policial"],"_links":{"self":[{"href":"https:\/\/jorgezanoni.com.br\/2019\/wp-json\/wp\/v2\/posts\/56050","targetHints":{"allow":["GET"]}}],"collection":[{"href":"https:\/\/jorgezanoni.com.br\/2019\/wp-json\/wp\/v2\/posts"}],"about":[{"href":"https:\/\/jorgezanoni.com.br\/2019\/wp-json\/wp\/v2\/types\/post"}],"author":[{"embeddable":true,"href":"https:\/\/jorgezanoni.com.br\/2019\/wp-json\/wp\/v2\/users\/1"}],"replies":[{"embeddable":true,"href":"https:\/\/jorgezanoni.com.br\/2019\/wp-json\/wp\/v2\/comments?post=56050"}],"version-history":[{"count":0,"href":"https:\/\/jorgezanoni.com.br\/2019\/wp-json\/wp\/v2\/posts\/56050\/revisions"}],"wp:featuredmedia":[{"embeddable":true,"href":"https:\/\/jorgezanoni.com.br\/2019\/wp-json\/wp\/v2\/media\/56053"}],"wp:attachment":[{"href":"https:\/\/jorgezanoni.com.br\/2019\/wp-json\/wp\/v2\/media?parent=56050"}],"wp:term":[{"taxonomy":"category","embeddable":true,"href":"https:\/\/jorgezanoni.com.br\/2019\/wp-json\/wp\/v2\/categories?post=56050"},{"taxonomy":"post_tag","embeddable":true,"href":"https:\/\/jorgezanoni.com.br\/2019\/wp-json\/wp\/v2\/tags?post=56050"}],"curies":[{"name":"wp","href":"https:\/\/api.w.org\/{rel}","templated":true}]}}