{"id":56038,"date":"2021-11-07T14:48:32","date_gmt":"2021-11-07T14:48:32","guid":{"rendered":"https:\/\/jorgezanoni.com.br\/2019\/?p=56038"},"modified":"2021-11-07T14:48:32","modified_gmt":"2021-11-07T14:48:32","slug":"policia-civil-cumpre-mandados-em-operacao-contra-suspeitos-de-roubo-ocorrido-em-panorama","status":"publish","type":"post","link":"https:\/\/jorgezanoni.com.br\/2019\/policia-civil-cumpre-mandados-em-operacao-contra-suspeitos-de-roubo-ocorrido-em-panorama\/","title":{"rendered":"Pol\u00edcia Civil cumpre mandados em opera\u00e7\u00e3o contra suspeitos de roubo ocorrido em Panorama"},"content":{"rendered":"<p style=\"text-align: justify;\"><strong>O trabalho policial teve in\u00edcio, ap\u00f3s um assalto a uma fam\u00edlia em uma ch\u00e1cara, no munic\u00edpio de Panorama. Na a\u00e7\u00e3o tr\u00eas homens foram presos, um de 24 anos e outros dois ambos de 25 anos, um outro suspeito n\u00e3o foi localizado e j\u00e1 \u00e9 considerado como foragido da Justi\u00e7a<\/strong><\/p>\n<p style=\"text-align: justify;\">\nA Pol\u00edcia Civil, por interm\u00e9dio da Delegacia de Pol\u00edcia de Panorama, com apoio de agentes da Delegacia de Pol\u00edcia de Paulic\u00e9ia, cumpriu neste s\u00e1bado (6), mandados de pris\u00e3o e de busca e apreens\u00e3o em uma opera\u00e7\u00e3o contra suspeitos investigados por crime de roubo ocorrido na madrugada do \u00faltimo s\u00e1bado (30), em uma ch\u00e1cara, no munic\u00edpio de Panorama. Na ocasi\u00e3o, um casal de idosos e a filha tiveram pertences, ve\u00edculo e valores em esp\u00e9cies levados pelos roubadores.<br \/>\nDe imediato, logo ap\u00f3s o crime, a Pol\u00edcia Civil iniciou as investiga\u00e7\u00f5es e identificou quem seriam os supostos autores do delito, sendo que a autoridade policial representou pelo pedido de pris\u00e3o tempor\u00e1rias dos indiv\u00edduos. Os quais foram cumpridos neste s\u00e1bado (6), as pris\u00f5es dos suspeitos ocorreram na cidade de Presidente Epit\u00e1cio.<br \/>\nTr\u00eas homens foram presos, um de 24 anos e outros de dois ambos de 24 anos. Um quarto homem suspeito n\u00e3o foi localizado e j\u00e1 \u00e9 considerado como foragido da Justi\u00e7a.<br \/>\nAparelhos celulares dos envolvidos tamb\u00e9m foram apreendidos. Os presos foram encaminhados para Cadeia de Presidente Venceslau, a pris\u00e3o tempor\u00e1ria tem prazo de cinco dias, podendo ser prorrog\u00e1vel por igual per\u00edodo, ou podendo ainda ser convertida em pris\u00e3o preventiva.<\/p>\n<p style=\"text-align: justify;\">Fonte: Com. Social Pol\u00edcia Civil<\/p>\n","protected":false},"excerpt":{"rendered":"<p>O trabalho policial teve in\u00edcio, ap\u00f3s um assalto a uma fam\u00edlia em uma ch\u00e1cara, no munic\u00edpio de Panorama. Na a\u00e7\u00e3o tr\u00eas homens foram presos, um de 24 anos e outros dois ambos de 25 anos, um outro suspeito n\u00e3o foi localizado e j\u00e1 \u00e9 considerado como foragido da Justi\u00e7a A Pol\u00edcia Civil, por interm\u00e9dio da [&hellip;]<\/p>\n","protected":false},"author":1,"featured_media":56039,"comment_status":"closed","ping_status":"open","sticky":false,"template":"","format":"standard","meta":{"footnotes":""},"categories":[110,2],"tags":[],"class_list":["post-56038","post","type-post","status-publish","format-standard","has-post-thumbnail","hentry","category-noticiasdestaque","category-policial"],"_links":{"self":[{"href":"https:\/\/jorgezanoni.com.br\/2019\/wp-json\/wp\/v2\/posts\/56038","targetHints":{"allow":["GET"]}}],"collection":[{"href":"https:\/\/jorgezanoni.com.br\/2019\/wp-json\/wp\/v2\/posts"}],"about":[{"href":"https:\/\/jorgezanoni.com.br\/2019\/wp-json\/wp\/v2\/types\/post"}],"author":[{"embeddable":true,"href":"https:\/\/jorgezanoni.com.br\/2019\/wp-json\/wp\/v2\/users\/1"}],"replies":[{"embeddable":true,"href":"https:\/\/jorgezanoni.com.br\/2019\/wp-json\/wp\/v2\/comments?post=56038"}],"version-history":[{"count":0,"href":"https:\/\/jorgezanoni.com.br\/2019\/wp-json\/wp\/v2\/posts\/56038\/revisions"}],"wp:featuredmedia":[{"embeddable":true,"href":"https:\/\/jorgezanoni.com.br\/2019\/wp-json\/wp\/v2\/media\/56039"}],"wp:attachment":[{"href":"https:\/\/jorgezanoni.com.br\/2019\/wp-json\/wp\/v2\/media?parent=56038"}],"wp:term":[{"taxonomy":"category","embeddable":true,"href":"https:\/\/jorgezanoni.com.br\/2019\/wp-json\/wp\/v2\/categories?post=56038"},{"taxonomy":"post_tag","embeddable":true,"href":"https:\/\/jorgezanoni.com.br\/2019\/wp-json\/wp\/v2\/tags?post=56038"}],"curies":[{"name":"wp","href":"https:\/\/api.w.org\/{rel}","templated":true}]}}