{"id":56032,"date":"2021-11-07T13:54:59","date_gmt":"2021-11-07T13:54:59","guid":{"rendered":"https:\/\/jorgezanoni.com.br\/2019\/?p=56032"},"modified":"2021-11-07T13:54:59","modified_gmt":"2021-11-07T13:54:59","slug":"capotamento-em-avenida-no-centro-de-dracena-na-manha-deste-domingo","status":"publish","type":"post","link":"https:\/\/jorgezanoni.com.br\/2019\/capotamento-em-avenida-no-centro-de-dracena-na-manha-deste-domingo\/","title":{"rendered":"Capotamento em Avenida no centro de Dracena na manh\u00e3 deste domingo"},"content":{"rendered":"<p style=\"text-align: justify;\"><strong>Condutor do Ve\u00edculo foi socorrido com ferimentos leves.<\/strong><\/p>\n<p style=\"text-align: justify;\">Por volta de 08 Hs. deste domingo (7), foi registrado um capotamento de ve\u00edculo no centro de Dracena.<\/p>\n<p style=\"text-align: justify;\">Segundo informa\u00e7\u00f5es obtidas no local pela reportagem do Site JZ, um ve\u00edculo VW Gol placas Mercosul, dirigido por um jovem,\u00a0 fazia o sentido centro\/bairro pela Avenida Rua Barbosa no trecho entre as Avenidas Presidente Roosevelt e Vargas, quando o condutor teria perdido o controle de dire\u00e7\u00e3o e capotado.<\/p>\n<p style=\"text-align: justify;\">Um segundo Ve\u00edculo que estava regularmente estacionado, foi atingido com a roda do Gol, de rasp\u00e3o.<\/p>\n<p style=\"text-align: justify;\">O condutor do carro capotado foi socorrido ao Pronto Atendimento Municipal por uma Unidade de Resgate do Corpo de Bombeiros aparentemente apenas com escoria\u00e7\u00f5es.<\/p>\n<p style=\"text-align: justify;\">As Pol\u00edcia Militar esteve no local para controlar o tr\u00e2nsito e registrar o B.O. e a Pol\u00edcia T\u00e9cnica vai apurar as causas do acidente.<\/p>\n<p><img loading=\"lazy\" decoding=\"async\" class=\"alignnone size-full wp-image-56034\" src=\"https:\/\/jorgezanoni.com.br\/2019\/wp-content\/uploads\/2021\/11\/IMG_1111-2.jpg\" alt=\"\" width=\"800\" height=\"563\" srcset=\"https:\/\/jorgezanoni.com.br\/2019\/wp-content\/uploads\/2021\/11\/IMG_1111-2.jpg 800w, https:\/\/jorgezanoni.com.br\/2019\/wp-content\/uploads\/2021\/11\/IMG_1111-2-300x211.jpg 300w, https:\/\/jorgezanoni.com.br\/2019\/wp-content\/uploads\/2021\/11\/IMG_1111-2-768x540.jpg 768w, https:\/\/jorgezanoni.com.br\/2019\/wp-content\/uploads\/2021\/11\/IMG_1111-2-100x70.jpg 100w, https:\/\/jorgezanoni.com.br\/2019\/wp-content\/uploads\/2021\/11\/IMG_1111-2-696x490.jpg 696w, https:\/\/jorgezanoni.com.br\/2019\/wp-content\/uploads\/2021\/11\/IMG_1111-2-597x420.jpg 597w\" sizes=\"auto, (max-width: 800px) 100vw, 800px\" \/> <img loading=\"lazy\" decoding=\"async\" class=\"alignnone size-full wp-image-56035\" src=\"https:\/\/jorgezanoni.com.br\/2019\/wp-content\/uploads\/2021\/11\/IMG_1112-2.jpg\" alt=\"\" width=\"800\" height=\"699\" srcset=\"https:\/\/jorgezanoni.com.br\/2019\/wp-content\/uploads\/2021\/11\/IMG_1112-2.jpg 800w, https:\/\/jorgezanoni.com.br\/2019\/wp-content\/uploads\/2021\/11\/IMG_1112-2-300x262.jpg 300w, https:\/\/jorgezanoni.com.br\/2019\/wp-content\/uploads\/2021\/11\/IMG_1112-2-768x671.jpg 768w, https:\/\/jorgezanoni.com.br\/2019\/wp-content\/uploads\/2021\/11\/IMG_1112-2-696x608.jpg 696w, https:\/\/jorgezanoni.com.br\/2019\/wp-content\/uploads\/2021\/11\/IMG_1112-2-481x420.jpg 481w\" sizes=\"auto, (max-width: 800px) 100vw, 800px\" \/> <img loading=\"lazy\" decoding=\"async\" class=\"alignnone size-full wp-image-56036\" src=\"https:\/\/jorgezanoni.com.br\/2019\/wp-content\/uploads\/2021\/11\/IMG_1113-2.jpg\" alt=\"\" width=\"800\" height=\"506\" srcset=\"https:\/\/jorgezanoni.com.br\/2019\/wp-content\/uploads\/2021\/11\/IMG_1113-2.jpg 800w, https:\/\/jorgezanoni.com.br\/2019\/wp-content\/uploads\/2021\/11\/IMG_1113-2-300x190.jpg 300w, https:\/\/jorgezanoni.com.br\/2019\/wp-content\/uploads\/2021\/11\/IMG_1113-2-768x486.jpg 768w, https:\/\/jorgezanoni.com.br\/2019\/wp-content\/uploads\/2021\/11\/IMG_1113-2-696x440.jpg 696w, https:\/\/jorgezanoni.com.br\/2019\/wp-content\/uploads\/2021\/11\/IMG_1113-2-664x420.jpg 664w\" sizes=\"auto, (max-width: 800px) 100vw, 800px\" \/><\/p>\n<p style=\"text-align: justify;\">Jorge Zanoni<\/p>\n<p>&nbsp;<\/p>\n<p>&nbsp;<\/p>\n","protected":false},"excerpt":{"rendered":"<p>Condutor do Ve\u00edculo foi socorrido com ferimentos leves. Por volta de 08 Hs. deste domingo (7), foi registrado um capotamento de ve\u00edculo no centro de Dracena. Segundo informa\u00e7\u00f5es obtidas no local pela reportagem do Site JZ, um ve\u00edculo VW Gol placas Mercosul, dirigido por um jovem,\u00a0 fazia o sentido centro\/bairro pela Avenida Rua Barbosa no [&hellip;]<\/p>\n","protected":false},"author":1,"featured_media":56033,"comment_status":"closed","ping_status":"open","sticky":false,"template":"","format":"standard","meta":{"footnotes":""},"categories":[170,110],"tags":[],"class_list":["post-56032","post","type-post","status-publish","format-standard","has-post-thumbnail","hentry","category-acidentes","category-noticiasdestaque"],"_links":{"self":[{"href":"https:\/\/jorgezanoni.com.br\/2019\/wp-json\/wp\/v2\/posts\/56032","targetHints":{"allow":["GET"]}}],"collection":[{"href":"https:\/\/jorgezanoni.com.br\/2019\/wp-json\/wp\/v2\/posts"}],"about":[{"href":"https:\/\/jorgezanoni.com.br\/2019\/wp-json\/wp\/v2\/types\/post"}],"author":[{"embeddable":true,"href":"https:\/\/jorgezanoni.com.br\/2019\/wp-json\/wp\/v2\/users\/1"}],"replies":[{"embeddable":true,"href":"https:\/\/jorgezanoni.com.br\/2019\/wp-json\/wp\/v2\/comments?post=56032"}],"version-history":[{"count":0,"href":"https:\/\/jorgezanoni.com.br\/2019\/wp-json\/wp\/v2\/posts\/56032\/revisions"}],"wp:featuredmedia":[{"embeddable":true,"href":"https:\/\/jorgezanoni.com.br\/2019\/wp-json\/wp\/v2\/media\/56033"}],"wp:attachment":[{"href":"https:\/\/jorgezanoni.com.br\/2019\/wp-json\/wp\/v2\/media?parent=56032"}],"wp:term":[{"taxonomy":"category","embeddable":true,"href":"https:\/\/jorgezanoni.com.br\/2019\/wp-json\/wp\/v2\/categories?post=56032"},{"taxonomy":"post_tag","embeddable":true,"href":"https:\/\/jorgezanoni.com.br\/2019\/wp-json\/wp\/v2\/tags?post=56032"}],"curies":[{"name":"wp","href":"https:\/\/api.w.org\/{rel}","templated":true}]}}