{"id":56003,"date":"2021-11-06T19:12:00","date_gmt":"2021-11-06T19:12:00","guid":{"rendered":"https:\/\/jorgezanoni.com.br\/2019\/?p=56003"},"modified":"2021-11-06T19:12:00","modified_gmt":"2021-11-06T19:12:00","slug":"papai-noel-tem-data-para-chegar-em-dracena-e-comercio-abre-no-aniversario-da-cidade","status":"publish","type":"post","link":"https:\/\/jorgezanoni.com.br\/2019\/papai-noel-tem-data-para-chegar-em-dracena-e-comercio-abre-no-aniversario-da-cidade\/","title":{"rendered":"Papai  Noel tem data para chegar em Dracena e com\u00e9rcio abre no Anivers\u00e1rio da cidade"},"content":{"rendered":"<p style=\"text-align: justify;\"><strong>O Papai Noel j\u00e1 tem data marcada para chegar em Dracena! \ud83c\udf85\u2728<\/strong><\/p>\n<p style=\"text-align: justify;\"><img loading=\"lazy\" decoding=\"async\" class=\"alignnone size-full wp-image-56005\" src=\"https:\/\/jorgezanoni.com.br\/2019\/wp-content\/uploads\/2021\/11\/Natal1.jpg\" alt=\"\" width=\"1280\" height=\"1280\" srcset=\"https:\/\/jorgezanoni.com.br\/2019\/wp-content\/uploads\/2021\/11\/Natal1.jpg 1280w, https:\/\/jorgezanoni.com.br\/2019\/wp-content\/uploads\/2021\/11\/Natal1-300x300.jpg 300w, https:\/\/jorgezanoni.com.br\/2019\/wp-content\/uploads\/2021\/11\/Natal1-1024x1024.jpg 1024w, https:\/\/jorgezanoni.com.br\/2019\/wp-content\/uploads\/2021\/11\/Natal1-150x150.jpg 150w, https:\/\/jorgezanoni.com.br\/2019\/wp-content\/uploads\/2021\/11\/Natal1-768x768.jpg 768w, https:\/\/jorgezanoni.com.br\/2019\/wp-content\/uploads\/2021\/11\/Natal1-696x696.jpg 696w, https:\/\/jorgezanoni.com.br\/2019\/wp-content\/uploads\/2021\/11\/Natal1-1068x1068.jpg 1068w, https:\/\/jorgezanoni.com.br\/2019\/wp-content\/uploads\/2021\/11\/Natal1-420x420.jpg 420w\" sizes=\"auto, (max-width: 1280px) 100vw, 1280px\" \/><\/p>\n<p>O Bom Velhinho est\u00e1 se preparando para encontrar voc\u00ea, trazendo toda a magia do Natal. Para tornar esse dia ainda mais incr\u00edvel, diversas atra\u00e7\u00f5es far\u00e3o a alegria da crian\u00e7ada. \ud83c\udf1f<br \/>\n.<br \/>\n\ud83c\udf85 Chegada do Papai Noel;<br \/>\n\ud83d\uddd3 13 de dezembro (segunda-feira);<br \/>\n\u23f0 A partir das 20h;<br \/>\n\ud83d\udccd Desfile pelo centro da cidade e chegada na Pra\u00e7a Arthur Pagnozzi;<br \/>\n.<br \/>\n\ud83c\udf32 Obedecendo todos os protocolos exigidos.<br \/>\n.<br \/>\nRealiza\u00e7\u00e3o: Associa\u00e7\u00e3o Comercial e Empresarial de Dracena e Prefeitura de Dracena (Secretaria Municipal de Cultura e Turismo).<\/p>\n<p style=\"text-align: justify;\">#Natal #PapaiNoel #Magia #ChegadaPapaiNoel #dracena #associa\u00e7\u00e3ocomercial #prefeituradedracena<\/p>\n<p><strong>HOR\u00c1RIOS DO COM\u00c9RCIO<\/strong><\/p>\n<p style=\"text-align: justify;\">Em rela\u00e7\u00e3o ao nosso hor\u00e1rio para o fim de ano informamos que os sindicatos patronal e dos comerci\u00e1rios est\u00e3o finalizando a negocia\u00e7\u00e3o de como ir\u00e1 funcionar o nosso com\u00e9rcio.<\/p>\n<p style=\"text-align: justify;\">Mas estamos adiantando a todos que:<br \/>\nDias 26\/11 sexta-feira o hor\u00e1rio ser\u00e1 das 9:00 \u00e0s 22:00 com a inaugura\u00e7\u00e3o do acender das luzes de Natal e no dia 27\/11 s\u00e1bado das 9:00 \u00e0s 15:00 ( Black Friday).<\/p>\n<p style=\"text-align: justify;\">O hor\u00e1rio noturno ter\u00e1 in\u00edcio no dia 13\/12 (segunda-feira) com a chegada do Papai Noel.<\/p>\n<p style=\"text-align: justify;\">O feriado do Anivers\u00e1rio de Dracena dia 08\/12 (quarta-feira) o hor\u00e1rio ser\u00e1 das 8:00 \u00e0s 14:00 e essa data como compensa\u00e7\u00e3o ser\u00e1 trocada pela segunda-feira de carnaval.<\/p>\n<p style=\"text-align: justify;\">Assim que for definido a grade do hor\u00e1rio informaremos a todos.<\/p>\n<p>Fonte: ACE<\/p>\n","protected":false},"excerpt":{"rendered":"<p>O Papai Noel j\u00e1 tem data marcada para chegar em Dracena! \ud83c\udf85\u2728 O Bom Velhinho est\u00e1 se preparando para encontrar voc\u00ea, trazendo toda a magia do Natal. Para tornar esse dia ainda mais incr\u00edvel, diversas atra\u00e7\u00f5es far\u00e3o a alegria da crian\u00e7ada. \ud83c\udf1f . \ud83c\udf85 Chegada do Papai Noel; \ud83d\uddd3 13 de dezembro (segunda-feira); \u23f0 A [&hellip;]<\/p>\n","protected":false},"author":1,"featured_media":56004,"comment_status":"closed","ping_status":"open","sticky":false,"template":"","format":"standard","meta":{"footnotes":""},"categories":[175,179,114,110],"tags":[],"class_list":["post-56003","post","type-post","status-publish","format-standard","has-post-thumbnail","hentry","category-artigos","category-cidadeseregiao","category-geralecomercio","category-noticiasdestaque"],"_links":{"self":[{"href":"https:\/\/jorgezanoni.com.br\/2019\/wp-json\/wp\/v2\/posts\/56003","targetHints":{"allow":["GET"]}}],"collection":[{"href":"https:\/\/jorgezanoni.com.br\/2019\/wp-json\/wp\/v2\/posts"}],"about":[{"href":"https:\/\/jorgezanoni.com.br\/2019\/wp-json\/wp\/v2\/types\/post"}],"author":[{"embeddable":true,"href":"https:\/\/jorgezanoni.com.br\/2019\/wp-json\/wp\/v2\/users\/1"}],"replies":[{"embeddable":true,"href":"https:\/\/jorgezanoni.com.br\/2019\/wp-json\/wp\/v2\/comments?post=56003"}],"version-history":[{"count":0,"href":"https:\/\/jorgezanoni.com.br\/2019\/wp-json\/wp\/v2\/posts\/56003\/revisions"}],"wp:featuredmedia":[{"embeddable":true,"href":"https:\/\/jorgezanoni.com.br\/2019\/wp-json\/wp\/v2\/media\/56004"}],"wp:attachment":[{"href":"https:\/\/jorgezanoni.com.br\/2019\/wp-json\/wp\/v2\/media?parent=56003"}],"wp:term":[{"taxonomy":"category","embeddable":true,"href":"https:\/\/jorgezanoni.com.br\/2019\/wp-json\/wp\/v2\/categories?post=56003"},{"taxonomy":"post_tag","embeddable":true,"href":"https:\/\/jorgezanoni.com.br\/2019\/wp-json\/wp\/v2\/tags?post=56003"}],"curies":[{"name":"wp","href":"https:\/\/api.w.org\/{rel}","templated":true}]}}