{"id":55986,"date":"2021-11-06T00:08:15","date_gmt":"2021-11-06T00:08:15","guid":{"rendered":"https:\/\/jorgezanoni.com.br\/2019\/?p=55986"},"modified":"2021-11-06T00:08:15","modified_gmt":"2021-11-06T00:08:15","slug":"unifadra-realiza-o-12o-encontro-cientifico-da-alta-paulista-ecap","status":"publish","type":"post","link":"https:\/\/jorgezanoni.com.br\/2019\/unifadra-realiza-o-12o-encontro-cientifico-da-alta-paulista-ecap\/","title":{"rendered":"Unifadra realiza o 12\u00ba Encontro Cient\u00edfico da Alta Paulista (ECAP)"},"content":{"rendered":"<p style=\"text-align: justify;\"><i><strong><span style=\"font-size: large;\">Na pr\u00f3xima semana, acad\u00eamicos e profissionais se re\u00fanem para compartilhar o resultado de suas pesquisas.<\/span><\/strong><br \/>\n<\/i><\/p>\n<p><span style=\"font-size: large;\">De 8 a 12 de novembro, a Unifadra realiza a 12\u00aa edi\u00e7\u00e3o do Encontro Cient\u00edfico da Alta Paulista (ECAP). Neste ano, o evento abre espa\u00e7o para discuss\u00f5es sobre direitos humanos, igualdade social, inclus\u00e3o, sa\u00fade, humaniza\u00e7\u00e3o, tecnologia, educa\u00e7\u00e3o e ci\u00eancia.<\/span><\/p>\n<p><span style=\"font-size: large;\">Mantendo o formato da edi\u00e7\u00e3o 2020, o ECAP ter\u00e1 novamente apresenta\u00e7\u00f5es on-line visando \u00e0 intera\u00e7\u00e3o dos autores com os docentes, alunos participantes do evento e toda a comunidade externa.<\/span><\/p>\n<p><span style=\"font-size: large;\">Com cerca de 550 pessoas inscritas, este encontro cient\u00edfico \u00e9 desenvolvido por uma comiss\u00e3o organizadora, pelos departamentos de Ensino, Pesquisa e Extens\u00e3o e cursos de gradua\u00e7\u00e3o da Unifadra.<\/span><\/p>\n<p><span style=\"font-size: large;\">As palestras est\u00e3o concentradas \u00e0s 19h30, mas algumas atividades ter\u00e3o hor\u00e1rio diferenciado. J\u00e1 as apresenta\u00e7\u00f5es dos trabalhos cient\u00edficos est\u00e3o concentradas nos dias 10, 11 e 12 de novembro. A programa\u00e7\u00e3o completa e os links de cada sala est\u00e3o no gradeamento dispon\u00edvel no site do evento:\u00a0<a href=\"https:\/\/fundec.edu.br\/unifadra\/ecap\" target=\"_blank\" rel=\"noopener noreferrer\">https:\/\/fundec.edu.br\/unifadra\/ecap<\/a><\/span><\/p>\n<p><span style=\"font-size: large;\"><b>Temas abordados no evento:<\/b><br \/>\n<\/span><\/p>\n<ul style=\"text-align: justify;\">\n<li><span style=\"font-size: large;\">Gest\u00e3o do Esporte na Escola (Dr. Eduard Bendrath)<\/span><\/li>\n<li><span style=\"font-size: large;\">A solid\u00e3o de idosos na era das conex\u00f5es e redes sociais (Dra. Luciana Kusumota)<\/span><\/li>\n<li><span style=\"font-size: large;\">O texto liter\u00e1rio na escola: ler ou contar hist\u00f3rias para as crian\u00e7as? (Ma. Ana Paula Carneiro)<\/span><\/li>\n<li><span style=\"font-size: large;\">Entre prosas e poesias: a psican\u00e1lise cotidiana (Esp. Eduardo Antoniassi Oliveira)<\/span><\/li>\n<li><span style=\"font-size: large;\">Avalia\u00e7\u00e3o Psicol\u00f3gica e suas diretrizes (Dra. Patr\u00edcia de Souza Almeida)<\/span><\/li>\n<li><span style=\"font-size: large;\">Tr\u00edplice dos Dados: a rela\u00e7\u00e3o entre a Engenharia de Dados, Ci\u00eancia de Dados e Analytics (Me. Gustavo Marttos C\u00e1ceres Pereira)<\/span><\/li>\n<li><span style=\"font-size: large;\">Desafios na Cirurgia Oncol\u00f3gica (Dr. Andr\u00e9 Genaro)<\/span><\/li>\n<li><span style=\"font-size: large;\">A contribui\u00e7\u00e3o da Educa\u00e7\u00e3o F\u00edsica nos diversos campos de atua\u00e7\u00e3o profissional (Esp. Jo\u00e3o Roberto Vicentini)<\/span><\/li>\n<li><span style=\"font-size: large;\">O panorama das doen\u00e7as cr\u00f4nicas n\u00e3o transmiss\u00edveis no Brasil (Dra. Tatiana Carvalho Reis Martins)<\/span><\/li>\n<li><span style=\"font-size: large;\">Conto Amor, de Clarice Lispector: uma an\u00e1lise &#8220;psicoliter\u00e1ria&#8221; nas liga\u00e7\u00f5es familiares e nas tens\u00f5es entre individual e coletivo (Ma. Lizandra Nascimento Martins e Ma. Andr\u00e9a Frizo de Carvalho Barbosa)<\/span><\/li>\n<li><span style=\"font-size: large;\">Educa\u00e7\u00e3o em Valores na Escola (Ma. Daniele Pavan Martins e Esp. F\u00e1tima Simone Silva Pereira Consoni)<\/span><\/li>\n<li><span style=\"font-size: large;\">Inova\u00e7\u00e3o Tecnol\u00f3gica e o Desenvolvimento Socioecon\u00f4mico: o papel do Analista de Sistemas e as oportunidades de empreendedorismo (Esp. Fernando Magno)<\/span><\/li>\n<li><span style=\"font-size: large;\">C\u00e2ncer de pele: preven\u00e7\u00e3o, diagn\u00f3stico e tratamento (Dr. Marco Ant\u00f4nio de Oliveira)<\/span><\/li>\n<li><span style=\"font-size: large;\">Transfer\u00eancia do Conhecimento em Sa\u00fade: o uso de interven\u00e7\u00f5es baseadas em evid\u00eancias para melhoria do cuidado (Ma. La\u00edse Escalianti Del Alamo Guarda)<\/span><\/li>\n<li><span style=\"font-size: large;\">Inova\u00e7\u00e3o e Tecnologia: refletindo sobre as pr\u00e1ticas pedag\u00f3gicas (Esp. Carlos Willian Zanelato Souza e Esp. La\u00edzi da Silva Santos)<\/span><\/li>\n<li><span style=\"font-size: large;\">A cl\u00ednica on-line como possibilidade: travessias fenomenol\u00f3gico-existenciais (Dra. Leandra Rossi)<\/span><\/li>\n<li><span style=\"font-size: large;\">ENCERRAMENTO (Coral Unifadra)<\/span><\/li>\n<\/ul>\n<p style=\"text-align: justify;\"><span style=\"font-size: large;\">O ECAP busca promover a atividade cient\u00edfica, permitindo a intera\u00e7\u00e3o de experi\u00eancias entre os participantes; divulgar a pesquisa cient\u00edfica realizada pelos alunos e docentes de Institui\u00e7\u00f5es de Ensino Superior; estimular o interesse pela inicia\u00e7\u00e3o cient\u00edfica entre os alunos e incentivar a pesquisa cient\u00edfica entre alunos e docentes da institui\u00e7\u00e3o promotora.<\/span><\/p>\n<p><b><span style=\"font-size: large;\">12\u00ba Encontro Cient\u00edfico da Alta Paulista (ECAP)<\/span><br \/>\n<\/b><span style=\"font-size: large;\"><b>Quando<\/b>: de 8 a 12 de novembro de 2021, \u00e0s 19h30<\/span><br \/>\n<span style=\"font-size: large;\"><b>Informa\u00e7\u00f5es<\/b>:\u00a0<a href=\"https:\/\/fundec.edu.br\/unifadra\/ecap\" target=\"_blank\" rel=\"noopener noreferrer\">https:\/\/fundec.edu.br\/unifadra\/ecap<\/a><\/span><\/p>\n<p>Fonte: Departamento de Comunica\u00e7\u00e3o da Fundec<\/p>\n","protected":false},"excerpt":{"rendered":"<p>Na pr\u00f3xima semana, acad\u00eamicos e profissionais se re\u00fanem para compartilhar o resultado de suas pesquisas. De 8 a 12 de novembro, a Unifadra realiza a 12\u00aa edi\u00e7\u00e3o do Encontro Cient\u00edfico da Alta Paulista (ECAP). Neste ano, o evento abre espa\u00e7o para discuss\u00f5es sobre direitos humanos, igualdade social, inclus\u00e3o, sa\u00fade, humaniza\u00e7\u00e3o, tecnologia, educa\u00e7\u00e3o e ci\u00eancia. Mantendo [&hellip;]<\/p>\n","protected":false},"author":1,"featured_media":55987,"comment_status":"closed","ping_status":"open","sticky":false,"template":"","format":"standard","meta":{"footnotes":""},"categories":[110,122],"tags":[],"class_list":["post-55986","post","type-post","status-publish","format-standard","has-post-thumbnail","hentry","category-noticiasdestaque","category-saudeeducacaoeconcurso"],"_links":{"self":[{"href":"https:\/\/jorgezanoni.com.br\/2019\/wp-json\/wp\/v2\/posts\/55986","targetHints":{"allow":["GET"]}}],"collection":[{"href":"https:\/\/jorgezanoni.com.br\/2019\/wp-json\/wp\/v2\/posts"}],"about":[{"href":"https:\/\/jorgezanoni.com.br\/2019\/wp-json\/wp\/v2\/types\/post"}],"author":[{"embeddable":true,"href":"https:\/\/jorgezanoni.com.br\/2019\/wp-json\/wp\/v2\/users\/1"}],"replies":[{"embeddable":true,"href":"https:\/\/jorgezanoni.com.br\/2019\/wp-json\/wp\/v2\/comments?post=55986"}],"version-history":[{"count":0,"href":"https:\/\/jorgezanoni.com.br\/2019\/wp-json\/wp\/v2\/posts\/55986\/revisions"}],"wp:featuredmedia":[{"embeddable":true,"href":"https:\/\/jorgezanoni.com.br\/2019\/wp-json\/wp\/v2\/media\/55987"}],"wp:attachment":[{"href":"https:\/\/jorgezanoni.com.br\/2019\/wp-json\/wp\/v2\/media?parent=55986"}],"wp:term":[{"taxonomy":"category","embeddable":true,"href":"https:\/\/jorgezanoni.com.br\/2019\/wp-json\/wp\/v2\/categories?post=55986"},{"taxonomy":"post_tag","embeddable":true,"href":"https:\/\/jorgezanoni.com.br\/2019\/wp-json\/wp\/v2\/tags?post=55986"}],"curies":[{"name":"wp","href":"https:\/\/api.w.org\/{rel}","templated":true}]}}