{"id":55982,"date":"2021-11-05T21:30:56","date_gmt":"2021-11-05T21:30:56","guid":{"rendered":"https:\/\/jorgezanoni.com.br\/2019\/?p=55982"},"modified":"2021-11-05T21:30:56","modified_gmt":"2021-11-05T21:30:56","slug":"marilia-mendonca-morre-em-queda-de-aviao-em-minas-gerais","status":"publish","type":"post","link":"https:\/\/jorgezanoni.com.br\/2019\/marilia-mendonca-morre-em-queda-de-aviao-em-minas-gerais\/","title":{"rendered":"Mar\u00edlia Mendon\u00e7a morre em queda de avi\u00e3o em Minas Gerais"},"content":{"rendered":"<h2 class=\"content-head__subtitle\" style=\"text-align: justify;\"><strong>Mais quatro pessoas morreram na queda: o produtor Henrique Ribeiro, o tio e assessor da cantora Abicieli Silveira Dias Filho, o piloto e o co-pilto do avi\u00e3o.<\/strong><\/h2>\n<p><img loading=\"lazy\" decoding=\"async\" class=\"alignnone size-full wp-image-55983\" src=\"https:\/\/jorgezanoni.com.br\/2019\/wp-content\/uploads\/2021\/11\/aviao.jpg\" alt=\"\" width=\"820\" height=\"492\" srcset=\"https:\/\/jorgezanoni.com.br\/2019\/wp-content\/uploads\/2021\/11\/aviao.jpg 820w, https:\/\/jorgezanoni.com.br\/2019\/wp-content\/uploads\/2021\/11\/aviao-300x180.jpg 300w, https:\/\/jorgezanoni.com.br\/2019\/wp-content\/uploads\/2021\/11\/aviao-768x461.jpg 768w, https:\/\/jorgezanoni.com.br\/2019\/wp-content\/uploads\/2021\/11\/aviao-696x418.jpg 696w, https:\/\/jorgezanoni.com.br\/2019\/wp-content\/uploads\/2021\/11\/aviao-700x420.jpg 700w\" sizes=\"auto, (max-width: 820px) 100vw, 820px\" \/><\/p>\n<div class=\"mc-column content-text active-extra-styles \" style=\"text-align: justify;\" data-block-type=\"unstyled\" data-block-weight=\"38\" data-block-id=\"2\">\n<p class=\"content-text__container \" data-track-category=\"Link no Texto\" data-track-links=\"\">A cantora Mar\u00edlia Mendon\u00e7a, de 26 anos, e mais quatro pessoas morreram na tarde desta sexta-feira (5) ap\u00f3s a queda de um avi\u00e3o de pequeno porte perto de uma cachoeira na serra de Caratinga, interior de Minas Gerais.<\/p>\n<\/div>\n<div class=\"wall protected-content\">\n<div class=\"mc-column content-text active-extra-styles \" data-block-type=\"unstyled\" data-block-weight=\"68\" data-block-id=\"3\">\n<p class=\"content-text__container \" style=\"text-align: justify;\" data-track-category=\"Link no Texto\" data-track-links=\"\">&#8220;Com imenso pesar, confirmamos a morte da cantora Mar\u00edlia Mendon\u00e7a, seu produtor Henrique Ribeiro, seu tio e assessor Abicieli Silveira Dias Filho, do piloto e copiloto do avi\u00e3o, os quais iremos preservar os nomes neste momento. O avi\u00e3o decolou de Goi\u00e2nia com destino a Caratinga\/MG, onde Mar\u00edlia teria uma apresenta\u00e7\u00e3o esta noite. De momento, s\u00e3o estas as informa\u00e7\u00f5es que temos.&#8221;, informou em nota a assessoria da cantora.<\/p>\n<div class=\"mc-column content-text active-extra-styles \" style=\"text-align: justify;\" data-block-type=\"unstyled\" data-block-weight=\"61\" data-block-id=\"6\">\n<p class=\"content-text__container \" data-track-category=\"Link no Texto\" data-track-links=\"\">Os bombeiros tamb\u00e9m confirmaram a morte atrav\u00e9s da seguinte nota: &#8220;O Corpo de Bombeiros Militar de Minas Gerais informa que nesta sexta (5), ocorreu a queda de uma aeronave de pequeno porte, modelo Beech Aircraft, na zona rural de Piedade de Caratinga. O CBMMG confirma que a aeronave transportava a cantora Mar\u00edlia Mendon\u00e7a e que ela est\u00e1 entre as v\u00edtimas fatais.&#8221;<\/p>\n<\/div>\n<div class=\"mc-column content-text active-extra-styles \" data-block-type=\"unstyled\" data-block-weight=\"43\" data-block-id=\"7\">\n<p class=\"content-text__container \" style=\"text-align: justify;\" data-track-category=\"Link no Texto\" data-track-links=\"\">Um representante da Pol\u00edcia Militar no local informou: &#8220;Infelizmente, em que pesem todos os esfor\u00e7os no local, de dif\u00edcil acesso, a informa\u00e7\u00e3o que se tem, repassada pelo m\u00e9dico, \u00e9 que as cinco pessoas que estavam na aeronave vieram a \u00f3bito. Continuam os trabalhos.&#8221;<\/p>\n<p style=\"text-align: justify;\" data-track-category=\"Link no Texto\" data-track-links=\"\">Fonte: https:\/\/g1.globo.com\/pop-arte\/musica\/noticia\/2021\/11\/05\/marilia-mendonca-morre-apos-queda-de-aviao-em-minas-gerais.ghtml<\/p>\n<\/div>\n<p data-track-category=\"Link no Texto\" data-track-links=\"\">\n<\/div>\n<\/div>\n","protected":false},"excerpt":{"rendered":"<p>Mais quatro pessoas morreram na queda: o produtor Henrique Ribeiro, o tio e assessor da cantora Abicieli Silveira Dias Filho, o piloto e o co-pilto do avi\u00e3o. A cantora Mar\u00edlia Mendon\u00e7a, de 26 anos, e mais quatro pessoas morreram na tarde desta sexta-feira (5) ap\u00f3s a queda de um avi\u00e3o de pequeno porte perto de [&hellip;]<\/p>\n","protected":false},"author":1,"featured_media":55984,"comment_status":"closed","ping_status":"open","sticky":false,"template":"","format":"standard","meta":{"footnotes":""},"categories":[170,183,110],"tags":[],"class_list":["post-55982","post","type-post","status-publish","format-standard","has-post-thumbnail","hentry","category-acidentes","category-musicaeturismo","category-noticiasdestaque"],"_links":{"self":[{"href":"https:\/\/jorgezanoni.com.br\/2019\/wp-json\/wp\/v2\/posts\/55982","targetHints":{"allow":["GET"]}}],"collection":[{"href":"https:\/\/jorgezanoni.com.br\/2019\/wp-json\/wp\/v2\/posts"}],"about":[{"href":"https:\/\/jorgezanoni.com.br\/2019\/wp-json\/wp\/v2\/types\/post"}],"author":[{"embeddable":true,"href":"https:\/\/jorgezanoni.com.br\/2019\/wp-json\/wp\/v2\/users\/1"}],"replies":[{"embeddable":true,"href":"https:\/\/jorgezanoni.com.br\/2019\/wp-json\/wp\/v2\/comments?post=55982"}],"version-history":[{"count":0,"href":"https:\/\/jorgezanoni.com.br\/2019\/wp-json\/wp\/v2\/posts\/55982\/revisions"}],"wp:featuredmedia":[{"embeddable":true,"href":"https:\/\/jorgezanoni.com.br\/2019\/wp-json\/wp\/v2\/media\/55984"}],"wp:attachment":[{"href":"https:\/\/jorgezanoni.com.br\/2019\/wp-json\/wp\/v2\/media?parent=55982"}],"wp:term":[{"taxonomy":"category","embeddable":true,"href":"https:\/\/jorgezanoni.com.br\/2019\/wp-json\/wp\/v2\/categories?post=55982"},{"taxonomy":"post_tag","embeddable":true,"href":"https:\/\/jorgezanoni.com.br\/2019\/wp-json\/wp\/v2\/tags?post=55982"}],"curies":[{"name":"wp","href":"https:\/\/api.w.org\/{rel}","templated":true}]}}