{"id":55946,"date":"2021-11-05T02:04:19","date_gmt":"2021-11-05T02:04:19","guid":{"rendered":"https:\/\/jorgezanoni.com.br\/2019\/?p=55946"},"modified":"2021-11-05T02:04:19","modified_gmt":"2021-11-05T02:04:19","slug":"autora-dracenense-que-reside-no-parana-recebera-premio-do-presidente-bolsonaro-amanha","status":"publish","type":"post","link":"https:\/\/jorgezanoni.com.br\/2019\/autora-dracenense-que-reside-no-parana-recebera-premio-do-presidente-bolsonaro-amanha\/","title":{"rendered":"Autora dracenense que reside no Paran\u00e1 receber\u00e1 pr\u00eamio do Presidente Bolsonaro amanh\u00e3"},"content":{"rendered":"<p style=\"text-align: justify;\">Amanh\u00e3 o Presidente Bolsonaro vai estar na cidade de CASTRO no Paran\u00e1 para, entre outros compromissos, entregar um pr\u00eamio para a Cl\u00e1udia Bodini, que foi contemplada com o Primeiro lugar dentre oitenta trabalhos, sobre &#8220;Inclus\u00e3o da pessoa deficiente na sociedade&#8221;, por ter sido a AUTORA do livro&#8221; L\u00e9o, o Sapinho Cadeirante&#8221;. Tal livro \u00e9 o espelho das dificuldades enfrentadas pela Cl\u00e1udia durante toda a sua vida. Embora a AUTORA seja paulistana de nascimento considera-se Dracenense de cora\u00e7\u00e3o.<\/p>\n<p>Claudia Bodini, \u00e9 filha de Roberto Bodini e Cleusa de Carvalho Bodini.<\/p>\n<p><img loading=\"lazy\" decoding=\"async\" class=\"alignnone size-full wp-image-55947\" src=\"https:\/\/jorgezanoni.com.br\/2019\/wp-content\/uploads\/2021\/11\/Leo.jpg\" alt=\"\" width=\"320\" height=\"231\" srcset=\"https:\/\/jorgezanoni.com.br\/2019\/wp-content\/uploads\/2021\/11\/Leo.jpg 320w, https:\/\/jorgezanoni.com.br\/2019\/wp-content\/uploads\/2021\/11\/Leo-300x217.jpg 300w\" sizes=\"auto, (max-width: 320px) 100vw, 320px\" \/><\/p>\n<p><strong>No dia 20 de maio de 2.020, o Site JZ publicou a mat\u00e9ria que est\u00e1 neste link:<\/strong> https:\/\/jorgezanoni.com.br\/2019\/2020\/05\/26\/dracenense-que-mora-no-parana-tem-obra-literaria-infantil-destacada-em-brasilia\/<\/p>\n<p>Jorge Zanoni<\/p>\n","protected":false},"excerpt":{"rendered":"<p>Amanh\u00e3 o Presidente Bolsonaro vai estar na cidade de CASTRO no Paran\u00e1 para, entre outros compromissos, entregar um pr\u00eamio para a Cl\u00e1udia Bodini, que foi contemplada com o Primeiro lugar dentre oitenta trabalhos, sobre &#8220;Inclus\u00e3o da pessoa deficiente na sociedade&#8221;, por ter sido a AUTORA do livro&#8221; L\u00e9o, o Sapinho Cadeirante&#8221;. Tal livro \u00e9 o [&hellip;]<\/p>\n","protected":false},"author":1,"featured_media":55948,"comment_status":"closed","ping_status":"open","sticky":false,"template":"","format":"standard","meta":{"footnotes":""},"categories":[110,122],"tags":[],"class_list":["post-55946","post","type-post","status-publish","format-standard","has-post-thumbnail","hentry","category-noticiasdestaque","category-saudeeducacaoeconcurso"],"_links":{"self":[{"href":"https:\/\/jorgezanoni.com.br\/2019\/wp-json\/wp\/v2\/posts\/55946","targetHints":{"allow":["GET"]}}],"collection":[{"href":"https:\/\/jorgezanoni.com.br\/2019\/wp-json\/wp\/v2\/posts"}],"about":[{"href":"https:\/\/jorgezanoni.com.br\/2019\/wp-json\/wp\/v2\/types\/post"}],"author":[{"embeddable":true,"href":"https:\/\/jorgezanoni.com.br\/2019\/wp-json\/wp\/v2\/users\/1"}],"replies":[{"embeddable":true,"href":"https:\/\/jorgezanoni.com.br\/2019\/wp-json\/wp\/v2\/comments?post=55946"}],"version-history":[{"count":0,"href":"https:\/\/jorgezanoni.com.br\/2019\/wp-json\/wp\/v2\/posts\/55946\/revisions"}],"wp:featuredmedia":[{"embeddable":true,"href":"https:\/\/jorgezanoni.com.br\/2019\/wp-json\/wp\/v2\/media\/55948"}],"wp:attachment":[{"href":"https:\/\/jorgezanoni.com.br\/2019\/wp-json\/wp\/v2\/media?parent=55946"}],"wp:term":[{"taxonomy":"category","embeddable":true,"href":"https:\/\/jorgezanoni.com.br\/2019\/wp-json\/wp\/v2\/categories?post=55946"},{"taxonomy":"post_tag","embeddable":true,"href":"https:\/\/jorgezanoni.com.br\/2019\/wp-json\/wp\/v2\/tags?post=55946"}],"curies":[{"name":"wp","href":"https:\/\/api.w.org\/{rel}","templated":true}]}}