{"id":55919,"date":"2021-11-04T23:39:26","date_gmt":"2021-11-04T23:39:26","guid":{"rendered":"https:\/\/jorgezanoni.com.br\/2019\/?p=55919"},"modified":"2021-11-04T23:39:26","modified_gmt":"2021-11-04T23:39:26","slug":"unifadra-dracena-e-estrelada-com-avaliacao-do-guia-da-faculdade-3","status":"publish","type":"post","link":"https:\/\/jorgezanoni.com.br\/2019\/unifadra-dracena-e-estrelada-com-avaliacao-do-guia-da-faculdade-3\/","title":{"rendered":"Unifadra Dracena \u00e9 estrelada com avalia\u00e7\u00e3o do Guia da Faculdade"},"content":{"rendered":"<p style=\"text-align: justify;\"><i><strong><span style=\"font-size: large;\">Unifadra Dracena comemora notas recebidas em avalia\u00e7\u00e3o realizada pelo jornal O Estado de S\u00e3o Paulo e Quero Educa\u00e7\u00e3o.<\/span><\/strong><br \/>\n<\/i><br \/>\n<span style=\"font-size: large;\">A avalia\u00e7\u00e3o foi realizada pelo jornal O Estado de S. Paulo e pela Quero Educa\u00e7\u00e3o e contou com 9.225 professores, que deram notas para 1.909 institui\u00e7\u00f5es do Brasil e mais de 14 mil cursos superiores.<\/span><\/p>\n<p><span style=\"font-size: large;\">Todos os cursos avaliados da Unifadra Dracena foram estrelados: Pedagogia recebeu 4 estrelas (o m\u00e1ximo \u00e9 5) e os cursos de Psicologia, Enfermagem e Educa\u00e7\u00e3o F\u00edsica receberam 3 estrelas.<\/span><\/p>\n<p><span style=\"font-size: large;\">O Guia avaliou a qualidade do projeto pedag\u00f3gico, qualidade do corpo docente e infraestrutura de cursos superiores de todo o pa\u00eds. O diretor acad\u00eamico da Unifadra\u00a0<\/span>Prof. Dr.<span style=\"font-size: large;\">\u00a0Enio Garbelini destacou que essas avalia\u00e7\u00f5es externas s\u00e3o muito importantes e seus resultados mostram que estamos no caminho certo para uma forma\u00e7\u00e3o de qualidade, com os cursos superiores da Unifadra.<\/span><\/p>\n<p><span style=\"font-size: large;\">A Unifadra tamb\u00e9m j\u00e1 recebeu selos de qualidade de ensino e infraestrutura da Abril Educa\u00e7\u00e3o pelo Guia do Estudante (realizado pela \u00faltima vez em 2018) e pelo Guia da Faculdade, em 2019 e 2020.<\/span><\/p>\n<p><span style=\"font-size: large;\">Todas as institui\u00e7\u00f5es de ensino superior cadastradas no Minist\u00e9rio da Educa\u00e7\u00e3o (universidades, centros universit\u00e1rios, faculdades e institutos) s\u00e3o convidadas para fazer parte do Guia da Faculdade. Ap\u00f3s se\u00a0<\/span>cadastrarem<span style=\"font-size: large;\">\u00a0para participar da avalia\u00e7\u00e3o, as institui\u00e7\u00f5es indicam todos os cursos superiores que est\u00e3o recebendo novos alunos. Para serem analisadas, elas precisam atender a dois crit\u00e9rios: ter a titula\u00e7\u00e3o de Bacharelado ou Licenciatura e ter ao menos uma primeira turma com alunos j\u00e1 formados.<\/span><\/p>\n<p>Fonte: Departamento de Comunica\u00e7\u00e3o Fundec<\/p>\n","protected":false},"excerpt":{"rendered":"<p>Unifadra Dracena comemora notas recebidas em avalia\u00e7\u00e3o realizada pelo jornal O Estado de S\u00e3o Paulo e Quero Educa\u00e7\u00e3o. A avalia\u00e7\u00e3o foi realizada pelo jornal O Estado de S. Paulo e pela Quero Educa\u00e7\u00e3o e contou com 9.225 professores, que deram notas para 1.909 institui\u00e7\u00f5es do Brasil e mais de 14 mil cursos superiores. Todos os [&hellip;]<\/p>\n","protected":false},"author":1,"featured_media":55920,"comment_status":"closed","ping_status":"open","sticky":false,"template":"","format":"standard","meta":{"footnotes":""},"categories":[110,122],"tags":[],"class_list":["post-55919","post","type-post","status-publish","format-standard","has-post-thumbnail","hentry","category-noticiasdestaque","category-saudeeducacaoeconcurso"],"_links":{"self":[{"href":"https:\/\/jorgezanoni.com.br\/2019\/wp-json\/wp\/v2\/posts\/55919","targetHints":{"allow":["GET"]}}],"collection":[{"href":"https:\/\/jorgezanoni.com.br\/2019\/wp-json\/wp\/v2\/posts"}],"about":[{"href":"https:\/\/jorgezanoni.com.br\/2019\/wp-json\/wp\/v2\/types\/post"}],"author":[{"embeddable":true,"href":"https:\/\/jorgezanoni.com.br\/2019\/wp-json\/wp\/v2\/users\/1"}],"replies":[{"embeddable":true,"href":"https:\/\/jorgezanoni.com.br\/2019\/wp-json\/wp\/v2\/comments?post=55919"}],"version-history":[{"count":0,"href":"https:\/\/jorgezanoni.com.br\/2019\/wp-json\/wp\/v2\/posts\/55919\/revisions"}],"wp:featuredmedia":[{"embeddable":true,"href":"https:\/\/jorgezanoni.com.br\/2019\/wp-json\/wp\/v2\/media\/55920"}],"wp:attachment":[{"href":"https:\/\/jorgezanoni.com.br\/2019\/wp-json\/wp\/v2\/media?parent=55919"}],"wp:term":[{"taxonomy":"category","embeddable":true,"href":"https:\/\/jorgezanoni.com.br\/2019\/wp-json\/wp\/v2\/categories?post=55919"},{"taxonomy":"post_tag","embeddable":true,"href":"https:\/\/jorgezanoni.com.br\/2019\/wp-json\/wp\/v2\/tags?post=55919"}],"curies":[{"name":"wp","href":"https:\/\/api.w.org\/{rel}","templated":true}]}}