{"id":55916,"date":"2021-11-04T23:27:01","date_gmt":"2021-11-04T23:27:01","guid":{"rendered":"https:\/\/jorgezanoni.com.br\/2019\/?p=55916"},"modified":"2021-11-04T23:27:01","modified_gmt":"2021-11-04T23:27:01","slug":"camara-de-dracena-aprova-programa-iptu-premiado-e-outros-projetos-em-sessao-ordinaria","status":"publish","type":"post","link":"https:\/\/jorgezanoni.com.br\/2019\/camara-de-dracena-aprova-programa-iptu-premiado-e-outros-projetos-em-sessao-ordinaria\/","title":{"rendered":"C\u00e2mara de Dracena aprova programa &#8220;IPTU Premiado&#8221; e outros projetos em sess\u00e3o ordin\u00e1ria"},"content":{"rendered":"<p style=\"text-align: justify;\"><strong>Vereadores se reuniram para vota\u00e7\u00e3o nesta quarta-feira, 3.<\/strong><\/p>\n<p style=\"text-align: justify;\">Foi aprovado pela C\u00e2mara Municipal de Dracena o programa &#8220;IPTU Premiado&#8221;, que conceder\u00e1 pr\u00eamios, mediante sorteio, a contribuintes que estiverem em dia com o IPTU.<\/p>\n<p style=\"text-align: justify;\">O programa, apresentado atrav\u00e9s do projeto de lei n.\u00ba 68\/21, pretende estimular a arrecada\u00e7\u00e3o com o objetivo de &#8220;diminuir a inadimpl\u00eancia do imposto e privilegiar os contribuintes que pagam seus impostos dentro do prazo de vencimento do aludido tributo, mediante o sorteio de pr\u00eamios a serem definidos em decreto.&#8221;<\/p>\n<p style=\"text-align: justify;\">Com a aprova\u00e7\u00e3o un\u00e2nime, a prefeitura \u00e9 quem promover\u00e1 o sorteio e o contribuinte que possuir um im\u00f3vel inscrito no Cadastro Imobili\u00e1rio da Prefeitura de Dracena e estiver com os d\u00e9bitos em dia, poder\u00e1 participar.<\/p>\n<p style=\"text-align: justify;\">Ao analisar o projeto, os vereadores apresentaram a emenda modificativa n.\u00ba 1, que altera a reda\u00e7\u00e3o do artigo n.\u00ba 12. Na pr\u00e1tica, a veicula\u00e7\u00e3o da imagem dos vencedores depender\u00e1 de autoriza\u00e7\u00e3o pr\u00e9via dos mesmos e em caso de n\u00e3o houver essa autoriza\u00e7\u00e3o, n\u00e3o ser\u00e1 impedido de receber o pr\u00eamio.<\/p>\n<p style=\"text-align: justify;\">Na sess\u00e3o ainda foi aprovado em segunda vota\u00e7\u00e3o o projeto de lei complementar n.\u00ba 19, que considera urbana \u00e1rea de terras registrada sob matr\u00edcula n\u00ba 34.887 e foi inclu\u00eddo em regime de urg\u00eancia o projeto de lei n.\u00ba 77, do Poder Executivo, para abertura de cr\u00e9dito adicional suplementar no or\u00e7amento vigente, no valor de R$ 2.224.000,00 (dois milh\u00f5es duzentos e vinte e quatro mil reais), destinado \u00e0 aquisi\u00e7\u00e3o de material did\u00e1tico\/pedag\u00f3gico.<\/p>\n<p><strong>Novembro Azul<\/strong><\/p>\n<p style=\"text-align: justify;\">A C\u00e2mara Municipal de Dracena adere, a partir do dia 1\u00ba de novembro, \u00e0 campanha Novembro Azul de conscientiza\u00e7\u00e3o e preven\u00e7\u00e3o ao c\u00e2ncer de pr\u00f3stata.<\/p>\n<p style=\"text-align: justify;\">Os vereadores utilizar\u00e3o durante todo o m\u00eas o la\u00e7o azul como forma de apoio \u00e0s a\u00e7\u00f5es que ser\u00e3o realizadas no munic\u00edpio.<\/p>\n<p style=\"text-align: justify;\">O presidente da C\u00e2mara, Claudinei Millan Pessoa, afirmou que o legislativo dracenense est\u00e1 sempre engajado com a\u00e7\u00f5es que promovam o bem estar dos mun\u00edcipes. &#8220;A C\u00e2mara Municipal de Dracena entende a necessidade de apoio a campanhas como o Novembro Azul. S\u00e3o iniciativas que conscientizam a popula\u00e7\u00e3o e ajudam no diagn\u00f3stico e a busca de tratamento precoce. Todos os vereadores apoiamos causas relevantes para a popula\u00e7\u00e3o de Dracena.&#8221;<\/p>\n<p style=\"text-align: justify;\">O conte\u00fado integral de todos os projetos aprovados nesta sess\u00e3o est\u00e1 dispon\u00edvel para consulta no site da C\u00e2mara\u00a0<a href=\"http:\/\/www.camaradracena.sp.gov.br\/\" target=\"_blank\" rel=\"noopener noreferrer\">www.camaradracena.sp.gov.br<\/a>.<\/p>\n","protected":false},"excerpt":{"rendered":"<p>Vereadores se reuniram para vota\u00e7\u00e3o nesta quarta-feira, 3. Foi aprovado pela C\u00e2mara Municipal de Dracena o programa &#8220;IPTU Premiado&#8221;, que conceder\u00e1 pr\u00eamios, mediante sorteio, a contribuintes que estiverem em dia com o IPTU. O programa, apresentado atrav\u00e9s do projeto de lei n.\u00ba 68\/21, pretende estimular a arrecada\u00e7\u00e3o com o objetivo de &#8220;diminuir a inadimpl\u00eancia do [&hellip;]<\/p>\n","protected":false},"author":1,"featured_media":55917,"comment_status":"closed","ping_status":"open","sticky":false,"template":"","format":"standard","meta":{"footnotes":""},"categories":[110,116],"tags":[],"class_list":["post-55916","post","type-post","status-publish","format-standard","has-post-thumbnail","hentry","category-noticiasdestaque","category-politicaeeconomia"],"_links":{"self":[{"href":"https:\/\/jorgezanoni.com.br\/2019\/wp-json\/wp\/v2\/posts\/55916","targetHints":{"allow":["GET"]}}],"collection":[{"href":"https:\/\/jorgezanoni.com.br\/2019\/wp-json\/wp\/v2\/posts"}],"about":[{"href":"https:\/\/jorgezanoni.com.br\/2019\/wp-json\/wp\/v2\/types\/post"}],"author":[{"embeddable":true,"href":"https:\/\/jorgezanoni.com.br\/2019\/wp-json\/wp\/v2\/users\/1"}],"replies":[{"embeddable":true,"href":"https:\/\/jorgezanoni.com.br\/2019\/wp-json\/wp\/v2\/comments?post=55916"}],"version-history":[{"count":0,"href":"https:\/\/jorgezanoni.com.br\/2019\/wp-json\/wp\/v2\/posts\/55916\/revisions"}],"wp:featuredmedia":[{"embeddable":true,"href":"https:\/\/jorgezanoni.com.br\/2019\/wp-json\/wp\/v2\/media\/55917"}],"wp:attachment":[{"href":"https:\/\/jorgezanoni.com.br\/2019\/wp-json\/wp\/v2\/media?parent=55916"}],"wp:term":[{"taxonomy":"category","embeddable":true,"href":"https:\/\/jorgezanoni.com.br\/2019\/wp-json\/wp\/v2\/categories?post=55916"},{"taxonomy":"post_tag","embeddable":true,"href":"https:\/\/jorgezanoni.com.br\/2019\/wp-json\/wp\/v2\/tags?post=55916"}],"curies":[{"name":"wp","href":"https:\/\/api.w.org\/{rel}","templated":true}]}}