{"id":55900,"date":"2021-11-04T18:26:22","date_gmt":"2021-11-04T18:26:22","guid":{"rendered":"https:\/\/jorgezanoni.com.br\/2019\/?p=55900"},"modified":"2021-11-04T18:26:22","modified_gmt":"2021-11-04T18:26:22","slug":"caso-sara-scarabelli-processo-foi-arquivado-pela-camara-e-vereadora-continua-no-cargo","status":"publish","type":"post","link":"https:\/\/jorgezanoni.com.br\/2019\/caso-sara-scarabelli-processo-foi-arquivado-pela-camara-e-vereadora-continua-no-cargo\/","title":{"rendered":"CASO SARA SCARABELLI: Processo foi arquivado pela C\u00e2mara e Vereadora continua no cargo"},"content":{"rendered":"<p style=\"text-align: justify;\"><strong>Pouco p\u00fablico compareceu nas depend\u00eancias da C\u00e2mara Municipal, era esperado casa cheia.<\/strong><\/p>\n<p style=\"text-align: justify;\">Com in\u00edcio \u00e0s 09:30 Horas e t\u00e9rmino logo ap\u00f3s \u00e0s 13:00 Horas, aconteceu hoje a 12\u00aa Sess\u00e3o Extraordin\u00e1ria que tratava da poss\u00edvel Cassa\u00e7\u00e3o da Vereadora Sara Scarabelli, que n\u00e3o teria cumprido isolamento de quarentena ap\u00f3s ter testado positivo para Covid-19.<\/p>\n<p style=\"text-align: justify;\">Houve a leitura integral da den\u00fancia, a defesa pr\u00e9via da Vereadora e o relat\u00f3rio final da Comiss\u00e3o Processante.<\/p>\n<p style=\"text-align: justify;\">Os Advogados de Defesa, Dr. Vladimir de Matos e o nomeado Dr. Valdir Scardovelli J\u00fanior, desistiram da orat\u00f3ria que tinham direito, atrav\u00e9s de of\u00edcio protocolado hoje (4) por volta de 08:50 Horas na casa de leis e n\u00e3o compareceram na Sess\u00e3o. A Vereadora acusada tamb\u00e9m n\u00e3o esteve presente na C\u00e2mara.<\/p>\n<p style=\"text-align: justify;\">Em um caso que se arrastou por praticamente 9 meses, com as mais diversas provas e contra provas, que desgastou sobremaneira a C\u00e2mara Municipal e principalmente alguns Vereadores, finalmente hoje aconteceu a vota\u00e7\u00e3o e o caso est\u00e1 encerrado.<\/p>\n<p style=\"text-align: justify;\">Para ser cassada, a Vereadora teria que ter 9 votos sim e apenas 4 n\u00e3o, mas o resultado final e oficial foi de 8 sim e 5 n\u00e3o, o que a mant\u00e9m normalmente no cargo. A partir do momento da vota\u00e7\u00e3o e do resultado, o Processo est\u00e1 Arquivado.<\/p>\n<p style=\"text-align: justify;\"><strong>VOTARAM A FAVOR DA CASSA\u00c7\u00c3O OS VEREADORES: <\/strong>Danilo Ledo dos Santos, J\u00falio C\u00e9sar Monteiro da Silva, Lu\u00eds Antonio de Oliveira Cavalcanti (Farinha), Maria Aparecida da Silva Gasques Mateus, Nilton Satoshi Shimodo, Sidnei da Silva Contelli, Ednilso da Silva Carvalho (Ratinho) que substituiu o Vereador Davi e Marcos Antonio da Cruz (Marcos do Lanche) que substituiu a Vereadora Sara.<\/p>\n<p style=\"text-align: justify;\"><strong>VOTARAM CONTRA A CASSA\u00c7\u00c3O OS VEREADORES:<\/strong> C\u00e9lio Antonio Ferregutti, Rodrigo Castilho Soares, Rodrigo Rossetti Parra, Victor Silva Almeida Palhaes e o fiel da balan\u00e7a que decidiu o voto, o Presidente Claudinei Millan Pessoa (Mel\u00e3o).<\/p>\n<p style=\"text-align: justify;\">H\u00e1 que se registrar o comportamento do pouco p\u00fablico que compareceu, mas que permaneceu de forma ordeira o tempo todo, nas galerias.<\/p>\n<p style=\"text-align: justify;\">Tamb\u00e9m queremos agradecer a Diretoria de Comunica\u00e7\u00e3o da C\u00e2mara Municipal que deixou espa\u00e7o reservado para a Imprensa. Que sirva de exemplos para outros eventos na cidade, normalmente at\u00e9 esquecem de agradecer a presen\u00e7a, quanto mais reservar espa\u00e7o.<\/p>\n<p style=\"text-align: justify;\">D\u00edgno de registro o vai e vem de Vereadores com uso do Celular praticamente a sess\u00e3o toda, as conversas a dois e ainda n\u00e3o pararem em suas cadeiras, raras excess\u00f5es. Teve Vereador que teria passado mal e at\u00e9 voto errado aconteceu. Seria press\u00e3o?<\/p>\n<p style=\"text-align: justify;\"><strong>Nenhum Vereador quis comentar a decis\u00e3o. Mel\u00e3o foi convidado pela reportagem do Site JZ, mas disse que n\u00e3o iria se pronunciar. Perdeu a grande chance de como representante leg\u00edtimo do povo e Presidente da Casa de Leis, dar suas explica\u00e7\u00f5es quanto a decis\u00e3o do seu voto. A popula\u00e7\u00e3o queria uma satisfa\u00e7\u00e3o, tanto os contr\u00e1rios como os favor\u00e1veis.\u00a0<\/strong><\/p>\n<p style=\"text-align: justify;\">O Site JZ quer deixar registrado a imparcialidade como tratou o caso desde os primeiros fatos, at\u00e9 o encerramento na data de hoje, sempre estando \u00e0 disposi\u00e7\u00e3o para ouvir os dois lados.<\/p>\n<p><img loading=\"lazy\" decoding=\"async\" class=\"alignnone size-full wp-image-55908\" src=\"https:\/\/jorgezanoni.com.br\/2019\/wp-content\/uploads\/2021\/11\/IMG_0953-2-1.jpg\" alt=\"\" width=\"800\" height=\"432\" srcset=\"https:\/\/jorgezanoni.com.br\/2019\/wp-content\/uploads\/2021\/11\/IMG_0953-2-1.jpg 800w, https:\/\/jorgezanoni.com.br\/2019\/wp-content\/uploads\/2021\/11\/IMG_0953-2-1-300x162.jpg 300w, https:\/\/jorgezanoni.com.br\/2019\/wp-content\/uploads\/2021\/11\/IMG_0953-2-1-768x415.jpg 768w, https:\/\/jorgezanoni.com.br\/2019\/wp-content\/uploads\/2021\/11\/IMG_0953-2-1-696x376.jpg 696w, https:\/\/jorgezanoni.com.br\/2019\/wp-content\/uploads\/2021\/11\/IMG_0953-2-1-778x420.jpg 778w\" sizes=\"auto, (max-width: 800px) 100vw, 800px\" \/><img loading=\"lazy\" decoding=\"async\" class=\"alignnone size-full wp-image-55909\" src=\"https:\/\/jorgezanoni.com.br\/2019\/wp-content\/uploads\/2021\/11\/IMG_0955-2-1.jpg\" alt=\"\" width=\"800\" height=\"639\" srcset=\"https:\/\/jorgezanoni.com.br\/2019\/wp-content\/uploads\/2021\/11\/IMG_0955-2-1.jpg 800w, https:\/\/jorgezanoni.com.br\/2019\/wp-content\/uploads\/2021\/11\/IMG_0955-2-1-300x240.jpg 300w, https:\/\/jorgezanoni.com.br\/2019\/wp-content\/uploads\/2021\/11\/IMG_0955-2-1-768x613.jpg 768w, https:\/\/jorgezanoni.com.br\/2019\/wp-content\/uploads\/2021\/11\/IMG_0955-2-1-696x556.jpg 696w, https:\/\/jorgezanoni.com.br\/2019\/wp-content\/uploads\/2021\/11\/IMG_0955-2-1-526x420.jpg 526w\" sizes=\"auto, (max-width: 800px) 100vw, 800px\" \/> <img loading=\"lazy\" decoding=\"async\" class=\"alignnone size-full wp-image-55910\" src=\"https:\/\/jorgezanoni.com.br\/2019\/wp-content\/uploads\/2021\/11\/IMG_0956-1.jpg\" alt=\"\" width=\"800\" height=\"600\" srcset=\"https:\/\/jorgezanoni.com.br\/2019\/wp-content\/uploads\/2021\/11\/IMG_0956-1.jpg 800w, https:\/\/jorgezanoni.com.br\/2019\/wp-content\/uploads\/2021\/11\/IMG_0956-1-300x225.jpg 300w, https:\/\/jorgezanoni.com.br\/2019\/wp-content\/uploads\/2021\/11\/IMG_0956-1-768x576.jpg 768w, https:\/\/jorgezanoni.com.br\/2019\/wp-content\/uploads\/2021\/11\/IMG_0956-1-80x60.jpg 80w, https:\/\/jorgezanoni.com.br\/2019\/wp-content\/uploads\/2021\/11\/IMG_0956-1-265x198.jpg 265w, https:\/\/jorgezanoni.com.br\/2019\/wp-content\/uploads\/2021\/11\/IMG_0956-1-696x522.jpg 696w, https:\/\/jorgezanoni.com.br\/2019\/wp-content\/uploads\/2021\/11\/IMG_0956-1-560x420.jpg 560w\" sizes=\"auto, (max-width: 800px) 100vw, 800px\" \/> <img loading=\"lazy\" decoding=\"async\" class=\"alignnone size-full wp-image-55911\" src=\"https:\/\/jorgezanoni.com.br\/2019\/wp-content\/uploads\/2021\/11\/IMG_0957-1.jpg\" alt=\"\" width=\"800\" height=\"600\" srcset=\"https:\/\/jorgezanoni.com.br\/2019\/wp-content\/uploads\/2021\/11\/IMG_0957-1.jpg 800w, https:\/\/jorgezanoni.com.br\/2019\/wp-content\/uploads\/2021\/11\/IMG_0957-1-300x225.jpg 300w, https:\/\/jorgezanoni.com.br\/2019\/wp-content\/uploads\/2021\/11\/IMG_0957-1-768x576.jpg 768w, https:\/\/jorgezanoni.com.br\/2019\/wp-content\/uploads\/2021\/11\/IMG_0957-1-80x60.jpg 80w, https:\/\/jorgezanoni.com.br\/2019\/wp-content\/uploads\/2021\/11\/IMG_0957-1-265x198.jpg 265w, https:\/\/jorgezanoni.com.br\/2019\/wp-content\/uploads\/2021\/11\/IMG_0957-1-696x522.jpg 696w, https:\/\/jorgezanoni.com.br\/2019\/wp-content\/uploads\/2021\/11\/IMG_0957-1-560x420.jpg 560w\" sizes=\"auto, (max-width: 800px) 100vw, 800px\" \/> <img loading=\"lazy\" decoding=\"async\" class=\"alignnone size-full wp-image-55912\" src=\"https:\/\/jorgezanoni.com.br\/2019\/wp-content\/uploads\/2021\/11\/IMG_0958-2-1.jpg\" alt=\"\" width=\"800\" height=\"824\" srcset=\"https:\/\/jorgezanoni.com.br\/2019\/wp-content\/uploads\/2021\/11\/IMG_0958-2-1.jpg 800w, https:\/\/jorgezanoni.com.br\/2019\/wp-content\/uploads\/2021\/11\/IMG_0958-2-1-291x300.jpg 291w, https:\/\/jorgezanoni.com.br\/2019\/wp-content\/uploads\/2021\/11\/IMG_0958-2-1-768x791.jpg 768w, https:\/\/jorgezanoni.com.br\/2019\/wp-content\/uploads\/2021\/11\/IMG_0958-2-1-696x717.jpg 696w, https:\/\/jorgezanoni.com.br\/2019\/wp-content\/uploads\/2021\/11\/IMG_0958-2-1-408x420.jpg 408w\" sizes=\"auto, (max-width: 800px) 100vw, 800px\" \/> <img loading=\"lazy\" decoding=\"async\" class=\"alignnone size-full wp-image-55913\" src=\"https:\/\/jorgezanoni.com.br\/2019\/wp-content\/uploads\/2021\/11\/IMG_0961-2-1.jpg\" alt=\"\" width=\"800\" height=\"521\" srcset=\"https:\/\/jorgezanoni.com.br\/2019\/wp-content\/uploads\/2021\/11\/IMG_0961-2-1.jpg 800w, https:\/\/jorgezanoni.com.br\/2019\/wp-content\/uploads\/2021\/11\/IMG_0961-2-1-300x195.jpg 300w, https:\/\/jorgezanoni.com.br\/2019\/wp-content\/uploads\/2021\/11\/IMG_0961-2-1-768x500.jpg 768w, https:\/\/jorgezanoni.com.br\/2019\/wp-content\/uploads\/2021\/11\/IMG_0961-2-1-696x453.jpg 696w, https:\/\/jorgezanoni.com.br\/2019\/wp-content\/uploads\/2021\/11\/IMG_0961-2-1-645x420.jpg 645w\" sizes=\"auto, (max-width: 800px) 100vw, 800px\" \/> <img loading=\"lazy\" decoding=\"async\" class=\"alignnone size-full wp-image-55914\" src=\"https:\/\/jorgezanoni.com.br\/2019\/wp-content\/uploads\/2021\/11\/IMG_0964-2-1.jpg\" alt=\"\" width=\"800\" height=\"462\" srcset=\"https:\/\/jorgezanoni.com.br\/2019\/wp-content\/uploads\/2021\/11\/IMG_0964-2-1.jpg 800w, https:\/\/jorgezanoni.com.br\/2019\/wp-content\/uploads\/2021\/11\/IMG_0964-2-1-300x173.jpg 300w, https:\/\/jorgezanoni.com.br\/2019\/wp-content\/uploads\/2021\/11\/IMG_0964-2-1-768x444.jpg 768w, https:\/\/jorgezanoni.com.br\/2019\/wp-content\/uploads\/2021\/11\/IMG_0964-2-1-696x402.jpg 696w, https:\/\/jorgezanoni.com.br\/2019\/wp-content\/uploads\/2021\/11\/IMG_0964-2-1-727x420.jpg 727w\" sizes=\"auto, (max-width: 800px) 100vw, 800px\" \/><\/p>\n<p style=\"text-align: justify;\">Jorge Zanoni<\/p>\n<p style=\"text-align: justify;\">\n","protected":false},"excerpt":{"rendered":"<p>Pouco p\u00fablico compareceu nas depend\u00eancias da C\u00e2mara Municipal, era esperado casa cheia. Com in\u00edcio \u00e0s 09:30 Horas e t\u00e9rmino logo ap\u00f3s \u00e0s 13:00 Horas, aconteceu hoje a 12\u00aa Sess\u00e3o Extraordin\u00e1ria que tratava da poss\u00edvel Cassa\u00e7\u00e3o da Vereadora Sara Scarabelli, que n\u00e3o teria cumprido isolamento de quarentena ap\u00f3s ter testado positivo para Covid-19. Houve a leitura [&hellip;]<\/p>\n","protected":false},"author":1,"featured_media":55908,"comment_status":"closed","ping_status":"open","sticky":false,"template":"","format":"standard","meta":{"footnotes":""},"categories":[179,184,110,116],"tags":[],"class_list":["post-55900","post","type-post","status-publish","format-standard","has-post-thumbnail","hentry","category-cidadeseregiao","category-dracena","category-noticiasdestaque","category-politicaeeconomia"],"_links":{"self":[{"href":"https:\/\/jorgezanoni.com.br\/2019\/wp-json\/wp\/v2\/posts\/55900","targetHints":{"allow":["GET"]}}],"collection":[{"href":"https:\/\/jorgezanoni.com.br\/2019\/wp-json\/wp\/v2\/posts"}],"about":[{"href":"https:\/\/jorgezanoni.com.br\/2019\/wp-json\/wp\/v2\/types\/post"}],"author":[{"embeddable":true,"href":"https:\/\/jorgezanoni.com.br\/2019\/wp-json\/wp\/v2\/users\/1"}],"replies":[{"embeddable":true,"href":"https:\/\/jorgezanoni.com.br\/2019\/wp-json\/wp\/v2\/comments?post=55900"}],"version-history":[{"count":0,"href":"https:\/\/jorgezanoni.com.br\/2019\/wp-json\/wp\/v2\/posts\/55900\/revisions"}],"wp:featuredmedia":[{"embeddable":true,"href":"https:\/\/jorgezanoni.com.br\/2019\/wp-json\/wp\/v2\/media\/55908"}],"wp:attachment":[{"href":"https:\/\/jorgezanoni.com.br\/2019\/wp-json\/wp\/v2\/media?parent=55900"}],"wp:term":[{"taxonomy":"category","embeddable":true,"href":"https:\/\/jorgezanoni.com.br\/2019\/wp-json\/wp\/v2\/categories?post=55900"},{"taxonomy":"post_tag","embeddable":true,"href":"https:\/\/jorgezanoni.com.br\/2019\/wp-json\/wp\/v2\/tags?post=55900"}],"curies":[{"name":"wp","href":"https:\/\/api.w.org\/{rel}","templated":true}]}}