{"id":55897,"date":"2021-11-04T02:36:32","date_gmt":"2021-11-04T02:36:32","guid":{"rendered":"https:\/\/jorgezanoni.com.br\/2019\/?p=55897"},"modified":"2021-11-04T02:36:32","modified_gmt":"2021-11-04T02:36:32","slug":"mae-esta-indignada-com-atendimento-dado-ao-filho-no-local-de-aplicacao-de-vacinas","status":"publish","type":"post","link":"https:\/\/jorgezanoni.com.br\/2019\/mae-esta-indignada-com-atendimento-dado-ao-filho-no-local-de-aplicacao-de-vacinas\/","title":{"rendered":"M\u00e3e est\u00e1 indignada com atendimento dado ao filho no local de aplica\u00e7\u00e3o de Vacinas"},"content":{"rendered":"<p style=\"text-align: justify;\">Recebemos algumas reclama\u00e7\u00f5es quanto ao hor\u00e1rio de atendimento que tem sido divulgado e n\u00e3o est\u00e1 sendo cumprido, segundo algumas m\u00e3es. Veja na \u00edntegra, o que diz uma delas:<\/p>\n<p style=\"text-align: justify;\">Indigna\u00e7\u00e3o e Descaso!!!<\/p>\n<p style=\"text-align: justify;\">Hor\u00e1rio de vacina\u00e7\u00e3o das 8:00h ao 12:00h para crian\u00e7as de 14 anos a segunda dose da Pfizer adiantada na Assembleia certo?<br \/>\nChegando na Assembleia depois de buscar meu filho 15 minutos antes do hor\u00e1rio de sa\u00edda chegamos 11:50h e a SURPRESA fechado os port\u00f5es pq tinham 10 pessoas dentro do p\u00e1tio para tomar e n\u00e3o daria tempo de acabar at\u00e9 as 12:00h (que seria o hor\u00e1rio de fechar os port\u00f5es) talvez seria muito passar do hor\u00e1rio depois de tantos dias de folga n\u00e3o \u00e9 mesmo???<br \/>\nDetalhe n\u00e3o fomos os \u00fanicos n\u00e3o!!!<br \/>\nIsso \u00e9 descaso demais!!!<br \/>\nA crian\u00e7a que estuda pela manh\u00e3 n\u00e3o tem hor\u00e1rio para tomar vacina mesmo chegando antes do hor\u00e1rio de fechar os port\u00f5es !!!<br \/>\nIndignada ainda mais com o que foi dito pela pessoa que foi ao port\u00e3o nos atender:<br \/>\n\u201cAMANH\u00c3 VENHAM MAIS CEDO\u201d<br \/>\nS\u00f3 poder ser brincadeira!!!<\/p>\n<p style=\"text-align: justify;\">&#8220;Esse mesmo coment\u00e1rio foi enviado para a Ouvidoria da Prefeitura Municipal&#8221;<\/p>\n<p>Imagem Ilustrativa<\/p>\n<p>&nbsp;<\/p>\n","protected":false},"excerpt":{"rendered":"<p>Recebemos algumas reclama\u00e7\u00f5es quanto ao hor\u00e1rio de atendimento que tem sido divulgado e n\u00e3o est\u00e1 sendo cumprido, segundo algumas m\u00e3es. Veja na \u00edntegra, o que diz uma delas: Indigna\u00e7\u00e3o e Descaso!!! Hor\u00e1rio de vacina\u00e7\u00e3o das 8:00h ao 12:00h para crian\u00e7as de 14 anos a segunda dose da Pfizer adiantada na Assembleia certo? Chegando na Assembleia [&hellip;]<\/p>\n","protected":false},"author":1,"featured_media":55898,"comment_status":"closed","ping_status":"open","sticky":false,"template":"","format":"standard","meta":{"footnotes":""},"categories":[110,122],"tags":[],"class_list":["post-55897","post","type-post","status-publish","format-standard","has-post-thumbnail","hentry","category-noticiasdestaque","category-saudeeducacaoeconcurso"],"_links":{"self":[{"href":"https:\/\/jorgezanoni.com.br\/2019\/wp-json\/wp\/v2\/posts\/55897","targetHints":{"allow":["GET"]}}],"collection":[{"href":"https:\/\/jorgezanoni.com.br\/2019\/wp-json\/wp\/v2\/posts"}],"about":[{"href":"https:\/\/jorgezanoni.com.br\/2019\/wp-json\/wp\/v2\/types\/post"}],"author":[{"embeddable":true,"href":"https:\/\/jorgezanoni.com.br\/2019\/wp-json\/wp\/v2\/users\/1"}],"replies":[{"embeddable":true,"href":"https:\/\/jorgezanoni.com.br\/2019\/wp-json\/wp\/v2\/comments?post=55897"}],"version-history":[{"count":0,"href":"https:\/\/jorgezanoni.com.br\/2019\/wp-json\/wp\/v2\/posts\/55897\/revisions"}],"wp:featuredmedia":[{"embeddable":true,"href":"https:\/\/jorgezanoni.com.br\/2019\/wp-json\/wp\/v2\/media\/55898"}],"wp:attachment":[{"href":"https:\/\/jorgezanoni.com.br\/2019\/wp-json\/wp\/v2\/media?parent=55897"}],"wp:term":[{"taxonomy":"category","embeddable":true,"href":"https:\/\/jorgezanoni.com.br\/2019\/wp-json\/wp\/v2\/categories?post=55897"},{"taxonomy":"post_tag","embeddable":true,"href":"https:\/\/jorgezanoni.com.br\/2019\/wp-json\/wp\/v2\/tags?post=55897"}],"curies":[{"name":"wp","href":"https:\/\/api.w.org\/{rel}","templated":true}]}}