{"id":55875,"date":"2021-11-03T22:36:38","date_gmt":"2021-11-03T22:36:38","guid":{"rendered":"https:\/\/jorgezanoni.com.br\/2019\/?p=55875"},"modified":"2021-11-03T22:36:38","modified_gmt":"2021-11-03T22:36:38","slug":"cep-ume-esta-com-matriculas-abertas-para-os-cursos-tecnicos","status":"publish","type":"post","link":"https:\/\/jorgezanoni.com.br\/2019\/cep-ume-esta-com-matriculas-abertas-para-os-cursos-tecnicos\/","title":{"rendered":"CEP\/UME est\u00e1 com matr\u00edculas abertas para os cursos t\u00e9cnicos"},"content":{"rendered":"<div dir=\"ltr\" style=\"text-align: justify;\"><span style=\"font-size: large;\">A forma\u00e7\u00e3o nos cursos t\u00e9cnicos em Est\u00e9tica, Enfermagem, Radiologia e Seguran\u00e7a do Trabalho do CEP\/UME proporciona um r\u00e1pido ingresso no mercado de trabalho e os alunos saem preparados para atuar com qualidade em suas \u00e1reas. As matr\u00edculas est\u00e3o abertas e v\u00e3o at\u00e9 fevereiro de 2022.<\/span><\/p>\n<p><span style=\"font-size: large;\">Os interessados que efetivarem suas matr\u00edculas at\u00e9 21 de dezembro de 2021 garantem isen\u00e7\u00e3o da taxa de matr\u00edcula e 15% de desconto nas mensalidades.<\/span><\/p>\n<p><span style=\"font-size: large;\">As matr\u00edculas podem ser feitas na Secretaria Geral da Fundec (Rua Bahia, 332, em Dracena) de segunda a sexta-feira, das 8h \u00e0s 17h. Para mais informa\u00e7\u00f5es, entre em contato pelos telefones (18) 3821-9008 ou (18) 99634-0383 ou pelo e-mail\u00a0<a href=\"mailto:secretaria@fundec.edu.br\" rel=\"noreferrer\">secretaria@fundec.edu.br<\/a>\u00a0.<\/span><\/p>\n<p><span style=\"font-size: large;\">Conhe\u00e7a mais sobre os cursos e veja o edital com os documentos necess\u00e1rios em\u00a0<a href=\"http:\/\/www.fundec.edu.br\/tecnico\" target=\"_blank\" rel=\"noopener noreferrer\">www.fundec.edu.br\/tecnico<\/a>\u00a0.<\/span><\/div>\n<div dir=\"ltr\"><\/div>\n<div dir=\"ltr\">Fonte: Diretoria de Comunica\u00e7\u00e3o Fundec<\/div>\n","protected":false},"excerpt":{"rendered":"<p>A forma\u00e7\u00e3o nos cursos t\u00e9cnicos em Est\u00e9tica, Enfermagem, Radiologia e Seguran\u00e7a do Trabalho do CEP\/UME proporciona um r\u00e1pido ingresso no mercado de trabalho e os alunos saem preparados para atuar com qualidade em suas \u00e1reas. As matr\u00edculas est\u00e3o abertas e v\u00e3o at\u00e9 fevereiro de 2022. Os interessados que efetivarem suas matr\u00edculas at\u00e9 21 de dezembro [&hellip;]<\/p>\n","protected":false},"author":1,"featured_media":55876,"comment_status":"closed","ping_status":"open","sticky":false,"template":"","format":"standard","meta":{"footnotes":""},"categories":[110,122],"tags":[],"class_list":["post-55875","post","type-post","status-publish","format-standard","has-post-thumbnail","hentry","category-noticiasdestaque","category-saudeeducacaoeconcurso"],"_links":{"self":[{"href":"https:\/\/jorgezanoni.com.br\/2019\/wp-json\/wp\/v2\/posts\/55875","targetHints":{"allow":["GET"]}}],"collection":[{"href":"https:\/\/jorgezanoni.com.br\/2019\/wp-json\/wp\/v2\/posts"}],"about":[{"href":"https:\/\/jorgezanoni.com.br\/2019\/wp-json\/wp\/v2\/types\/post"}],"author":[{"embeddable":true,"href":"https:\/\/jorgezanoni.com.br\/2019\/wp-json\/wp\/v2\/users\/1"}],"replies":[{"embeddable":true,"href":"https:\/\/jorgezanoni.com.br\/2019\/wp-json\/wp\/v2\/comments?post=55875"}],"version-history":[{"count":0,"href":"https:\/\/jorgezanoni.com.br\/2019\/wp-json\/wp\/v2\/posts\/55875\/revisions"}],"wp:featuredmedia":[{"embeddable":true,"href":"https:\/\/jorgezanoni.com.br\/2019\/wp-json\/wp\/v2\/media\/55876"}],"wp:attachment":[{"href":"https:\/\/jorgezanoni.com.br\/2019\/wp-json\/wp\/v2\/media?parent=55875"}],"wp:term":[{"taxonomy":"category","embeddable":true,"href":"https:\/\/jorgezanoni.com.br\/2019\/wp-json\/wp\/v2\/categories?post=55875"},{"taxonomy":"post_tag","embeddable":true,"href":"https:\/\/jorgezanoni.com.br\/2019\/wp-json\/wp\/v2\/tags?post=55875"}],"curies":[{"name":"wp","href":"https:\/\/api.w.org\/{rel}","templated":true}]}}