{"id":55826,"date":"2021-11-02T02:07:41","date_gmt":"2021-11-02T02:07:41","guid":{"rendered":"https:\/\/jorgezanoni.com.br\/2019\/?p=55826"},"modified":"2021-11-02T02:07:41","modified_gmt":"2021-11-02T02:07:41","slug":"morador-de-pres-venceslau-morre-apos-capotar-caminhonete-na-sp-294-em-junqueiropolis","status":"publish","type":"post","link":"https:\/\/jorgezanoni.com.br\/2019\/morador-de-pres-venceslau-morre-apos-capotar-caminhonete-na-sp-294-em-junqueiropolis\/","title":{"rendered":"Morador de Pres. Venceslau morre ap\u00f3s capotar caminhonete na SP-294 em Junqueir\u00f3polis"},"content":{"rendered":"<p style=\"text-align: justify;\">O morador de Presidente Vendeslau Darci Pelegrino Zambrano, de 61 anos de idade, faleceu na tarde desta segunda-feira (01) em acidente de tr\u00e2nsito que foi registrado no km 632,5 da Rodovia Comandante Jo\u00e3o Ribeiro de Barros (SP-294), em Junqueir\u00f3polis. Ele estava acompanhado do filho que foi socorrido em estado grave.<\/p>\n<p><img decoding=\"async\" src=\"https:\/\/www.portalbueno.com.br\/uploads\/news\/01_11_2021_100448_304.jpeg\" alt=\"\" \/><\/p>\n<p style=\"text-align: justify;\">De\u00a0acordo com informa\u00e7\u00f5es da Pol\u00edcia Militar Rodovi\u00e1ria, pai e filho estavam em uma caminhonete D-20, com placas de Presidente Venceslau,\u00a0que capotou ap\u00f3s o condutor perder o controle da dire\u00e7\u00e3o.<\/p>\n<p style=\"text-align: justify;\">Darci estava na dire\u00e7\u00e3o do ve\u00edculo e morreu na hora. O filho foi encaminhado at\u00e9 o Pronto Socorro de Junqueir\u00f3polis, e apesar dos ferimentos, n\u00e3o corre riscos.<\/p>\n<p style=\"text-align: justify;\">A per\u00edcia t\u00e9cnica foi acionada e ir\u00e1 elaborar um laudo para apurar as causas do acidente.<\/p>\n<p style=\"text-align: justify;\"><img decoding=\"async\" src=\"https:\/\/www.portalbueno.com.br\/uploads\/news\/01_11_2021_100340_996.jpg\" alt=\"\" \/><\/p>\n<p style=\"text-align: justify;\">Darci trabalhou por muitos anos na Santa Clara, oficina venceslauense,\u00a0e estava aposentado.\u00a0O corpo ser\u00e1 velado na Organiza\u00e7\u00e3o Presidente e o sepultamento dever\u00e1 ser realizado no cemit\u00e9rio de Presidente Venceslau em hor\u00e1rio a ser determinado pela fam\u00edlia.<\/p>\n<p>Fonte: PMR e Portal Bueno<\/p>\n","protected":false},"excerpt":{"rendered":"<p>O morador de Presidente Vendeslau Darci Pelegrino Zambrano, de 61 anos de idade, faleceu na tarde desta segunda-feira (01) em acidente de tr\u00e2nsito que foi registrado no km 632,5 da Rodovia Comandante Jo\u00e3o Ribeiro de Barros (SP-294), em Junqueir\u00f3polis. Ele estava acompanhado do filho que foi socorrido em estado grave. De\u00a0acordo com informa\u00e7\u00f5es da Pol\u00edcia [&hellip;]<\/p>\n","protected":false},"author":1,"featured_media":55827,"comment_status":"closed","ping_status":"open","sticky":false,"template":"","format":"standard","meta":{"footnotes":""},"categories":[170,110],"tags":[],"class_list":["post-55826","post","type-post","status-publish","format-standard","has-post-thumbnail","hentry","category-acidentes","category-noticiasdestaque"],"_links":{"self":[{"href":"https:\/\/jorgezanoni.com.br\/2019\/wp-json\/wp\/v2\/posts\/55826","targetHints":{"allow":["GET"]}}],"collection":[{"href":"https:\/\/jorgezanoni.com.br\/2019\/wp-json\/wp\/v2\/posts"}],"about":[{"href":"https:\/\/jorgezanoni.com.br\/2019\/wp-json\/wp\/v2\/types\/post"}],"author":[{"embeddable":true,"href":"https:\/\/jorgezanoni.com.br\/2019\/wp-json\/wp\/v2\/users\/1"}],"replies":[{"embeddable":true,"href":"https:\/\/jorgezanoni.com.br\/2019\/wp-json\/wp\/v2\/comments?post=55826"}],"version-history":[{"count":0,"href":"https:\/\/jorgezanoni.com.br\/2019\/wp-json\/wp\/v2\/posts\/55826\/revisions"}],"wp:featuredmedia":[{"embeddable":true,"href":"https:\/\/jorgezanoni.com.br\/2019\/wp-json\/wp\/v2\/media\/55827"}],"wp:attachment":[{"href":"https:\/\/jorgezanoni.com.br\/2019\/wp-json\/wp\/v2\/media?parent=55826"}],"wp:term":[{"taxonomy":"category","embeddable":true,"href":"https:\/\/jorgezanoni.com.br\/2019\/wp-json\/wp\/v2\/categories?post=55826"},{"taxonomy":"post_tag","embeddable":true,"href":"https:\/\/jorgezanoni.com.br\/2019\/wp-json\/wp\/v2\/tags?post=55826"}],"curies":[{"name":"wp","href":"https:\/\/api.w.org\/{rel}","templated":true}]}}