{"id":55823,"date":"2021-11-01T21:41:38","date_gmt":"2021-11-01T21:41:38","guid":{"rendered":"https:\/\/jorgezanoni.com.br\/2019\/?p=55823"},"modified":"2021-11-01T21:41:38","modified_gmt":"2021-11-01T21:41:38","slug":"flores-estao-sendo-furtadas-de-tumulos-de-cemiterio-em-dracena","status":"publish","type":"post","link":"https:\/\/jorgezanoni.com.br\/2019\/flores-estao-sendo-furtadas-de-tumulos-de-cemiterio-em-dracena\/","title":{"rendered":"Flores est\u00e3o sendo furtadas de t\u00famulos de Cemit\u00e9rio em Dracena"},"content":{"rendered":"<p style=\"text-align: justify;\">Familiares que tem entes queridos sepultados no Cemit\u00e9rio Municipal de Dracena, est\u00e3o reclamando de furto de Flores inclusive com os Vasos.<\/p>\n<p style=\"text-align: justify;\">Um exemplo \u00e9 a foto onde existiam 6 (seis) vasos colocados no s\u00e1bado, e hoje pela manh\u00e3 j\u00e1 n\u00e3o existia mais nenhum.<\/p>\n<p style=\"text-align: justify;\">Seria interessante uma investiga\u00e7\u00e3o, acredita-se que s\u00e3o v\u00e2ndalos que furtam para revender, pois n\u00e3o d\u00e1 para acreditar que algu\u00e9m pegue de algum t\u00famulo para colocar em outro.<\/p>\n<p style=\"text-align: justify;\">Fica registrada a reclama\u00e7\u00e3o para que as autoridades e pessoas envolvidas com a seguran\u00e7a do Cemit\u00e9rio tomem as devidas provid\u00eancias e punam os respons\u00e1veis.<\/p>\n<p style=\"text-align: justify;\">Jorge Zanoni<\/p>\n","protected":false},"excerpt":{"rendered":"<p>Familiares que tem entes queridos sepultados no Cemit\u00e9rio Municipal de Dracena, est\u00e3o reclamando de furto de Flores inclusive com os Vasos. Um exemplo \u00e9 a foto onde existiam 6 (seis) vasos colocados no s\u00e1bado, e hoje pela manh\u00e3 j\u00e1 n\u00e3o existia mais nenhum. Seria interessante uma investiga\u00e7\u00e3o, acredita-se que s\u00e3o v\u00e2ndalos que furtam para revender, [&hellip;]<\/p>\n","protected":false},"author":1,"featured_media":55824,"comment_status":"closed","ping_status":"open","sticky":false,"template":"","format":"standard","meta":{"footnotes":""},"categories":[179,184,110,2],"tags":[],"class_list":["post-55823","post","type-post","status-publish","format-standard","has-post-thumbnail","hentry","category-cidadeseregiao","category-dracena","category-noticiasdestaque","category-policial"],"_links":{"self":[{"href":"https:\/\/jorgezanoni.com.br\/2019\/wp-json\/wp\/v2\/posts\/55823","targetHints":{"allow":["GET"]}}],"collection":[{"href":"https:\/\/jorgezanoni.com.br\/2019\/wp-json\/wp\/v2\/posts"}],"about":[{"href":"https:\/\/jorgezanoni.com.br\/2019\/wp-json\/wp\/v2\/types\/post"}],"author":[{"embeddable":true,"href":"https:\/\/jorgezanoni.com.br\/2019\/wp-json\/wp\/v2\/users\/1"}],"replies":[{"embeddable":true,"href":"https:\/\/jorgezanoni.com.br\/2019\/wp-json\/wp\/v2\/comments?post=55823"}],"version-history":[{"count":0,"href":"https:\/\/jorgezanoni.com.br\/2019\/wp-json\/wp\/v2\/posts\/55823\/revisions"}],"wp:featuredmedia":[{"embeddable":true,"href":"https:\/\/jorgezanoni.com.br\/2019\/wp-json\/wp\/v2\/media\/55824"}],"wp:attachment":[{"href":"https:\/\/jorgezanoni.com.br\/2019\/wp-json\/wp\/v2\/media?parent=55823"}],"wp:term":[{"taxonomy":"category","embeddable":true,"href":"https:\/\/jorgezanoni.com.br\/2019\/wp-json\/wp\/v2\/categories?post=55823"},{"taxonomy":"post_tag","embeddable":true,"href":"https:\/\/jorgezanoni.com.br\/2019\/wp-json\/wp\/v2\/tags?post=55823"}],"curies":[{"name":"wp","href":"https:\/\/api.w.org\/{rel}","templated":true}]}}