{"id":55818,"date":"2021-11-01T14:33:21","date_gmt":"2021-11-01T14:33:21","guid":{"rendered":"https:\/\/jorgezanoni.com.br\/2019\/?p=55818"},"modified":"2021-11-01T14:36:29","modified_gmt":"2021-11-01T14:36:29","slug":"se-voce-falou-que-ia-pagar-de-sao-nunca-vence-hoje-dia-de-todos-os-santos","status":"publish","type":"post","link":"https:\/\/jorgezanoni.com.br\/2019\/se-voce-falou-que-ia-pagar-de-sao-nunca-vence-hoje-dia-de-todos-os-santos\/","title":{"rendered":"Se voc\u00ea falou que ia pagar &#8220;Dia de S\u00e3o Nunca&#8221;, vence hoje, &#8220;Dia de Todos os Santos&#8221;"},"content":{"rendered":"<header class=\"mw-body-header\">\n<h1 id=\"firstHeading\" class=\"firstHeading\" style=\"text-align: justify;\">S\u00e3o Nunca<\/h1>\n<\/header>\n<div id=\"bodyContent\" class=\"vector-body\">\n<div id=\"mw-content-text\" class=\"mw-body-content mw-content-ltr\" dir=\"ltr\" lang=\"pt\">\n<div class=\"mw-parser-output\">\n<p style=\"text-align: justify;\"><b>S\u00e3o Nunca<\/b>\u00a0\u00e9 um santo fict\u00edcio utilizado na\u00a0<a title=\"Express\u00e3o idiom\u00e1tica\" href=\"https:\/\/pt.wikipedia.org\/wiki\/Express%C3%A3o_idiom%C3%A1tica\">express\u00e3o idiom\u00e1tica<\/a>\u00a0\u00ab<b>no dia de S\u00e3o Nunca<\/b>\u00bb, usada como uma locu\u00e7\u00e3o adverbial de tempo. Esta express\u00e3o \u00e9 usada quando algu\u00e9m se quer referir a um acontecimento que \u00e9 imposs\u00edvel, improv\u00e1vel, hipot\u00e9tico ou que s\u00f3 acontecer\u00e1 num futuro distante. Por vezes \u00e9 refor\u00e7ada acrescentando \u201c\u00e0 tarde\u201d no final da frase. \u00c9,\u00a0<i><a title=\"Grosso modo\" href=\"https:\/\/pt.wikipedia.org\/wiki\/Grosso_modo\">grosso modo<\/a><\/i>, uma das formas populares da express\u00e3o latina \u00ab<i><a title=\"Ad kalendas gr\u00e6cas\" href=\"https:\/\/pt.wikipedia.org\/wiki\/Ad_kalendas_gr%C3%A6cas\">ad kalendas gr\u00e6cas<\/a><\/i>\u00bb (\u00abnas\u00a0<a title=\"Calendas\" href=\"https:\/\/pt.wikipedia.org\/wiki\/Calendas\">calendas<\/a>\u00a0gregas\u00bb), assim como (bater o p\u00e9), \u00abquando os porcos voarem\u00bb, \u201cquando as galinhas tiverem dentes\u201d ou \u00abnem que a vaca tussa\u00bb.<sup id=\"cite_ref-1\" class=\"reference\"><a href=\"https:\/\/pt.wikipedia.org\/wiki\/S%C3%A3o_Nunca#cite_note-1\">[1]<\/a><\/sup><\/p>\n<p style=\"text-align: justify;\">Exemplo: \u00abS\u00f3 ser\u00edamos campe\u00f5es do mundo no dia de S\u00e3o Nunca!\u00bb<sup id=\"cite_ref-2\" class=\"reference\"><a href=\"https:\/\/pt.wikipedia.org\/wiki\/S%C3%A3o_Nunca#cite_note-2\">[2]<\/a><\/sup><\/p>\n<h2 style=\"text-align: justify;\"><span id=\"Teorias_sobre_a_data_de_celebra\u00e7\u00e3o\" class=\"mw-headline\">Teorias sobre a data de celebra\u00e7\u00e3o<\/span><\/h2>\n<p style=\"text-align: justify;\">De acordo com v\u00e1rias comunidades na internet t\u00eam-se vindo a discutir a exist\u00eancia de um dia, e a luta pela atribui\u00e7\u00e3o de uma data de celebra\u00e7\u00e3o tem sido constante. Uma das poss\u00edveis datas \u00e9 o dia 1 de Novembro, assim como tamb\u00e9m \u00e9 a mais aceite pelas comunidades uma vez que \u00e9\u00a0<a title=\"Dia de Todos os Santos\" href=\"https:\/\/pt.wikipedia.org\/wiki\/Dia_de_Todos_os_Santos\">Dia de Todos os Santos<\/a>, S\u00e3o Nunca tamb\u00e9m estaria inclu\u00eddo.<sup id=\"cite_ref-3\" class=\"reference\"><\/sup><\/p>\n<p style=\"text-align: justify;\">Outra teoria prende-se no facto de que por tr\u00eas vezes na hist\u00f3ria, houve per\u00edodos em que existiu a data 30 de Fevereiro. Esse dia, por n\u00e3o &#8220;existir&#8221; (da forma comum) \u00e9 tamb\u00e9m chamado de &#8220;dia de S\u00e3o Nunca&#8221;, um &#8220;santo&#8221; evidentemente fict\u00edcio representando que esse dia &#8220;nunca vai chegar&#8221;. \u2013\u00a0<a title=\"30 de fevereiro\" href=\"https:\/\/pt.wikipedia.org\/wiki\/30_de_fevereiro\">30 de fevereiro<\/a>\u00a0. Em 1929, a\u00a0<a title=\"Uni\u00e3o Sovi\u00e9tica\" href=\"https:\/\/pt.wikipedia.org\/wiki\/Uni%C3%A3o_Sovi%C3%A9tica\">Uni\u00e3o Sovi\u00e9tica<\/a>, introduziu um calend\u00e1rio revolucion\u00e1rio no qual todos os meses tinham 30 dias, e os outros 5 ou 6 dias que sobravam eram feriados e n\u00e3o pertenciam em nenhum m\u00eas. Sendo assim, em 1930 e 1931 houve 30 de fevereiro, mas 1932 os meses voltaram ao normal. Outro caso, foi em 1295 em que\u00a0<a class=\"mw-redirect\" title=\"Sacrobosco\" href=\"https:\/\/pt.wikipedia.org\/wiki\/Sacrobosco\">Sacrobosco<\/a>\u00a0publicou no seu livro, a especula\u00e7\u00e3o de que o imperador\u00a0<a title=\"Augusto\" href=\"https:\/\/pt.wikipedia.org\/wiki\/Augusto\">C\u00e9sar Augusto<\/a>\u00a0retirou um m\u00eas de fevereiro e o colocou em Agosto, assim nomeado em sua homenagem, para n\u00e3o ficar atr\u00e1s dos 31 dias do m\u00eas de Julho, que possu\u00eda homenagem \u00e0 Caio J\u00falio C\u00e9sar. A cria\u00e7\u00e3o do m\u00eas pelo imperador e seus dias est\u00e3o corretos. Na especula\u00e7\u00e3o, Sacrobosco ainda diz que naquela \u00e9poca o m\u00eas de fevereiro tinha 29 dias e portanto os anos bissextos entre 45 a.C. e 8 d.C. tinham o dia 30 de fevereiro no seu calend\u00e1rio. Os \u00faltimos casos foram na Su\u00e9cia, em 1712, e na Uni\u00e3o Sovi\u00e9tica, em 1931, devido \u00e0 mudan\u00e7a para o calend\u00e1rio gregoriano.<\/p>\n<p style=\"text-align: justify;\">A tradi\u00e7\u00e3o m\u00e1gica considera o dia 08\/07 como o dia de S\u00e3o Nunca.<\/p>\n<p style=\"text-align: justify;\">Fonte: https:\/\/pt.wikipedia.org\/wiki\/S%C3%A3o_Nunca<\/p>\n<\/div>\n<\/div>\n<\/div>\n","protected":false},"excerpt":{"rendered":"<p>S\u00e3o Nunca S\u00e3o Nunca\u00a0\u00e9 um santo fict\u00edcio utilizado na\u00a0express\u00e3o idiom\u00e1tica\u00a0\u00abno dia de S\u00e3o Nunca\u00bb, usada como uma locu\u00e7\u00e3o adverbial de tempo. Esta express\u00e3o \u00e9 usada quando algu\u00e9m se quer referir a um acontecimento que \u00e9 imposs\u00edvel, improv\u00e1vel, hipot\u00e9tico ou que s\u00f3 acontecer\u00e1 num futuro distante. Por vezes \u00e9 refor\u00e7ada acrescentando \u201c\u00e0 tarde\u201d no final da [&hellip;]<\/p>\n","protected":false},"author":1,"featured_media":55819,"comment_status":"closed","ping_status":"open","sticky":false,"template":"","format":"standard","meta":{"footnotes":""},"categories":[110,118],"tags":[],"class_list":["post-55818","post","type-post","status-publish","format-standard","has-post-thumbnail","hentry","category-noticiasdestaque","category-religiaoesolidariedade"],"_links":{"self":[{"href":"https:\/\/jorgezanoni.com.br\/2019\/wp-json\/wp\/v2\/posts\/55818","targetHints":{"allow":["GET"]}}],"collection":[{"href":"https:\/\/jorgezanoni.com.br\/2019\/wp-json\/wp\/v2\/posts"}],"about":[{"href":"https:\/\/jorgezanoni.com.br\/2019\/wp-json\/wp\/v2\/types\/post"}],"author":[{"embeddable":true,"href":"https:\/\/jorgezanoni.com.br\/2019\/wp-json\/wp\/v2\/users\/1"}],"replies":[{"embeddable":true,"href":"https:\/\/jorgezanoni.com.br\/2019\/wp-json\/wp\/v2\/comments?post=55818"}],"version-history":[{"count":0,"href":"https:\/\/jorgezanoni.com.br\/2019\/wp-json\/wp\/v2\/posts\/55818\/revisions"}],"wp:featuredmedia":[{"embeddable":true,"href":"https:\/\/jorgezanoni.com.br\/2019\/wp-json\/wp\/v2\/media\/55819"}],"wp:attachment":[{"href":"https:\/\/jorgezanoni.com.br\/2019\/wp-json\/wp\/v2\/media?parent=55818"}],"wp:term":[{"taxonomy":"category","embeddable":true,"href":"https:\/\/jorgezanoni.com.br\/2019\/wp-json\/wp\/v2\/categories?post=55818"},{"taxonomy":"post_tag","embeddable":true,"href":"https:\/\/jorgezanoni.com.br\/2019\/wp-json\/wp\/v2\/tags?post=55818"}],"curies":[{"name":"wp","href":"https:\/\/api.w.org\/{rel}","templated":true}]}}