{"id":55815,"date":"2021-11-01T14:20:55","date_gmt":"2021-11-01T14:20:55","guid":{"rendered":"https:\/\/jorgezanoni.com.br\/2019\/?p=55815"},"modified":"2021-11-01T14:20:55","modified_gmt":"2021-11-01T14:20:55","slug":"hoje-a-comunidade-catolica-comemora-o-dia-de-todos-os-santos","status":"publish","type":"post","link":"https:\/\/jorgezanoni.com.br\/2019\/hoje-a-comunidade-catolica-comemora-o-dia-de-todos-os-santos\/","title":{"rendered":"Hoje a Comunidade Cat\u00f3lica comemora o &#8220;Dia de Todos os Santos&#8221;"},"content":{"rendered":"<p style=\"text-align: justify;\"><b>Dia de Todos os Santos<\/b>\u00a0\u00e9 uma festa celebrada em honra de todos os\u00a0<a title=\"Santo\" href=\"https:\/\/pt.wikipedia.org\/wiki\/Santo\">santos<\/a>\u00a0e\u00a0<a title=\"M\u00e1rtir\" href=\"https:\/\/pt.wikipedia.org\/wiki\/M%C3%A1rtir\">m\u00e1rtires<\/a>, conhecidos ou n\u00e3o. Esta festa \u00e9 celebrada pelos crentes de muitas das igrejas da\u00a0<a class=\"mw-redirect\" title=\"Religi\u00e3o crist\u00e3\" href=\"https:\/\/pt.wikipedia.org\/wiki\/Religi%C3%A3o_crist%C3%A3\">religi\u00e3o crist\u00e3<\/a>, por ser herdada a partir da tradi\u00e7\u00e3o apost\u00f3lica.<\/p>\n<p style=\"text-align: justify;\">A\u00a0<a title=\"Igreja Cat\u00f3lica\" href=\"https:\/\/pt.wikipedia.org\/wiki\/Igreja_Cat%C3%B3lica\">Igreja Cat\u00f3lica<\/a>\u00a0celebra a\u00a0<i><b>Festum Omnium Sanctorum<\/b><\/i>\u00a0(Festa de Todos os Santos) a\u00a0<a title=\"1 de novembro\" href=\"https:\/\/pt.wikipedia.org\/wiki\/1_de_novembro\">1 de novembro<\/a>\u00a0que \u00e9 seguido pelo\u00a0<a class=\"mw-redirect\" title=\"Dia dos fi\u00e9is defuntos\" href=\"https:\/\/pt.wikipedia.org\/wiki\/Dia_dos_fi%C3%A9is_defuntos\">dia dos fi\u00e9is defuntos<\/a>\u00a0a\u00a0<a title=\"2 de novembro\" href=\"https:\/\/pt.wikipedia.org\/wiki\/2_de_novembro\">2 de novembro<\/a>, (a data pode as vezes ser transferida para o domingo seguinte). A\u00a0<a title=\"Igreja Ortodoxa\" href=\"https:\/\/pt.wikipedia.org\/wiki\/Igreja_Ortodoxa\">Igreja Ortodoxa<\/a>\u00a0celebra esta festividade no primeiro domingo depois do\u00a0<a title=\"Pentecostes\" href=\"https:\/\/pt.wikipedia.org\/wiki\/Pentecostes\">Pentecostes<\/a>, fechando a \u00e9poca lit\u00fargica da\u00a0<a title=\"P\u00e1scoa\" href=\"https:\/\/pt.wikipedia.org\/wiki\/P%C3%A1scoa\">P\u00e1scoa<\/a>, tal como a\u00a0<a class=\"mw-redirect\" title=\"Igreja Cat\u00f3lica Oriental\" href=\"https:\/\/pt.wikipedia.org\/wiki\/Igreja_Cat%C3%B3lica_Oriental\">Igreja Cat\u00f3lica Oriental<\/a>. A\u00a0<a class=\"mw-redirect\" title=\"Igreja anglicana\" href=\"https:\/\/pt.wikipedia.org\/wiki\/Igreja_anglicana\">Igreja Anglicana<\/a>\u00a0tamb\u00e9m celebra o dia de Todos os Santos com o mesmo significado que nas Igrejas\u00a0<a title=\"Igreja Cat\u00f3lica\" href=\"https:\/\/pt.wikipedia.org\/wiki\/Igreja_Cat%C3%B3lica\">Cat\u00f3lica<\/a>\u00a0e\u00a0<a title=\"Igreja Ortodoxa\" href=\"https:\/\/pt.wikipedia.org\/wiki\/Igreja_Ortodoxa\">Ortodoxa<\/a>. Na\u00a0<a class=\"mw-redirect\" title=\"Igreja Luterana\" href=\"https:\/\/pt.wikipedia.org\/wiki\/Igreja_Luterana\">Igreja Luterana<\/a>, o dia \u00e9 celebrado principalmente para lembrar que todas as pessoas batizadas s\u00e3o santas e tamb\u00e9m aquelas pessoas que faleceram no ano que passou, pelo que o significado da celebra\u00e7\u00e3o tamb\u00e9m \u00e9 quase id\u00eantico ao de outras igrejas crist\u00e3s.<\/p>\n<p style=\"text-align: justify;\">Na pr\u00e1tica crist\u00e3 ocidental, a celebra\u00e7\u00e3o lit\u00fargica come\u00e7a na v\u00e9spera na noite de 31 de outubro (V\u00e9spera de Todos os Santos), e termina no final de 1 \u00ba de novembro. \u00c9 assim um dia antes do\u00a0<a title=\"Dia dos Fi\u00e9is Defuntos\" href=\"https:\/\/pt.wikipedia.org\/wiki\/Dia_dos_Fi%C3%A9is_Defuntos\">Dia dos Fi\u00e9is Defuntos<\/a>, que comemora a partida dos fi\u00e9is.<\/p>\n<h2 style=\"text-align: justify;\"><span id=\"Hist\u00f3ria\" class=\"mw-headline\">Hist\u00f3ria<\/span><\/h2>\n<p style=\"text-align: justify;\">A\u00a0<a title=\"Enciclop\u00e9dia Cat\u00f3lica\" href=\"https:\/\/pt.wikipedia.org\/wiki\/Enciclop%C3%A9dia_Cat%C3%B3lica\">Enciclop\u00e9dia Cat\u00f3lica<\/a>\u00a0define o\u00a0<a class=\"mw-selflink selflink\">Dia de Todos os Santos<\/a>\u00a0como uma festa em &#8220;honra a todos os santos, conhecidos e desconhecidos&#8221;. No fim do segundo s\u00e9culo, professos crist\u00e3os come\u00e7aram a honrar os que haviam sido martirizados por causa da sua f\u00e9 e, certos de que eles j\u00e1 estavam com Cristo no c\u00e9u, oravam a eles para que intercedessem a seu favor. A comemora\u00e7\u00e3o regular come\u00e7ou quando, em 13 de maio de 609 ou 610, o\u00a0<a title=\"Papa Bonif\u00e1cio IV\" href=\"https:\/\/pt.wikipedia.org\/wiki\/Papa_Bonif%C3%A1cio_IV\">Papa Bonif\u00e1cio IV<\/a>\u00a0dedicou o\u00a0<a title=\"Pante\u00e3o (Roma)\" href=\"https:\/\/pt.wikipedia.org\/wiki\/Pante%C3%A3o_(Roma)\">Pante\u00e3o<\/a>\u00a0(o templo romano em honra a todos os deuses) a\u00a0<a title=\"Maria (m\u00e3e de Jesus)\" href=\"https:\/\/pt.wikipedia.org\/wiki\/Maria_(m%C3%A3e_de_Jesus)\">Maria<\/a>\u00a0e a todos os\u00a0<a title=\"M\u00e1rtir\" href=\"https:\/\/pt.wikipedia.org\/wiki\/M%C3%A1rtir\">m\u00e1rtires<\/a>.\u00a0<a class=\"new\" title=\"Markale (p\u00e1gina n\u00e3o existe)\" href=\"https:\/\/pt.wikipedia.org\/w\/index.php?title=Markale&amp;action=edit&amp;redlink=1\">Markale<\/a>\u00a0comenta: &#8220;Os\u00a0<a title=\"Religi\u00e3o na Roma Antiga\" href=\"https:\/\/pt.wikipedia.org\/wiki\/Religi%C3%A3o_na_Roma_Antiga\">deuses romanos<\/a>\u00a0cederam seu lugar aos santos da religi\u00e3o vitoriosa.&#8221;<\/p>\n<p style=\"text-align: justify;\">A data foi mudada para novembro quando o\u00a0<a title=\"Papa Greg\u00f3rio III\" href=\"https:\/\/pt.wikipedia.org\/wiki\/Papa_Greg%C3%B3rio_III\">Papa Greg\u00f3rio III<\/a>\u00a0(731-741) dedicou uma capela em\u00a0<a title=\"Roma\" href=\"https:\/\/pt.wikipedia.org\/wiki\/Roma\">Roma<\/a>\u00a0a Todos os Santos e ordenou que eles fossem homenageados em 1.\u00b0 de novembro. N\u00e3o se sabe ao certo por que ele fez isso, mas pode ter sido porque j\u00e1 se comemorava um feriado parecido, na mesma data, na Inglaterra. A Enciclop\u00e9dia da Religi\u00e3o afirma: &#8220;O\u00a0<a title=\"Samhain\" href=\"https:\/\/pt.wikipedia.org\/wiki\/Samhain\">Samhain<\/a>\u00a0continuou a ser uma festa popular entre os povos\u00a0<a title=\"Celtas\" href=\"https:\/\/pt.wikipedia.org\/wiki\/Celtas\">celtas<\/a>\u00a0durante todo o tempo da cristianiza\u00e7\u00e3o da Gr\u00e3-Bretanha. A Igreja brit\u00e2nica tentou desviar esse interesse em costumes\u00a0<a class=\"mw-redirect\" title=\"Pag\u00e3o\" href=\"https:\/\/pt.wikipedia.org\/wiki\/Pag%C3%A3o\">pag\u00e3os<\/a>\u00a0acrescentando uma comemora\u00e7\u00e3o crist\u00e3 ao calend\u00e1rio, na mesma data do\u00a0<a title=\"Samhain\" href=\"https:\/\/pt.wikipedia.org\/wiki\/Samhain\">Samhain<\/a>. \u00c9 poss\u00edvel que a comemora\u00e7\u00e3o brit\u00e2nica medieval do Dia de Todos os Santos tenha sido o ponto de partida para a populariza\u00e7\u00e3o dessa festividade em toda a Igreja crist\u00e3.&#8221;<\/p>\n<p style=\"text-align: justify;\"><a class=\"new\" title=\"Markale (p\u00e1gina n\u00e3o existe)\" href=\"https:\/\/pt.wikipedia.org\/w\/index.php?title=Markale&amp;action=edit&amp;redlink=1\">Markale<\/a>\u00a0menciona a crescente influ\u00eancia dos monges irlandeses em toda a Europa naquela \u00e9poca. De modo similar, a Nova Enciclop\u00e9dia Cat\u00f3lica afirma: &#8220;Os irlandeses costumavam reservar o primeiro dia do m\u00eas para as festividades importantes e, visto que 1.\u00b0 de novembro era tamb\u00e9m o in\u00edcio do inverno para os celtas, seria uma data prop\u00edcia para uma festa em homenagem a todos os santos.&#8221; Finalmente, em\u00a0<a title=\"835\" href=\"https:\/\/pt.wikipedia.org\/wiki\/835\">835<\/a>, o\u00a0<a title=\"Papa Greg\u00f3rio IV\" href=\"https:\/\/pt.wikipedia.org\/wiki\/Papa_Greg%C3%B3rio_IV\">Papa Greg\u00f3rio IV<\/a>\u00a0declarou-a uma festa universal.<\/p>\n<h3 style=\"text-align: justify;\"><span id=\"Rela.C3.A7.C3.A3o_com_o_Dia_dos_Mortos\"><\/span><span id=\"Rela\u00e7\u00e3o_com_o_Dia_dos_Mortos\" class=\"mw-headline\">Rela\u00e7\u00e3o com o Dia dos Mortos<\/span><\/h3>\n<p style=\"text-align: justify;\">O feriado do\u00a0<a class=\"mw-redirect\" title=\"Dia de Finados\" href=\"https:\/\/pt.wikipedia.org\/wiki\/Dia_de_Finados\">Dia de Finados<\/a>, no qual as pessoas rezam a fim de ajudar as almas no purgat\u00f3rio a obter a bem-aventuran\u00e7a celestial, teve sua data fixada em 2 de novembro durante o\u00a0<a title=\"S\u00e9culo II\" href=\"https:\/\/pt.wikipedia.org\/wiki\/S%C3%A9culo_II\">s\u00e9culo 11<\/a>\u00a0pelos monges de\u00a0<a class=\"mw-redirect\" title=\"Cluny\" href=\"https:\/\/pt.wikipedia.org\/wiki\/Cluny\">Cluny<\/a>, na\u00a0<a title=\"Fran\u00e7a\" href=\"https:\/\/pt.wikipedia.org\/wiki\/Fran%C3%A7a\">Fran\u00e7a<\/a>. Embora se afirmasse que o Dia de Finados era um dia santo cat\u00f3lico, \u00e9 \u00f3bvio que, na mente do povo, ainda havia muita confus\u00e3o. A Nova Enciclop\u00e9dia Cat\u00f3lica afirma que &#8220;durante toda a\u00a0<a title=\"Idade M\u00e9dia\" href=\"https:\/\/pt.wikipedia.org\/wiki\/Idade_M%C3%A9dia\">Idade M\u00e9dia<\/a>\u00a0era popular a cren\u00e7a de que, nesse dia, as almas no\u00a0<a title=\"Purgat\u00f3rio\" href=\"https:\/\/pt.wikipedia.org\/wiki\/Purgat%C3%B3rio\">purgat\u00f3rio<\/a>\u00a0podiam aparecer em forma de\u00a0<a title=\"Fogo-f\u00e1tuo\" href=\"https:\/\/pt.wikipedia.org\/wiki\/Fogo-f%C3%A1tuo\">fogo-f\u00e1tuo<\/a>,\u00a0<a title=\"Bruxa\" href=\"https:\/\/pt.wikipedia.org\/wiki\/Bruxa\">bruxa<\/a>, sapo etc.&#8221;<\/p>\n<p style=\"text-align: justify;\">Incapaz de desarraigar as cren\u00e7as\u00a0<a class=\"mw-redirect\" title=\"Pag\u00e3s\" href=\"https:\/\/pt.wikipedia.org\/wiki\/Pag%C3%A3s\">pag\u00e3s<\/a>\u00a0do cora\u00e7\u00e3o do seu rebanho, a Igreja simplesmente as escondeu por tr\u00e1s de uma m\u00e1scara &#8220;crist\u00e3&#8221;. Destacando esse fato, a Enciclop\u00e9dia da Religi\u00e3o diz: &#8220;A festividade crist\u00e3, o Dia de Todos os Santos, \u00e9 uma homenagem aos santos conhecidos e desconhecidos da religi\u00e3o crist\u00e3, assim como o\u00a0<a title=\"Samhain\" href=\"https:\/\/pt.wikipedia.org\/wiki\/Samhain\">Samhain<\/a>\u00a0lembrava as deidades celtas e lhes pagava tributo&#8230;&#8221; Todavia, mais que uma semelhan\u00e7a a festa de Todos os Santos celebra-se os santos conhecidos ou n\u00e3o que fizeram de sua vida uma ora\u00e7\u00e3o, testemunho e f\u00e9 na paix\u00e3o, morte e ressurrei\u00e7\u00e3o de Jesus Cristo. S\u00e3o, como revela o livro do Apocalipse, a multid\u00e3o de pessoas de v\u00e1rias na\u00e7\u00f5es que alvejaram as suas vestes brancas no sangue do Cordeiro e diante do trono de Deus proclamam hinos e c\u00e2nticos de louvor e agradecimento dizendo que a salva\u00e7\u00e3o procede do Cordeiro (Ap 7, 2-14).<\/p>\n<p style=\"text-align: justify;\">Na\u00a0<a title=\"Igreja Cat\u00f3lica\" href=\"https:\/\/pt.wikipedia.org\/wiki\/Igreja_Cat%C3%B3lica\">Igreja Cat\u00f3lica<\/a>, o dia de &#8220;Todos os Santos&#8221; \u00e9 celebrado no dia\u00a0<a title=\"1 de novembro\" href=\"https:\/\/pt.wikipedia.org\/wiki\/1_de_novembro\">1 de novembro<\/a>\u00a0e o de &#8220;<a title=\"Dia dos Fi\u00e9is Defuntos\" href=\"https:\/\/pt.wikipedia.org\/wiki\/Dia_dos_Fi%C3%A9is_Defuntos\">Finados<\/a>&#8221; no dia\u00a0<a title=\"2 de novembro\" href=\"https:\/\/pt.wikipedia.org\/wiki\/2_de_novembro\">2 de novembro<\/a>. Esta tradi\u00e7\u00e3o de recordar (fazer mem\u00f3ria) os santos est\u00e1 na origem da composi\u00e7\u00e3o do\u00a0<a title=\"Calend\u00e1rio lit\u00fargico\" href=\"https:\/\/pt.wikipedia.org\/wiki\/Calend%C3%A1rio_lit%C3%BArgico\">calend\u00e1rio lit\u00fargico<\/a>, em que constavam, inicialmente, as datas de anivers\u00e1rio da morte dos crist\u00e3os\u00a0<a title=\"M\u00e1rtir\" href=\"https:\/\/pt.wikipedia.org\/wiki\/M%C3%A1rtir\">martirizados<\/a>\u00a0como testemunho pela sua f\u00e9, realizando-se, nelas,\u00a0<a title=\"Ora\u00e7\u00e3o\" href=\"https:\/\/pt.wikipedia.org\/wiki\/Ora%C3%A7%C3%A3o\">ora\u00e7\u00f5es<\/a>,\u00a0<a title=\"Missa\" href=\"https:\/\/pt.wikipedia.org\/wiki\/Missa\">missas<\/a>\u00a0e\u00a0<a title=\"Vig\u00edlia\" href=\"https:\/\/pt.wikipedia.org\/wiki\/Vig%C3%ADlia\">vig\u00edlias<\/a>, habitualmente no mesmo local ou nas imedia\u00e7\u00f5es de onde foram mortos, como acontecia em redor do\u00a0<a class=\"mw-redirect\" title=\"Coliseu de Roma\" href=\"https:\/\/pt.wikipedia.org\/wiki\/Coliseu_de_Roma\">Coliseu de Roma<\/a>. Posteriormente tornou-se habitual erigirem-se igrejas e\u00a0<a title=\"Bas\u00edlica\" href=\"https:\/\/pt.wikipedia.org\/wiki\/Bas%C3%ADlica\">bas\u00edlicas<\/a>\u00a0dedicadas a sua mem\u00f3ria nesses mesmos locais.<\/p>\n<p style=\"text-align: justify;\">O desenvolvimento da celebra\u00e7\u00e3o conjunta de v\u00e1rios m\u00e1rtires, no mesmo dia e lugar, deveu-se ao facto frequente do mart\u00edrio de grupos inteiros de crist\u00e3os e tamb\u00e9m devido ao interc\u00e2mbio e partilha das festividades entre as\u00a0<a title=\"Diocese\" href=\"https:\/\/pt.wikipedia.org\/wiki\/Diocese\">dioceses<\/a>\/<a title=\"Par\u00f3quia\" href=\"https:\/\/pt.wikipedia.org\/wiki\/Par%C3%B3quia\">par\u00f3quias<\/a>\u00a0por onde tinham passado e se tornaram conhecidos. A partir da persegui\u00e7\u00e3o de\u00a0<a title=\"Diocleciano\" href=\"https:\/\/pt.wikipedia.org\/wiki\/Diocleciano\">Diocleciano<\/a>\u00a0o n\u00famero de m\u00e1rtires era t\u00e3o grande que se tornou imposs\u00edvel designar um dia do ano separado para cada um. O primeiro registo (<a title=\"S\u00e9culo IV\" href=\"https:\/\/pt.wikipedia.org\/wiki\/S%C3%A9culo_IV\">S\u00e9culo IV<\/a>) de um dia comum para a celebra\u00e7\u00e3o de todos eles aconteceu em\u00a0<a title=\"Antioquia\" href=\"https:\/\/pt.wikipedia.org\/wiki\/Antioquia\">Antioquia<\/a>, no domingo seguinte ao de Pentecostes, tradi\u00e7\u00e3o que se mant\u00e9m nas\u00a0<a class=\"mw-redirect\" title=\"Igrejas orientais\" href=\"https:\/\/pt.wikipedia.org\/wiki\/Igrejas_orientais\">igrejas orientais<\/a>.<\/p>\n<p style=\"text-align: justify;\">Com o avan\u00e7ar do tempo, mais homens e mulheres se sucederam como exemplos de santidade e foram com estas honras reconhecidos e divulgados por todo o mundo. Inicialmente apenas\u00a0<a title=\"M\u00e1rtir\" href=\"https:\/\/pt.wikipedia.org\/wiki\/M%C3%A1rtir\">m\u00e1rtires<\/a>\u00a0(com a inclus\u00e3o de\u00a0<a title=\"Jo\u00e3o Batista\" href=\"https:\/\/pt.wikipedia.org\/wiki\/Jo%C3%A3o_Batista\">s\u00e3o Jo\u00e3o Batista<\/a>), depressa se deu grande relevo a crist\u00e3os considerados heroicos nas suas virtudes, apesar de n\u00e3o terem sido mortos. O sentido do mart\u00edrio que os crist\u00e3os respeitam alarga-se ao da entrega de toda a vida a Deus e, assim, a designa\u00e7\u00e3o &#8220;todos os santos&#8221; visa a celebrar conjuntamente todos os crist\u00e3os que se encontram na gl\u00f3ria de Deus, tenham ou n\u00e3o sido\u00a0<a title=\"Canoniza\u00e7\u00e3o\" href=\"https:\/\/pt.wikipedia.org\/wiki\/Canoniza%C3%A7%C3%A3o\">canonizados<\/a>\u00a0(processo regularizado, iniciado no\u00a0<a title=\"S\u00e9culo V\" href=\"https:\/\/pt.wikipedia.org\/wiki\/S%C3%A9culo_V\">S\u00e9culo V<\/a>, para o apuramento da heroicidade de vida crist\u00e3 de algu\u00e9m aclamado pelo povo e atrav\u00e9s do qual se pode ser chamado universalmente de beato ou santo, e pelo qual se institui um dia e o tipo e lugar para as celebra\u00e7\u00f5es, normalmente com refer\u00eancia especial na\u00a0<a title=\"Missa\" href=\"https:\/\/pt.wikipedia.org\/wiki\/Missa\">missa<\/a>).<\/p>\n<h2 style=\"text-align: justify;\"><span id=\"Inten.C3.A7.C3.A3o_catequ.C3.A9tica_da_festividade\"><\/span><span id=\"Inten\u00e7\u00e3o_catequ\u00e9tica_da_festividade\" class=\"mw-headline\">Inten\u00e7\u00e3o catequ\u00e9tica da festividade<\/span><\/h2>\n<div class=\"thumb tright\" style=\"text-align: justify;\">\n<div class=\"thumbinner\"><a class=\"image\" href=\"https:\/\/pt.wikipedia.org\/wiki\/Ficheiro:Celebraci%C3%B3n_de_Todos_los_Santos,_cementerio_de_la_Santa_Cruz,_Gniezno,_Polonia,_2017-11-01,_DD_01-03_HDR.jpg\"><img loading=\"lazy\" decoding=\"async\" class=\"thumbimage\" src=\"https:\/\/upload.wikimedia.org\/wikipedia\/commons\/thumb\/9\/9c\/Celebraci%C3%B3n_de_Todos_los_Santos%2C_cementerio_de_la_Santa_Cruz%2C_Gniezno%2C_Polonia%2C_2017-11-01%2C_DD_01-03_HDR.jpg\/250px-Celebraci%C3%B3n_de_Todos_los_Santos%2C_cementerio_de_la_Santa_Cruz%2C_Gniezno%2C_Polonia%2C_2017-11-01%2C_DD_01-03_HDR.jpg\" srcset=\"\/\/upload.wikimedia.org\/wikipedia\/commons\/thumb\/9\/9c\/Celebraci%C3%B3n_de_Todos_los_Santos%2C_cementerio_de_la_Santa_Cruz%2C_Gniezno%2C_Polonia%2C_2017-11-01%2C_DD_01-03_HDR.jpg\/375px-Celebraci%C3%B3n_de_Todos_los_Santos%2C_cementerio_de_la_Santa_Cruz%2C_Gniezno%2C_Polonia%2C_2017-11-01%2C_DD_01-03_HDR.jpg 1.5x, \/\/upload.wikimedia.org\/wikipedia\/commons\/thumb\/9\/9c\/Celebraci%C3%B3n_de_Todos_los_Santos%2C_cementerio_de_la_Santa_Cruz%2C_Gniezno%2C_Polonia%2C_2017-11-01%2C_DD_01-03_HDR.jpg\/500px-Celebraci%C3%B3n_de_Todos_los_Santos%2C_cementerio_de_la_Santa_Cruz%2C_Gniezno%2C_Polonia%2C_2017-11-01%2C_DD_01-03_HDR.jpg 2x\" alt=\"\" width=\"250\" height=\"140\" data-file-width=\"8677\" data-file-height=\"4874\" \/><\/a><\/p>\n<div class=\"thumbcaption\">\n<div class=\"magnify\"><\/div>\n<p>Comemora\u00e7\u00e3o de Todos os Santos, Cimento da Santa Cruz,\u00a0<a title=\"Gniezno\" href=\"https:\/\/pt.wikipedia.org\/wiki\/Gniezno\">Gniezno<\/a>,\u00a0<a class=\"mw-redirect\" title=\"Polonia\" href=\"https:\/\/pt.wikipedia.org\/wiki\/Polonia\">Polonia<\/a><\/div>\n<\/div>\n<\/div>\n<p style=\"text-align: justify;\">Segundo o ensinamento da Igreja, a inten\u00e7\u00e3o catequ\u00e9tica desta celebra\u00e7\u00e3o que tem lugar em todo o mundo, ressalta o chamamento de\u00a0<a title=\"Cristo\" href=\"https:\/\/pt.wikipedia.org\/wiki\/Cristo\">Cristo<\/a>\u00a0a cada pessoa para o seguir e ser santo, \u00e0 imagem de\u00a0<a title=\"Deus\" href=\"https:\/\/pt.wikipedia.org\/wiki\/Deus\">Deus<\/a>, a imagem em que foi originalmente criada e para a qual deve continuar a caminhar em\u00a0<a title=\"Amor\" href=\"https:\/\/pt.wikipedia.org\/wiki\/Amor\">amor<\/a>. Isto n\u00e3o s\u00f3 faz ver que existem santos vivos (n\u00e3o apenas os do passado) e que cada pessoa o pode ser, mas sobretudo faz entender que s\u00e3o in\u00fameros os potenciais santos que n\u00e3o s\u00e3o conhecidos, mas que da mesma forma que os canonizados igualmente veem Deus face a face, t\u00eam plena\u00a0<a title=\"Felicidade\" href=\"https:\/\/pt.wikipedia.org\/wiki\/Felicidade\">felicidade<\/a>\u00a0e intercedem por n\u00f3s. O\u00a0<a title=\"Papa Jo\u00e3o Paulo II\" href=\"https:\/\/pt.wikipedia.org\/wiki\/Papa_Jo%C3%A3o_Paulo_II\">Papa Jo\u00e3o Paulo II<\/a>\u00a0foi um grande impulsionador da &#8220;voca\u00e7\u00e3o universal \u00e0 santidade&#8221;, tema renovado com grande \u00eanfase no\u00a0<a class=\"mw-redirect\" title=\"Segundo Conc\u00edlio do Vaticano\" href=\"https:\/\/pt.wikipedia.org\/wiki\/Segundo_Conc%C3%ADlio_do_Vaticano\">Segundo Conc\u00edlio do Vaticano<\/a>.<\/p>\n<p style=\"text-align: justify;\">Nesta celebra\u00e7\u00e3o, o povo cat\u00f3lico \u00e9 conduzido \u00e0\u00a0<a title=\"Contempla\u00e7\u00e3o\" href=\"https:\/\/pt.wikipedia.org\/wiki\/Contempla%C3%A7%C3%A3o\">contempla\u00e7\u00e3o<\/a>\u00a0do que, por exemplo, dizia o\u00a0<a title=\"Cardeal\" href=\"https:\/\/pt.wikipedia.org\/wiki\/Cardeal\">Cardeal<\/a>\u00a0<a title=\"Santo\" href=\"https:\/\/pt.wikipedia.org\/wiki\/Santo\">S\u00e3o<\/a>\u00a0<a title=\"John Henry Newman\" href=\"https:\/\/pt.wikipedia.org\/wiki\/John_Henry_Newman\">John Henry Newman<\/a>: n\u00e3o somos simplesmente pessoas imperfeitas em necessidade de melhoramentos, mas sim rebeldes pecadores que devem render-se, aceitando a vida com Deus, e realizar isso \u00e9 a santidade aos olhos de Deus.<\/p>\n<h2 style=\"text-align: justify;\"><span id=\"Cita.C3.A7.C3.B5es_do_Catecismo_da_Igreja_Cat.C3.B3lica\"><\/span><span id=\"Cita\u00e7\u00f5es_do_Catecismo_da_Igreja_Cat\u00f3lica\" class=\"mw-headline\">Cita\u00e7\u00f5es do\u00a0<a title=\"Catecismo da Igreja Cat\u00f3lica\" href=\"https:\/\/pt.wikipedia.org\/wiki\/Catecismo_da_Igreja_Cat%C3%B3lica\">Catecismo da Igreja Cat\u00f3lica<\/a><\/span><\/h2>\n<table class=\"cquote\" role=\"presentation\">\n<tbody>\n<tr>\n<td>\u201c<\/td>\n<td>957. A\u00a0<a class=\"mw-redirect\" title=\"Comunh\u00e3o dos santos\" href=\"https:\/\/pt.wikipedia.org\/wiki\/Comunh%C3%A3o_dos_santos\">comunh\u00e3o com os santos<\/a>. N\u00e3o \u00e9 s\u00f3 por causa do seu exemplo que veneramos a mem\u00f3ria dos bem-aventurados, mas ainda mais para que a uni\u00e3o de toda a Igreja no Esp\u00edrito aumente com o exerc\u00edcio da caridade fraterna. Pois, assim como a comunh\u00e3o crist\u00e3 entre os crist\u00e3os ainda peregrinos nos aproxima mais de Cristo, assim tamb\u00e9m a comunh\u00e3o com os santos nos une a Cristo, de quem procedem, como de fonte e Cabe\u00e7a, toda a gra\u00e7a e a pr\u00f3pria vida do Povo de Deus.<sup id=\"ref_1\" class=\"reference plainlinks nourlexpansion\"><a class=\"external autonumber\" href=\"https:\/\/pt.wikipedia.org\/wiki\/Dia_de_Todos_os_Santos#endnote_1\">[1]<\/a><\/sup><\/td>\n<td>\u201d<\/td>\n<\/tr>\n<\/tbody>\n<\/table>\n<table class=\"cquote\" role=\"presentation\">\n<tbody>\n<tr>\n<td>\u201c<\/td>\n<td>A Cristo, n\u00f3s O adoramos, porque Ele \u00e9 o Filho de Deus; quanto aos m\u00e1rtires, n\u00f3s os amamos como a disc\u00edpulos e imitadores do Senhor; e isso \u00e9 justo, por causa da sua devo\u00e7\u00e3o incompar\u00e1vel para com o seu Rei e Mestre. Assim n\u00f3s possamos tamb\u00e9m ser seus companheiros e condisc\u00edpulos!<\/td>\n<td>\u201d<\/td>\n<\/tr>\n<\/tbody>\n<\/table>\n<table class=\"cquote\" role=\"presentation\">\n<tbody>\n<tr>\n<td>\u201c<\/td>\n<td>1173. Quando a Igreja, no ciclo anual, faz mem\u00f3ria dos m\u00e1rtires e dos outros santos, proclama o mist\u00e9rio pascal realizado naqueles homens e mulheres que sofreram com Cristo e com Ele foram glorificados, prop\u00f5e aos fi\u00e9is os seus exemplos, que a todos atraem ao Pai por Cristo, e implora, pelos seus m\u00e9ritos, os benef\u00edcios de Deus.<sup id=\"ref_2\" class=\"reference plainlinks nourlexpansion\"><a class=\"external autonumber\" href=\"https:\/\/pt.wikipedia.org\/wiki\/Dia_de_Todos_os_Santos#endnote_2\">[2]<\/a><\/sup><\/td>\n<td>\u201d<\/td>\n<\/tr>\n<\/tbody>\n<\/table>\n<table class=\"cquote\" role=\"presentation\">\n<tbody>\n<tr>\n<td>\u201c<\/td>\n<td>2013. Os crist\u00e3os, de qualquer estado ou ordem, s\u00e3o chamados \u00e0 plenitude da vida crist\u00e3 e \u00e0 perfei\u00e7\u00e3o da caridade\u00a0<sup id=\"ref_3\" class=\"reference plainlinks nourlexpansion\"><a class=\"external autonumber\" href=\"https:\/\/pt.wikipedia.org\/wiki\/Dia_de_Todos_os_Santos#endnote_3\">[3]<\/a><\/sup>. Todos s\u00e3o chamados \u00e0 santidade: Sede perfeitos, como o vosso Pai celeste \u00e9 perfeito (Mt 5, 48). Para alcan\u00e7ar esta perfei\u00e7\u00e3o, empreguem os fi\u00e9is as for\u00e7as recebidas segundo a medida em que Cristo as d\u00e1, a fim de que [&#8230;] obedecendo em tudo \u00e0 vontade do Pai, se consagrem com toda a alma \u00e0 gl\u00f3ria do Senhor e ao servi\u00e7o do pr\u00f3ximo. Assim crescer\u00e1 em frutos abundantes a santidade do povo de Deus, como patentemente se manifesta na hist\u00f3ria da Igreja, com a vida de tantos santos.<sup id=\"ref_4\" class=\"reference plainlinks nourlexpansion\"><a class=\"external autonumber\" href=\"https:\/\/pt.wikipedia.org\/wiki\/Dia_de_Todos_os_Santos#endnote_4\">[4]<\/a><\/sup><\/td>\n<td>\u201d<\/td>\n<\/tr>\n<\/tbody>\n<\/table>\n<h2 style=\"text-align: justify;\"><span id=\"P.C3.A3o-por-Deus\"><\/span><span id=\"P\u00e3o-por-Deus\" class=\"mw-headline\"><a title=\"P\u00e3o-por-Deus\" href=\"https:\/\/pt.wikipedia.org\/wiki\/P%C3%A3o-por-Deus\">P\u00e3o-por-Deus<\/a><\/span><\/h2>\n<p style=\"text-align: justify;\">Em\u00a0<a title=\"Portugal\" href=\"https:\/\/pt.wikipedia.org\/wiki\/Portugal\">Portugal<\/a>\u00a0tradicionalmente \u00e9 dia feriado. Em 2013, 14 e 15 o feriado foi retirado, regressando em 2016.<sup id=\"cite_ref-1\" class=\"reference\"><a href=\"https:\/\/pt.wikipedia.org\/wiki\/Dia_de_Todos_os_Santos#cite_note-1\">[1]<\/a><\/sup><\/p>\n<p style=\"text-align: justify;\">Em algumas zonas de\u00a0<a title=\"Portugal\" href=\"https:\/\/pt.wikipedia.org\/wiki\/Portugal\">Portugal<\/a>, no dia de Todos os Santos, as crian\u00e7as saem \u00e0 rua e juntam-se em pequenos bandos para pedir o\u00a0<a class=\"new\" title=\"P\u00e3o-por-deus (p\u00e1gina n\u00e3o existe)\" href=\"https:\/\/pt.wikipedia.org\/w\/index.php?title=P%C3%A3o-por-deus&amp;action=edit&amp;redlink=1\">p\u00e3o-por-deus<\/a>\u00a0de porta em porta. As crian\u00e7as quando pedem o p\u00e3o-por-deus recitam versos e recebem como oferenda:\u00a0<a title=\"P\u00e3o\" href=\"https:\/\/pt.wikipedia.org\/wiki\/P%C3%A3o\">p\u00e3o<\/a>,\u00a0<a title=\"Broa\" href=\"https:\/\/pt.wikipedia.org\/wiki\/Broa\">broas<\/a>,\u00a0<a title=\"Bolo\" href=\"https:\/\/pt.wikipedia.org\/wiki\/Bolo\">bolos<\/a>,\u00a0<a title=\"Rom\u00e3\" href=\"https:\/\/pt.wikipedia.org\/wiki\/Rom%C3%A3\">rom\u00e3s<\/a>\u00a0e\u00a0<a title=\"Fruta seca\" href=\"https:\/\/pt.wikipedia.org\/wiki\/Fruta_seca\">frutos secos<\/a>,\u00a0<a title=\"Noz\" href=\"https:\/\/pt.wikipedia.org\/wiki\/Noz\">nozes<\/a>,\u00a0<a class=\"mw-redirect\" title=\"Am\u00eandoa\" href=\"https:\/\/pt.wikipedia.org\/wiki\/Am%C3%AAndoa\">am\u00eandoas<\/a>\u00a0ou\u00a0<a title=\"Castanha\" href=\"https:\/\/pt.wikipedia.org\/wiki\/Castanha\">castanhas<\/a>, que colocam dentro dos seus sacos de pano. \u00c9 tamb\u00e9m costume em algumas regi\u00f5es os padrinhos oferecerem um bolo, o Santoro. Em algumas povoa\u00e7\u00f5es, chama-se, a este dia, o &#8220;Dia dos Bolinhos&#8221; ou &#8220;Dia do Bolinho&#8221;.<\/p>\n<p style=\"text-align: justify;\">Esta tradi\u00e7\u00e3o j\u00e1 era registada no\u00a0<a title=\"S\u00e9culo XV\" href=\"https:\/\/pt.wikipedia.org\/wiki\/S%C3%A9culo_XV\">s\u00e9culo XV<\/a>. Tem origem no ritual pag\u00e3o do culto dos mortos, com ra\u00edzes milenares. Em 1756, tamb\u00e9m se cumpriu, 1 ano ap\u00f3s o\u00a0<a title=\"Sismo de Lisboa de 1755\" href=\"https:\/\/pt.wikipedia.org\/wiki\/Sismo_de_Lisboa_de_1755\">terremoto que destruiu Lisboa em 1\u00ba de Novembro de 1755<\/a>, em que morreram milhares de pessoas e em que a popula\u00e7\u00e3o da cidade &#8211; na sua maioria pobre &#8211; ainda mais pobre ficou.<\/p>\n<p style=\"text-align: justify;\">Como a data do terramoto coincidiu com uma data com significado religioso (1 de Novembro), de forma espont\u00e2nea, no dia em que se cumpria o primeiro anivers\u00e1rio do terramoto, a popula\u00e7\u00e3o aproveitou a tradi\u00e7\u00e3o para desencadear, por toda a cidade, um pedit\u00f3rio, com a inten\u00e7\u00e3o de manter uma tradi\u00e7\u00e3o que lembrava os seus mortos.<\/p>\n<p style=\"text-align: justify;\">As pessoas, percorriam a cidade, batiam \u00e0s portas e pediam que lhes fosse dada qualquer\u00a0<a title=\"Esmola\" href=\"https:\/\/pt.wikipedia.org\/wiki\/Esmola\">esmola<\/a>, mesmo que fosse p\u00e3o, dado grassar a fome pela cidade. E as pessoas pediam: &#8220;P\u00e3o por Deus&#8221;.<\/p>\n<p style=\"text-align: justify;\">Noutras zonas do pa\u00eds, foram surgindo varia\u00e7\u00f5es na forma e no nome da comemora\u00e7\u00e3o.<\/p>\n<p style=\"text-align: justify;\">Nas d\u00e9cadas de\u00a0<a title=\"D\u00e9cada de 1960\" href=\"https:\/\/pt.wikipedia.org\/wiki\/D%C3%A9cada_de_1960\">1960<\/a>\u00a0e\u00a0<a title=\"D\u00e9cada de 1970\" href=\"https:\/\/pt.wikipedia.org\/wiki\/D%C3%A9cada_de_1970\">1970<\/a>, a data passou a ser comemorada mais de forma l\u00fadica do que pelas raz\u00f5es que criaram a tradi\u00e7\u00e3o. Havia regras b\u00e1sicas, que eram escrupulosamente cumpridas:<\/p>\n<ul style=\"text-align: justify;\">\n<li>S\u00f3 podiam pedir o &#8220;P\u00e3o-por-Deus&#8221; crian\u00e7as at\u00e9 os 10 anos de idade (com idades superiores, as pessoas recusavam-se a dar).<\/li>\n<li>As crian\u00e7as s\u00f3 podiam andar na rua a pedir o &#8220;P\u00e3o-por-Deus&#8221; at\u00e9 ao meio-dia (depois do meio-dia, se alguma crian\u00e7a batesse a uma porta, levava um &#8220;raspanete&#8221; do adulto que abrisse a porta).<\/li>\n<\/ul>\n<p style=\"text-align: justify;\">A partir dos\u00a0<a title=\"D\u00e9cada de 1980\" href=\"https:\/\/pt.wikipedia.org\/wiki\/D%C3%A9cada_de_1980\">anos 1980<\/a>, a tradi\u00e7\u00e3o foi gradualmente desaparecendo e, atualmente, raras s\u00e3o localidades onde se pratica esta tradi\u00e7\u00e3o. Em\u00a0<a class=\"mw-redirect\" title=\"F\u00e1tima (Our\u00e9m)\" href=\"https:\/\/pt.wikipedia.org\/wiki\/F%C3%A1tima_(Our%C3%A9m)\">F\u00e1tima<\/a>, por exemplo, esta tradi\u00e7\u00e3o continua bem viva.<\/p>\n<p style=\"text-align: justify;\">Embora n\u00e3o advoguem a cren\u00e7a no purgat\u00f3rio, h\u00e1\u00a0<a class=\"mw-redirect\" title=\"Igrejas protestantes\" href=\"https:\/\/pt.wikipedia.org\/wiki\/Igrejas_protestantes\">igrejas protestantes<\/a>\u00a0que tamb\u00e9m guardam o\u00a0<a class=\"mw-redirect\" title=\"Dia de Finados\" href=\"https:\/\/pt.wikipedia.org\/wiki\/Dia_de_Finados\">Dia de Finados<\/a>. Com efeito, \u00e9 o terceiro dentre tr\u00eas dias consecutivos que a cristandade considera como tendo rela\u00e7\u00e3o especial com os mortos. O dia antes, 1\u00b0 de novembro, \u00e9 o Dia de Todos os Santos, em honra \u00e0s almas dos &#8220;santos&#8221;, que se pensa j\u00e1 terem chegado ao c\u00e9u. E o dia anterior, 31 de outubro, \u00e9 chamado\u00a0<i><a class=\"mw-redirect\" title=\"Halloween\" href=\"https:\/\/pt.wikipedia.org\/wiki\/Halloween\">Halloween<\/a><\/i>\u00a0(em\u00a0<a title=\"L\u00edngua inglesa\" href=\"https:\/\/pt.wikipedia.org\/wiki\/L%C3%ADngua_inglesa\">ingl\u00eas<\/a>) ou\u00a0<a class=\"new\" title=\"V\u00e9spera de Todos-os-Santos (p\u00e1gina n\u00e3o existe)\" href=\"https:\/\/pt.wikipedia.org\/w\/index.php?title=V%C3%A9spera_de_Todos-os-Santos&amp;action=edit&amp;redlink=1\">V\u00e9spera de Todos os Santos<\/a>, e seu nome em ingl\u00eas deriva de ser a v\u00e9spera do &#8220;Dia de Todos os\u00a0<i>Hallows<\/i>\u00a0[Santos]&#8221;.<\/p>\n<p style=\"text-align: justify;\">O\u00a0<i>Halloween<\/i>\u00a0tamb\u00e9m tem rela\u00e7\u00e3o com os mortos. No calend\u00e1rio dos antigos\u00a0<a title=\"Celtas\" href=\"https:\/\/pt.wikipedia.org\/wiki\/Celtas\">celtas<\/a>, 31 de outubro era a V\u00e9spera do\u00a0<a title=\"Ano-Novo\" href=\"https:\/\/pt.wikipedia.org\/wiki\/Ano-Novo\">Ano-Novo<\/a>. Os celtas, junto com seus\u00a0<a title=\"Sacerdote\" href=\"https:\/\/pt.wikipedia.org\/wiki\/Sacerdote\">sacerdotes<\/a>, os\u00a0<a title=\"Druida\" href=\"https:\/\/pt.wikipedia.org\/wiki\/Druida\">druidas<\/a>, criam que, na v\u00e9spera do ano-novo, as\u00a0<a title=\"Alma\" href=\"https:\/\/pt.wikipedia.org\/wiki\/Alma\">almas<\/a>\u00a0dos mortos perambulavam pela terra. Sustentava-se que alimentos, bebidas e sacrif\u00edcios podiam apaziguar tais almas perambulantes. O\u00a0<i>halloween<\/i>\u00a0tamb\u00e9m inclu\u00eda\u00a0<a title=\"Fogueira\" href=\"https:\/\/pt.wikipedia.org\/wiki\/Fogueira\">fogueiras<\/a>\u00a0para expulsar os maus esp\u00edritos.<\/p>\n<p style=\"text-align: justify;\">A respeito das fogueiras nessa \u00e9poca do ano, lemos em &#8220;Curiosidades dos Costumes Populares&#8221;:<\/p>\n<table class=\"cquote\" role=\"presentation\">\n<tbody>\n<tr>\n<td>\u201c<\/td>\n<td>Usavam-se tamb\u00e9m fogueiras em diferentes horas e lugares, na\u00a0<a class=\"new\" title=\"Noite de Todos-os-Santos (p\u00e1gina n\u00e3o existe)\" href=\"https:\/\/pt.wikipedia.org\/w\/index.php?title=Noite_de_Todos-os-Santos&amp;action=edit&amp;redlink=1\">Noite de Todos-os-Santos<\/a>, que \u00e9 a v\u00e9spera do\u00a0<a class=\"mw-redirect\" title=\"Dia de Finados\" href=\"https:\/\/pt.wikipedia.org\/wiki\/Dia_de_Finados\">Dia de Finados<\/a>, e no pr\u00f3prio Dia de Finados, o 2 de novembro. Nestes casos, as fogueiras eram consideradas como t\u00edpicas da\u00a0<a title=\"Imortalidade\" href=\"https:\/\/pt.wikipedia.org\/wiki\/Imortalidade\">imortalidade<\/a>, e imaginava-se serem eficazes, como sinal exterior e vis\u00edvel, pelo menos, para iluminar as almas [isto \u00e9, ajud\u00e1-las a libertar-se] do purgat\u00f3rio.<\/td>\n<\/tr>\n<\/tbody>\n<\/table>\n<p style=\"text-align: justify;\">Fonte: https:\/\/pt.wikipedia.org\/wiki\/Dia_de_Todos_os_Santos<\/p>\n","protected":false},"excerpt":{"rendered":"<p>Dia de Todos os Santos\u00a0\u00e9 uma festa celebrada em honra de todos os\u00a0santos\u00a0e\u00a0m\u00e1rtires, conhecidos ou n\u00e3o. Esta festa \u00e9 celebrada pelos crentes de muitas das igrejas da\u00a0religi\u00e3o crist\u00e3, por ser herdada a partir da tradi\u00e7\u00e3o apost\u00f3lica. A\u00a0Igreja Cat\u00f3lica\u00a0celebra a\u00a0Festum Omnium Sanctorum\u00a0(Festa de Todos os Santos) a\u00a01 de novembro\u00a0que \u00e9 seguido pelo\u00a0dia dos fi\u00e9is defuntos\u00a0a\u00a02 de [&hellip;]<\/p>\n","protected":false},"author":1,"featured_media":55816,"comment_status":"closed","ping_status":"open","sticky":false,"template":"","format":"standard","meta":{"footnotes":""},"categories":[110,118],"tags":[],"class_list":["post-55815","post","type-post","status-publish","format-standard","has-post-thumbnail","hentry","category-noticiasdestaque","category-religiaoesolidariedade"],"_links":{"self":[{"href":"https:\/\/jorgezanoni.com.br\/2019\/wp-json\/wp\/v2\/posts\/55815","targetHints":{"allow":["GET"]}}],"collection":[{"href":"https:\/\/jorgezanoni.com.br\/2019\/wp-json\/wp\/v2\/posts"}],"about":[{"href":"https:\/\/jorgezanoni.com.br\/2019\/wp-json\/wp\/v2\/types\/post"}],"author":[{"embeddable":true,"href":"https:\/\/jorgezanoni.com.br\/2019\/wp-json\/wp\/v2\/users\/1"}],"replies":[{"embeddable":true,"href":"https:\/\/jorgezanoni.com.br\/2019\/wp-json\/wp\/v2\/comments?post=55815"}],"version-history":[{"count":0,"href":"https:\/\/jorgezanoni.com.br\/2019\/wp-json\/wp\/v2\/posts\/55815\/revisions"}],"wp:featuredmedia":[{"embeddable":true,"href":"https:\/\/jorgezanoni.com.br\/2019\/wp-json\/wp\/v2\/media\/55816"}],"wp:attachment":[{"href":"https:\/\/jorgezanoni.com.br\/2019\/wp-json\/wp\/v2\/media?parent=55815"}],"wp:term":[{"taxonomy":"category","embeddable":true,"href":"https:\/\/jorgezanoni.com.br\/2019\/wp-json\/wp\/v2\/categories?post=55815"},{"taxonomy":"post_tag","embeddable":true,"href":"https:\/\/jorgezanoni.com.br\/2019\/wp-json\/wp\/v2\/tags?post=55815"}],"curies":[{"name":"wp","href":"https:\/\/api.w.org\/{rel}","templated":true}]}}