{"id":55808,"date":"2021-11-01T13:20:25","date_gmt":"2021-11-01T13:20:25","guid":{"rendered":"https:\/\/jorgezanoni.com.br\/2019\/?p=55808"},"modified":"2021-11-01T13:20:25","modified_gmt":"2021-11-01T13:20:25","slug":"morre-adao-pereira-roque-funcionario-do-der","status":"publish","type":"post","link":"https:\/\/jorgezanoni.com.br\/2019\/morre-adao-pereira-roque-funcionario-do-der\/","title":{"rendered":"Morre Ad\u00e3o Pereira Roque funcion\u00e1rio do DER"},"content":{"rendered":"<p style=\"text-align: justify;\">Comunicamos com pesar, o falecimento do Sr. Ad\u00e3o Pereira Roque de 64 anos.<\/p>\n<p style=\"text-align: justify;\">Ad\u00e3o era funcion\u00e1rio do DER h\u00e1 37 anos.<\/p>\n<p style=\"text-align: justify;\">Deixa esposa, filhos, netas, demais familiares e amigos.<\/p>\n<p style=\"text-align: justify;\">O seu Corpo est\u00e1 sendo velado na Mutu\u00e1ria Dracenense e o Sepultamento ocorre hoje (1\u00ba), \u00e0s 16 Hs. no Cemit\u00e9rio Municipal de Dracena,<\/p>\n<p style=\"text-align: justify;\">O Site JZ se solidariza com a familia e amigos neste dif\u00edcil momento.<\/p>\n<p><img loading=\"lazy\" decoding=\"async\" class=\"alignnone size-full wp-image-55809\" src=\"https:\/\/jorgezanoni.com.br\/2019\/wp-content\/uploads\/2021\/11\/Adao.jpg\" alt=\"\" width=\"1280\" height=\"1200\" srcset=\"https:\/\/jorgezanoni.com.br\/2019\/wp-content\/uploads\/2021\/11\/Adao.jpg 1280w, https:\/\/jorgezanoni.com.br\/2019\/wp-content\/uploads\/2021\/11\/Adao-300x281.jpg 300w, https:\/\/jorgezanoni.com.br\/2019\/wp-content\/uploads\/2021\/11\/Adao-1024x960.jpg 1024w, https:\/\/jorgezanoni.com.br\/2019\/wp-content\/uploads\/2021\/11\/Adao-768x720.jpg 768w, https:\/\/jorgezanoni.com.br\/2019\/wp-content\/uploads\/2021\/11\/Adao-696x653.jpg 696w, https:\/\/jorgezanoni.com.br\/2019\/wp-content\/uploads\/2021\/11\/Adao-1068x1001.jpg 1068w, https:\/\/jorgezanoni.com.br\/2019\/wp-content\/uploads\/2021\/11\/Adao-448x420.jpg 448w\" sizes=\"auto, (max-width: 1280px) 100vw, 1280px\" \/><\/p>\n","protected":false},"excerpt":{"rendered":"<p>Comunicamos com pesar, o falecimento do Sr. Ad\u00e3o Pereira Roque de 64 anos. Ad\u00e3o era funcion\u00e1rio do DER h\u00e1 37 anos. Deixa esposa, filhos, netas, demais familiares e amigos. O seu Corpo est\u00e1 sendo velado na Mutu\u00e1ria Dracenense e o Sepultamento ocorre hoje (1\u00ba), \u00e0s 16 Hs. no Cemit\u00e9rio Municipal de Dracena, O Site JZ [&hellip;]<\/p>\n","protected":false},"author":1,"featured_media":55810,"comment_status":"closed","ping_status":"open","sticky":false,"template":"","format":"standard","meta":{"footnotes":""},"categories":[178,110],"tags":[],"class_list":["post-55808","post","type-post","status-publish","format-standard","has-post-thumbnail","hentry","category-notadefalecimento","category-noticiasdestaque"],"_links":{"self":[{"href":"https:\/\/jorgezanoni.com.br\/2019\/wp-json\/wp\/v2\/posts\/55808","targetHints":{"allow":["GET"]}}],"collection":[{"href":"https:\/\/jorgezanoni.com.br\/2019\/wp-json\/wp\/v2\/posts"}],"about":[{"href":"https:\/\/jorgezanoni.com.br\/2019\/wp-json\/wp\/v2\/types\/post"}],"author":[{"embeddable":true,"href":"https:\/\/jorgezanoni.com.br\/2019\/wp-json\/wp\/v2\/users\/1"}],"replies":[{"embeddable":true,"href":"https:\/\/jorgezanoni.com.br\/2019\/wp-json\/wp\/v2\/comments?post=55808"}],"version-history":[{"count":0,"href":"https:\/\/jorgezanoni.com.br\/2019\/wp-json\/wp\/v2\/posts\/55808\/revisions"}],"wp:featuredmedia":[{"embeddable":true,"href":"https:\/\/jorgezanoni.com.br\/2019\/wp-json\/wp\/v2\/media\/55810"}],"wp:attachment":[{"href":"https:\/\/jorgezanoni.com.br\/2019\/wp-json\/wp\/v2\/media?parent=55808"}],"wp:term":[{"taxonomy":"category","embeddable":true,"href":"https:\/\/jorgezanoni.com.br\/2019\/wp-json\/wp\/v2\/categories?post=55808"},{"taxonomy":"post_tag","embeddable":true,"href":"https:\/\/jorgezanoni.com.br\/2019\/wp-json\/wp\/v2\/tags?post=55808"}],"curies":[{"name":"wp","href":"https:\/\/api.w.org\/{rel}","templated":true}]}}