{"id":55781,"date":"2021-10-30T20:00:16","date_gmt":"2021-10-30T20:00:16","guid":{"rendered":"https:\/\/jorgezanoni.com.br\/2019\/?p=55781"},"modified":"2021-10-30T20:00:16","modified_gmt":"2021-10-30T20:00:16","slug":"denuncia-contra-vereadora-sera-votada-em-sessao-extraordinaria-da-camara-de-dracena","status":"publish","type":"post","link":"https:\/\/jorgezanoni.com.br\/2019\/denuncia-contra-vereadora-sera-votada-em-sessao-extraordinaria-da-camara-de-dracena\/","title":{"rendered":"Den\u00fancia contra vereadora ser\u00e1 votada em sess\u00e3o extraordin\u00e1ria da C\u00e2mara de Dracena"},"content":{"rendered":"<p><strong>Sara Scarabelli (Pode) foi denunciada por quebra de decoro parlamentar.<\/strong><strong>\u00a0<\/strong><\/p>\n<p style=\"text-align: justify;\">A C\u00e2mara Municipal de Dracena realizar\u00e1 nesta quinta-feira, 4 de novembro, sess\u00e3o extraordin\u00e1ria para vota\u00e7\u00e3o da den\u00fancia de quebra de decoro parlamentar pela vereadora Sara Scarabelli (Pode).<\/p>\n<p style=\"text-align: justify;\">A vereadora foi acusada pelo Diret\u00f3rio Municipal dos Democratas de desrespeitar o isolamento social por suspeita de estar com Covid-19.<\/p>\n<p style=\"text-align: justify;\"><strong>O processo de vota\u00e7\u00e3o<\/strong><strong>\u00a0<\/strong><\/p>\n<p style=\"text-align: justify;\">Em cumprimento ao que determina a \u00a0Lei Complementar 017\/93, de 22 de abril de 1993; o Decreto-Lei n\u00ba 201, de 27 de fevereiro de 1967 e o Regimento Interno da C\u00e2mara; a sess\u00e3o ser\u00e1 realizada da seguinte forma:<\/p>\n<p style=\"text-align: justify;\">&#8211; Leitura integral da den\u00fancia;<\/p>\n<p style=\"text-align: justify;\">&#8211; Ap\u00f3s a leitura, os vereadores que se inscreverem ter\u00e3o o tempo de 15 minutos cada para discutir o teor apresentado;<\/p>\n<p style=\"text-align: justify;\">&#8211; A denunciada ou seu advogado ter\u00e1 o tempo de 2 horas para defesa, com apartes;<\/p>\n<p style=\"text-align: justify;\">&#8211; Segue para vota\u00e7\u00e3o da den\u00fancia;<\/p>\n<p style=\"text-align: justify;\">&#8211; Se a den\u00fancia receber o apoio de 2\/3 dos membros da C\u00e2mara, a vereadora ser\u00e1 cassada, caso contr\u00e1rio, ser\u00e1 arquivada.<\/p>\n<p style=\"text-align: justify;\">A sess\u00e3o ser\u00e1 realizada nesta quinta-feira, 4 de novembro, a partir das 9h30, na C\u00e2mara Municipal de Dracena. Os mun\u00edcipes podem acompanhar presencialmente, seguindo os protocolos de seguran\u00e7a, ou atrav\u00e9s dos meios de comunica\u00e7\u00e3o do Legislativo na internet:<\/p>\n<p style=\"text-align: justify;\">Facebook:\u00a0<a href=\"http:\/\/www.facebook.com\/CamaraMunicipalDeDracena\" target=\"_blank\" rel=\"noopener noreferrer\">www.facebook.com\/CamaraMunicipalDeDracena<\/a><\/p>\n<p style=\"text-align: justify;\">Youtube:\u00a0<a href=\"http:\/\/bit.ly\/camaradracenayoutube\" target=\"_blank\" rel=\"noopener noreferrer\">http:\/\/bit.ly\/camaradracenayoutube<\/a><\/p>\n<p>&nbsp;<\/p>\n","protected":false},"excerpt":{"rendered":"<p>Sara Scarabelli (Pode) foi denunciada por quebra de decoro parlamentar.\u00a0 A C\u00e2mara Municipal de Dracena realizar\u00e1 nesta quinta-feira, 4 de novembro, sess\u00e3o extraordin\u00e1ria para vota\u00e7\u00e3o da den\u00fancia de quebra de decoro parlamentar pela vereadora Sara Scarabelli (Pode). A vereadora foi acusada pelo Diret\u00f3rio Municipal dos Democratas de desrespeitar o isolamento social por suspeita de estar [&hellip;]<\/p>\n","protected":false},"author":1,"featured_media":55782,"comment_status":"closed","ping_status":"open","sticky":false,"template":"","format":"standard","meta":{"footnotes":""},"categories":[110,116],"tags":[],"class_list":["post-55781","post","type-post","status-publish","format-standard","has-post-thumbnail","hentry","category-noticiasdestaque","category-politicaeeconomia"],"_links":{"self":[{"href":"https:\/\/jorgezanoni.com.br\/2019\/wp-json\/wp\/v2\/posts\/55781","targetHints":{"allow":["GET"]}}],"collection":[{"href":"https:\/\/jorgezanoni.com.br\/2019\/wp-json\/wp\/v2\/posts"}],"about":[{"href":"https:\/\/jorgezanoni.com.br\/2019\/wp-json\/wp\/v2\/types\/post"}],"author":[{"embeddable":true,"href":"https:\/\/jorgezanoni.com.br\/2019\/wp-json\/wp\/v2\/users\/1"}],"replies":[{"embeddable":true,"href":"https:\/\/jorgezanoni.com.br\/2019\/wp-json\/wp\/v2\/comments?post=55781"}],"version-history":[{"count":0,"href":"https:\/\/jorgezanoni.com.br\/2019\/wp-json\/wp\/v2\/posts\/55781\/revisions"}],"wp:featuredmedia":[{"embeddable":true,"href":"https:\/\/jorgezanoni.com.br\/2019\/wp-json\/wp\/v2\/media\/55782"}],"wp:attachment":[{"href":"https:\/\/jorgezanoni.com.br\/2019\/wp-json\/wp\/v2\/media?parent=55781"}],"wp:term":[{"taxonomy":"category","embeddable":true,"href":"https:\/\/jorgezanoni.com.br\/2019\/wp-json\/wp\/v2\/categories?post=55781"},{"taxonomy":"post_tag","embeddable":true,"href":"https:\/\/jorgezanoni.com.br\/2019\/wp-json\/wp\/v2\/tags?post=55781"}],"curies":[{"name":"wp","href":"https:\/\/api.w.org\/{rel}","templated":true}]}}