{"id":55778,"date":"2021-10-30T19:44:27","date_gmt":"2021-10-30T19:44:27","guid":{"rendered":"https:\/\/jorgezanoni.com.br\/2019\/?p=55778"},"modified":"2021-10-30T19:44:27","modified_gmt":"2021-10-30T19:44:27","slug":"programa-iptu-premiado-passa-por-votacao-na-camara-municipal-de-dracena","status":"publish","type":"post","link":"https:\/\/jorgezanoni.com.br\/2019\/programa-iptu-premiado-passa-por-votacao-na-camara-municipal-de-dracena\/","title":{"rendered":"Programa &#8220;IPTU Premiado&#8221; passa por vota\u00e7\u00e3o na C\u00e2mara Municipal de Dracena"},"content":{"rendered":"<p style=\"text-align: justify;\"><strong>Projeto visa estimular e premiar os contribuintes que pagam o imposto em dia.<\/strong><\/p>\n<p style=\"text-align: justify;\">Os vereadores de Dracena ir\u00e3o apreciar o projeto n.\u00ba 68\/2021 que cria o programa &#8220;IPTU Premiado&#8221;, nesta quarta-feira, 3 de novembro.<\/p>\n<p style=\"text-align: justify;\">O projeto pretende estimular a arrecada\u00e7\u00e3o com o objetivo de &#8220;diminuir a inadimpl\u00eancia do imposto e privilegiar os contribuintes que pagam seus impostos dentro do prazo de vencimento do aludido tributo, mediante o sorteio de pr\u00eamios a serem definidos em decreto.&#8221;<\/p>\n<p style=\"text-align: justify;\">Se o programa for aprovado em vota\u00e7\u00e3o \u00fanica, o contribuinte que possuir um im\u00f3vel inscrito no Cadastro Imobili\u00e1rio da Prefeitura de Dracena e estiver com os d\u00e9bitos em dia, poder\u00e1 participar do sorteio.<\/p>\n<p style=\"text-align: justify;\">Na sess\u00e3o ainda ser\u00e1 discutida em segunda vota\u00e7\u00e3o, o projeto de lei complementar n.\u00ba 19, que considera urbana \u00e1rea de terras registrada sob matr\u00edcula n\u00ba 34.887.<\/p>\n<p style=\"text-align: justify;\">O conte\u00fado integral de todos os projetos est\u00e1 dispon\u00edvel para consulta no site da C\u00e2mara\u00a0<a href=\"http:\/\/www.camaradracena.sp.gov.br\/\" target=\"_blank\" rel=\"noopener noreferrer\">www.camaradracena.sp.gov.br<\/a>.<\/p>\n<p style=\"text-align: justify;\">A 36\u00aa sess\u00e3o ordin\u00e1ria ter\u00e1 in\u00edcio \u00e0s 20h na Casa de Leis e ser\u00e1 realizada excepcionalmente na quarta-feira devido ao ponto facultativo no dia 1\u00ba de novembro.<\/p>\n<p style=\"text-align: justify;\">Os mun\u00edcipes podem acompanhar presencialmente, seguindo os protocolos de seguran\u00e7a, ou atrav\u00e9s dos meios de comunica\u00e7\u00e3o do Legislativo na internet:<\/p>\n<p style=\"text-align: justify;\">Facebook:\u00a0<a href=\"http:\/\/www.facebook.com\/CamaraMunicipalDeDracena\" target=\"_blank\" rel=\"noopener noreferrer\">www.facebook.com\/CamaraMunicipalDeDracena<\/a><\/p>\n<p style=\"text-align: justify;\">Youtube:\u00a0<a href=\"http:\/\/bit.ly\/camaradracenayoutube\" target=\"_blank\" rel=\"noopener noreferrer\">http:\/\/bit.ly\/camaradracenayoutube<\/a><\/p>\n<p>&nbsp;<\/p>\n","protected":false},"excerpt":{"rendered":"<p>Projeto visa estimular e premiar os contribuintes que pagam o imposto em dia. Os vereadores de Dracena ir\u00e3o apreciar o projeto n.\u00ba 68\/2021 que cria o programa &#8220;IPTU Premiado&#8221;, nesta quarta-feira, 3 de novembro. O projeto pretende estimular a arrecada\u00e7\u00e3o com o objetivo de &#8220;diminuir a inadimpl\u00eancia do imposto e privilegiar os contribuintes que pagam [&hellip;]<\/p>\n","protected":false},"author":1,"featured_media":55779,"comment_status":"closed","ping_status":"open","sticky":false,"template":"","format":"standard","meta":{"footnotes":""},"categories":[110,116],"tags":[],"class_list":["post-55778","post","type-post","status-publish","format-standard","has-post-thumbnail","hentry","category-noticiasdestaque","category-politicaeeconomia"],"_links":{"self":[{"href":"https:\/\/jorgezanoni.com.br\/2019\/wp-json\/wp\/v2\/posts\/55778","targetHints":{"allow":["GET"]}}],"collection":[{"href":"https:\/\/jorgezanoni.com.br\/2019\/wp-json\/wp\/v2\/posts"}],"about":[{"href":"https:\/\/jorgezanoni.com.br\/2019\/wp-json\/wp\/v2\/types\/post"}],"author":[{"embeddable":true,"href":"https:\/\/jorgezanoni.com.br\/2019\/wp-json\/wp\/v2\/users\/1"}],"replies":[{"embeddable":true,"href":"https:\/\/jorgezanoni.com.br\/2019\/wp-json\/wp\/v2\/comments?post=55778"}],"version-history":[{"count":0,"href":"https:\/\/jorgezanoni.com.br\/2019\/wp-json\/wp\/v2\/posts\/55778\/revisions"}],"wp:featuredmedia":[{"embeddable":true,"href":"https:\/\/jorgezanoni.com.br\/2019\/wp-json\/wp\/v2\/media\/55779"}],"wp:attachment":[{"href":"https:\/\/jorgezanoni.com.br\/2019\/wp-json\/wp\/v2\/media?parent=55778"}],"wp:term":[{"taxonomy":"category","embeddable":true,"href":"https:\/\/jorgezanoni.com.br\/2019\/wp-json\/wp\/v2\/categories?post=55778"},{"taxonomy":"post_tag","embeddable":true,"href":"https:\/\/jorgezanoni.com.br\/2019\/wp-json\/wp\/v2\/tags?post=55778"}],"curies":[{"name":"wp","href":"https:\/\/api.w.org\/{rel}","templated":true}]}}