{"id":55775,"date":"2021-10-30T19:26:42","date_gmt":"2021-10-30T19:26:42","guid":{"rendered":"https:\/\/jorgezanoni.com.br\/2019\/?p=55775"},"modified":"2021-10-30T19:26:42","modified_gmt":"2021-10-30T19:26:42","slug":"3o-festival-caipira-de-junqueiropolis-prossegue-neste-sabado-30-e-domingo-31","status":"publish","type":"post","link":"https:\/\/jorgezanoni.com.br\/2019\/3o-festival-caipira-de-junqueiropolis-prossegue-neste-sabado-30-e-domingo-31\/","title":{"rendered":"3\u00ba Festival Caipira de Junqueir\u00f3polis prossegue neste s\u00e1bado, 30 e domingo, 31"},"content":{"rendered":"<p style=\"text-align: justify;\">O 3\u00ba Festival Caipira de Junqueir\u00f3polis (FECAJUN) iniciou nesta sexta-feira, 29, \u00e0s 18h no Recinto da Aceruva e prossegue hoje, s\u00e1bado (30) e amanh\u00e3, domingo (31), com entrada gratuita. O evento agrega o 15\u00b0 Encontro Regional dos Violeiros,\u00a0 a 3\u00aa Feira do Artesanato e conta com participa\u00e7\u00e3o de entidades beneficentes do munic\u00edpio, com as barracas de pratos, bolos, doces e salgados\u00a0 t\u00edpicos da culin\u00e1ria caipira.<\/p>\n<p style=\"text-align: justify;\">Duplas e cantores da m\u00fasica sertaneja da cidade e regi\u00e3o se apresentam nas tr\u00eas noites.\u00a0 A promo\u00e7\u00e3o do evento \u00e9 do Programa de A\u00e7\u00e3o Cultural do Estado de S\u00e3o Paulo (Proac), com apoio da Prefeitura e Clube da Viola de Junqueir\u00f3polis.<\/p>\n<p style=\"text-align: justify;\">Na abertura, compareceram o diretor municipal de Educa\u00e7\u00e3o e Cultura, Jos\u00e9 Henrique Rossi, representando o Executivo, o presidente da C\u00e2mara, Neto Furini e o padre Valdo Bartolomeu Santana, que celebrou ora\u00e7\u00e3o e aben\u00e7oou o evento.<\/p>\n<p style=\"text-align: justify;\">Nas barracas assistenciais do Lar Santa Terezinha, Projeto Semente da Vida, Fundo Social de Solidariedade, CCI s\u00e3o oferecidos arroz carreteiro, p\u00e3o com lingui\u00e7a, espetos de carne e kafka, al\u00e9m de bolos, doces e outros atrativos.<\/p>\n<p style=\"text-align: justify;\">NORMAS SANIT\u00c1RIAS- Em preven\u00e7\u00e3o \u00e0 Covid-19, \u00e9 necess\u00e1rio apresentar o comprovante de vacina\u00e7\u00e3o, uso de m\u00e1scaras faciais, higieniza\u00e7\u00e3o das m\u00e3os com \u00e1lcool em gel e demais protocolos sanit\u00e1rios.<\/p>\n<p style=\"text-align: justify;\">Fonte: https:\/\/junqueiropolisemdia.com.br\/<\/p>\n<p style=\"text-align: justify;\"><strong>HOJE (S\u00c1BADO\/30) \u00c0S 19 HS. TEM PARTICIPA\u00c7\u00c3O DO MUSICAL\/TEATRO COURO DE BOI COM ZEZINHO GARCIA E EQUIPE.<\/strong><\/p>\n<p style=\"text-align: justify;\">Presen\u00e7a dos m\u00fasicos dracenenes: Ti\u00e3o Abati\u00e1, Rouxinol e Anderson do Baixo.<\/p>\n<p style=\"text-align: justify;\">Conhe\u00e7a o projeto Couro de Boi no Youtube: https:\/\/www.youtube.com\/results?search_query=projeto+couro+de+boi<\/p>\n<p>Jorge Zanoni<\/p>\n","protected":false},"excerpt":{"rendered":"<p>O 3\u00ba Festival Caipira de Junqueir\u00f3polis (FECAJUN) iniciou nesta sexta-feira, 29, \u00e0s 18h no Recinto da Aceruva e prossegue hoje, s\u00e1bado (30) e amanh\u00e3, domingo (31), com entrada gratuita. O evento agrega o 15\u00b0 Encontro Regional dos Violeiros,\u00a0 a 3\u00aa Feira do Artesanato e conta com participa\u00e7\u00e3o de entidades beneficentes do munic\u00edpio, com as barracas [&hellip;]<\/p>\n","protected":false},"author":1,"featured_media":55776,"comment_status":"closed","ping_status":"open","sticky":false,"template":"","format":"standard","meta":{"footnotes":""},"categories":[179,190,183,110],"tags":[],"class_list":["post-55775","post","type-post","status-publish","format-standard","has-post-thumbnail","hentry","category-cidadeseregiao","category-junqueiropolis","category-musicaeturismo","category-noticiasdestaque"],"_links":{"self":[{"href":"https:\/\/jorgezanoni.com.br\/2019\/wp-json\/wp\/v2\/posts\/55775","targetHints":{"allow":["GET"]}}],"collection":[{"href":"https:\/\/jorgezanoni.com.br\/2019\/wp-json\/wp\/v2\/posts"}],"about":[{"href":"https:\/\/jorgezanoni.com.br\/2019\/wp-json\/wp\/v2\/types\/post"}],"author":[{"embeddable":true,"href":"https:\/\/jorgezanoni.com.br\/2019\/wp-json\/wp\/v2\/users\/1"}],"replies":[{"embeddable":true,"href":"https:\/\/jorgezanoni.com.br\/2019\/wp-json\/wp\/v2\/comments?post=55775"}],"version-history":[{"count":0,"href":"https:\/\/jorgezanoni.com.br\/2019\/wp-json\/wp\/v2\/posts\/55775\/revisions"}],"wp:featuredmedia":[{"embeddable":true,"href":"https:\/\/jorgezanoni.com.br\/2019\/wp-json\/wp\/v2\/media\/55776"}],"wp:attachment":[{"href":"https:\/\/jorgezanoni.com.br\/2019\/wp-json\/wp\/v2\/media?parent=55775"}],"wp:term":[{"taxonomy":"category","embeddable":true,"href":"https:\/\/jorgezanoni.com.br\/2019\/wp-json\/wp\/v2\/categories?post=55775"},{"taxonomy":"post_tag","embeddable":true,"href":"https:\/\/jorgezanoni.com.br\/2019\/wp-json\/wp\/v2\/tags?post=55775"}],"curies":[{"name":"wp","href":"https:\/\/api.w.org\/{rel}","templated":true}]}}