{"id":55734,"date":"2021-10-29T15:35:43","date_gmt":"2021-10-29T15:35:43","guid":{"rendered":"https:\/\/jorgezanoni.com.br\/2019\/?p=55734"},"modified":"2021-10-29T15:35:43","modified_gmt":"2021-10-29T15:35:43","slug":"acidente-na-vila-barros-em-dracena-envolve-carreta-bitrem-e-bicicleta-e-deixa-homem-ferido","status":"publish","type":"post","link":"https:\/\/jorgezanoni.com.br\/2019\/acidente-na-vila-barros-em-dracena-envolve-carreta-bitrem-e-bicicleta-e-deixa-homem-ferido\/","title":{"rendered":"Acidente na Vila Barros em Dracena, envolve carreta bitrem e bicicleta e deixa homem ferido"},"content":{"rendered":"<h2 style=\"text-align: justify;\"><strong>Acidente aconteceu na Avenida Rui Barbosa esquina com Ant\u00f4nio Rodrigues de Barros. Ciclista ficou embaixo do caminh\u00e3o e sofreu diversas fraturas no ombro e bra\u00e7o direito.<\/strong><\/h2>\n<p style=\"text-align: justify;\">Por volta de 08:30 Horas da manh\u00e3 desta sexta-feira (29), um ciclista Um ciclista de 32 anos sofreu graves les\u00f5es em decorr\u00eancia de um acidente entre uma bicicleta e uma carreta bitrem em cruzamento com Sem\u00e1foro na Vila Barros, em em Dracena.<\/p>\n<p style=\"text-align: justify;\">Segundo informa\u00e7\u00f5es obtidas no local pela reportagem do Site JZ, o motorista da carreta, de 25 anos, disse que transitava pela Avenida Rui Barbosa, no sentido bairro-centro, e ao virar \u00e0 direta avan\u00e7ando o sem\u00e1foro na cor verde acabou colidindo com o ciclista, que atravessava a Rua Ant\u00f4nio Rodrigues de Barros.<\/p>\n<p style=\"text-align: justify;\">O ciclista acabou ficando embaixo da carreta e teve diversas fraturas, inclusive exposta, no ombro, bra\u00e7o e punho direito.<\/p>\n<p style=\"text-align: justify;\">O homem que pilotava a bike foi socorrido por uma Unidade de Resgate do Corpo de Bombeiros ao Pronto Atendimento Municipal de Dracena em estado considerado grave, por\u00e9m estava est\u00e1vel.<\/p>\n<p style=\"text-align: justify;\">As Pol\u00edcias Militar que controlou o tr\u00e2nsito no local e registrou o Boletim de Ocorr\u00eancias e a Pol\u00edcia T\u00e9cnica que vai apurar as reais causas do acidente, estiveram no local.<\/p>\n<p><img loading=\"lazy\" decoding=\"async\" class=\"alignnone size-full wp-image-55735\" src=\"https:\/\/jorgezanoni.com.br\/2019\/wp-content\/uploads\/2021\/10\/IMG_0746-2.jpg\" alt=\"\" width=\"800\" height=\"632\" srcset=\"https:\/\/jorgezanoni.com.br\/2019\/wp-content\/uploads\/2021\/10\/IMG_0746-2.jpg 800w, https:\/\/jorgezanoni.com.br\/2019\/wp-content\/uploads\/2021\/10\/IMG_0746-2-300x237.jpg 300w, https:\/\/jorgezanoni.com.br\/2019\/wp-content\/uploads\/2021\/10\/IMG_0746-2-768x607.jpg 768w, https:\/\/jorgezanoni.com.br\/2019\/wp-content\/uploads\/2021\/10\/IMG_0746-2-696x550.jpg 696w, https:\/\/jorgezanoni.com.br\/2019\/wp-content\/uploads\/2021\/10\/IMG_0746-2-532x420.jpg 532w\" sizes=\"auto, (max-width: 800px) 100vw, 800px\" \/> <img loading=\"lazy\" decoding=\"async\" class=\"alignnone size-full wp-image-55736\" src=\"https:\/\/jorgezanoni.com.br\/2019\/wp-content\/uploads\/2021\/10\/IMG_0747-2.jpg\" alt=\"\" width=\"800\" height=\"497\" srcset=\"https:\/\/jorgezanoni.com.br\/2019\/wp-content\/uploads\/2021\/10\/IMG_0747-2.jpg 800w, https:\/\/jorgezanoni.com.br\/2019\/wp-content\/uploads\/2021\/10\/IMG_0747-2-300x186.jpg 300w, https:\/\/jorgezanoni.com.br\/2019\/wp-content\/uploads\/2021\/10\/IMG_0747-2-768x477.jpg 768w, https:\/\/jorgezanoni.com.br\/2019\/wp-content\/uploads\/2021\/10\/IMG_0747-2-356x220.jpg 356w, https:\/\/jorgezanoni.com.br\/2019\/wp-content\/uploads\/2021\/10\/IMG_0747-2-696x432.jpg 696w, https:\/\/jorgezanoni.com.br\/2019\/wp-content\/uploads\/2021\/10\/IMG_0747-2-676x420.jpg 676w\" sizes=\"auto, (max-width: 800px) 100vw, 800px\" \/> <img loading=\"lazy\" decoding=\"async\" class=\"alignnone size-full wp-image-55737\" src=\"https:\/\/jorgezanoni.com.br\/2019\/wp-content\/uploads\/2021\/10\/IMG_0748-2.jpg\" alt=\"\" width=\"800\" height=\"525\" srcset=\"https:\/\/jorgezanoni.com.br\/2019\/wp-content\/uploads\/2021\/10\/IMG_0748-2.jpg 800w, https:\/\/jorgezanoni.com.br\/2019\/wp-content\/uploads\/2021\/10\/IMG_0748-2-300x197.jpg 300w, https:\/\/jorgezanoni.com.br\/2019\/wp-content\/uploads\/2021\/10\/IMG_0748-2-768x504.jpg 768w, https:\/\/jorgezanoni.com.br\/2019\/wp-content\/uploads\/2021\/10\/IMG_0748-2-696x457.jpg 696w, https:\/\/jorgezanoni.com.br\/2019\/wp-content\/uploads\/2021\/10\/IMG_0748-2-741x486.jpg 741w, https:\/\/jorgezanoni.com.br\/2019\/wp-content\/uploads\/2021\/10\/IMG_0748-2-640x420.jpg 640w\" sizes=\"auto, (max-width: 800px) 100vw, 800px\" \/> <img loading=\"lazy\" decoding=\"async\" class=\"alignnone size-full wp-image-55738\" src=\"https:\/\/jorgezanoni.com.br\/2019\/wp-content\/uploads\/2021\/10\/IMG_0749-2.jpg\" alt=\"\" width=\"800\" height=\"559\" srcset=\"https:\/\/jorgezanoni.com.br\/2019\/wp-content\/uploads\/2021\/10\/IMG_0749-2.jpg 800w, https:\/\/jorgezanoni.com.br\/2019\/wp-content\/uploads\/2021\/10\/IMG_0749-2-300x210.jpg 300w, https:\/\/jorgezanoni.com.br\/2019\/wp-content\/uploads\/2021\/10\/IMG_0749-2-768x537.jpg 768w, https:\/\/jorgezanoni.com.br\/2019\/wp-content\/uploads\/2021\/10\/IMG_0749-2-100x70.jpg 100w, https:\/\/jorgezanoni.com.br\/2019\/wp-content\/uploads\/2021\/10\/IMG_0749-2-696x486.jpg 696w, https:\/\/jorgezanoni.com.br\/2019\/wp-content\/uploads\/2021\/10\/IMG_0749-2-601x420.jpg 601w\" sizes=\"auto, (max-width: 800px) 100vw, 800px\" \/> <img loading=\"lazy\" decoding=\"async\" class=\"alignnone size-full wp-image-55740\" src=\"https:\/\/jorgezanoni.com.br\/2019\/wp-content\/uploads\/2021\/10\/IMG_0751-2.jpg\" alt=\"\" width=\"800\" height=\"515\" srcset=\"https:\/\/jorgezanoni.com.br\/2019\/wp-content\/uploads\/2021\/10\/IMG_0751-2.jpg 800w, https:\/\/jorgezanoni.com.br\/2019\/wp-content\/uploads\/2021\/10\/IMG_0751-2-300x193.jpg 300w, https:\/\/jorgezanoni.com.br\/2019\/wp-content\/uploads\/2021\/10\/IMG_0751-2-768x494.jpg 768w, https:\/\/jorgezanoni.com.br\/2019\/wp-content\/uploads\/2021\/10\/IMG_0751-2-696x448.jpg 696w, https:\/\/jorgezanoni.com.br\/2019\/wp-content\/uploads\/2021\/10\/IMG_0751-2-652x420.jpg 652w\" sizes=\"auto, (max-width: 800px) 100vw, 800px\" \/>Jorge Zanoni<\/p>\n<div class=\"wall protected-content\">\n<div class=\"mc-column content-text active-extra-styles \" data-block-type=\"unstyled\" data-block-weight=\"45\" data-block-id=\"3\">\n<p data-track-category=\"Link no Texto\" data-track-links=\"\">\n<p data-track-category=\"Link no Texto\" data-track-links=\"\">\n<\/div>\n<\/div>\n<h2 class=\"content-head__subtitle\"><\/h2>\n<h1 class=\"content-head__title\"><\/h1>\n","protected":false},"excerpt":{"rendered":"<p>Acidente aconteceu na Avenida Rui Barbosa esquina com Ant\u00f4nio Rodrigues de Barros. Ciclista ficou embaixo do caminh\u00e3o e sofreu diversas fraturas no ombro e bra\u00e7o direito. Por volta de 08:30 Horas da manh\u00e3 desta sexta-feira (29), um ciclista Um ciclista de 32 anos sofreu graves les\u00f5es em decorr\u00eancia de um acidente entre uma bicicleta e [&hellip;]<\/p>\n","protected":false},"author":1,"featured_media":55739,"comment_status":"closed","ping_status":"open","sticky":false,"template":"","format":"standard","meta":{"footnotes":""},"categories":[170,110],"tags":[],"class_list":["post-55734","post","type-post","status-publish","format-standard","has-post-thumbnail","hentry","category-acidentes","category-noticiasdestaque"],"_links":{"self":[{"href":"https:\/\/jorgezanoni.com.br\/2019\/wp-json\/wp\/v2\/posts\/55734","targetHints":{"allow":["GET"]}}],"collection":[{"href":"https:\/\/jorgezanoni.com.br\/2019\/wp-json\/wp\/v2\/posts"}],"about":[{"href":"https:\/\/jorgezanoni.com.br\/2019\/wp-json\/wp\/v2\/types\/post"}],"author":[{"embeddable":true,"href":"https:\/\/jorgezanoni.com.br\/2019\/wp-json\/wp\/v2\/users\/1"}],"replies":[{"embeddable":true,"href":"https:\/\/jorgezanoni.com.br\/2019\/wp-json\/wp\/v2\/comments?post=55734"}],"version-history":[{"count":0,"href":"https:\/\/jorgezanoni.com.br\/2019\/wp-json\/wp\/v2\/posts\/55734\/revisions"}],"wp:featuredmedia":[{"embeddable":true,"href":"https:\/\/jorgezanoni.com.br\/2019\/wp-json\/wp\/v2\/media\/55739"}],"wp:attachment":[{"href":"https:\/\/jorgezanoni.com.br\/2019\/wp-json\/wp\/v2\/media?parent=55734"}],"wp:term":[{"taxonomy":"category","embeddable":true,"href":"https:\/\/jorgezanoni.com.br\/2019\/wp-json\/wp\/v2\/categories?post=55734"},{"taxonomy":"post_tag","embeddable":true,"href":"https:\/\/jorgezanoni.com.br\/2019\/wp-json\/wp\/v2\/tags?post=55734"}],"curies":[{"name":"wp","href":"https:\/\/api.w.org\/{rel}","templated":true}]}}