{"id":55718,"date":"2021-10-29T00:24:07","date_gmt":"2021-10-29T00:24:07","guid":{"rendered":"https:\/\/jorgezanoni.com.br\/2019\/?p=55718"},"modified":"2021-10-29T00:24:07","modified_gmt":"2021-10-29T00:24:07","slug":"mutismo-seletivo-por-cidinha-pascoaloto","status":"publish","type":"post","link":"https:\/\/jorgezanoni.com.br\/2019\/mutismo-seletivo-por-cidinha-pascoaloto\/","title":{"rendered":"Mutismo seletivo\u00a0\u00a0(por Cidinha Pascoaloto)"},"content":{"rendered":"<p style=\"text-align: justify;\">Mutismo seletivo<\/p>\n<p style=\"text-align: justify;\">Voc\u00ea j\u00e1 ouviu falar sobre mutismo seletivo?<\/p>\n<p style=\"text-align: justify;\">\u00a0\u00c9 uma altera\u00e7\u00e3o psicol\u00f3gica relativamente rara que normalmente afeta crian\u00e7as entre os 2 e 5 anos. \u00c9 mais comum nas meninas. Crian\u00e7as com este transtorno escolhem com quem v\u00e3o se comunicar ou responder a uma pergunta.<\/p>\n<p style=\"text-align: justify;\">O diagn\u00f3stico do mutismo seletivo \u00e9 normalmente realizado ap\u00f3s os 3 anos, j\u00e1 que a partir dessa idade a crian\u00e7a apresenta a capacidade de fala desenvolvida.<\/p>\n<p style=\"text-align: justify;\">Normalmente a crian\u00e7a consegue comunicar-se muito bem com os pais, irm\u00e3os e primos pr\u00f3ximos, mas apresenta dificuldade em falar com outras pessoas, de estabelecer contato visual, apresenta quadro de ansiedade principalmente quando se sente observado.<\/p>\n<p style=\"text-align: justify;\">\u00c9 importante que o mutismo seletivo seja identificado e tratado com ajuda de um psic\u00f3logo e psiquiatra, pois dessa forma \u00e9 poss\u00edvel identificar se tem algum outro problema associado que possa estar causando essa condi\u00e7\u00e3o, como problemas de audi\u00e7\u00e3o ou altera\u00e7\u00e3o cerebral, permitindo adequar melhor o tipo de tratamento.<\/p>\n<p style=\"text-align: justify;\">Crian\u00e7as com mutismo seletivo apresentam algumas caracter\u00edsticas como dificuldades para interagir com outras crian\u00e7as, com os professores, dificuldade para se expressar, muita timidez e Isolamento social.<\/p>\n<p style=\"text-align: justify;\">\u00a0Tem dificuldade em ir ao banheiro em ambiente n\u00e3o familiar, n\u00e3o consegue comer na escola e n\u00e3o tira fotos.<\/p>\n<p style=\"text-align: justify;\">Apesar de ser mais frequente em crian\u00e7as, o mutismo seletivo tamb\u00e9m pode ser identificado em adultos.<\/p>\n<p style=\"text-align: justify;\">As causas ainda n\u00e3o s\u00e3o conhecidas, mas pode estar relacionada a quest\u00f5es ambientais. Pode estar relacionada com alguma experi\u00eancia negativa ou traumas, mudan\u00e7a de escola, pais superprotetores ou autorit\u00e1rios. nesses casos \u00e9 importante que o desenvolvimento da crian\u00e7a seja observado. Muitas vezes a falta de comunica\u00e7\u00e3o n\u00e3o se deve ao mutismo seletivo, mas sim corresponde a um per\u00edodo de adapta\u00e7\u00e3o da crian\u00e7a a um novo ambiente.\u00a0 Para que seja considerado mutismo, \u00e9 necess\u00e1rio que as caracter\u00edsticas dessa altera\u00e7\u00e3o estejam presentes antes das mudan\u00e7as.<\/p>\n<p style=\"text-align: justify;\">O tratamento para o mutismo seletivo consiste em sess\u00f5es de psicoterapia, em que o psic\u00f3logo observa o comportamento e tra\u00e7a estrat\u00e9gias que estimulem a comunica\u00e7\u00e3o da crian\u00e7a.<\/p>\n<p style=\"text-align: justify;\">\u00a0O ideal \u00e9 n\u00e3o for\u00e7ar a crian\u00e7a a falar, evitar responder por ela, estimular a crian\u00e7a a tomar decis\u00f5es sozinhas e elogiar seus pequenos avan\u00e7os.<\/p>\n<p><img loading=\"lazy\" decoding=\"async\" class=\"alignnone size-full wp-image-55719\" src=\"https:\/\/jorgezanoni.com.br\/2019\/wp-content\/uploads\/2021\/10\/Cidinha-Pascoaloto-3.jpg\" alt=\"\" width=\"847\" height=\"1280\" srcset=\"https:\/\/jorgezanoni.com.br\/2019\/wp-content\/uploads\/2021\/10\/Cidinha-Pascoaloto-3.jpg 847w, https:\/\/jorgezanoni.com.br\/2019\/wp-content\/uploads\/2021\/10\/Cidinha-Pascoaloto-3-199x300.jpg 199w, https:\/\/jorgezanoni.com.br\/2019\/wp-content\/uploads\/2021\/10\/Cidinha-Pascoaloto-3-678x1024.jpg 678w, https:\/\/jorgezanoni.com.br\/2019\/wp-content\/uploads\/2021\/10\/Cidinha-Pascoaloto-3-768x1161.jpg 768w, https:\/\/jorgezanoni.com.br\/2019\/wp-content\/uploads\/2021\/10\/Cidinha-Pascoaloto-3-696x1052.jpg 696w, https:\/\/jorgezanoni.com.br\/2019\/wp-content\/uploads\/2021\/10\/Cidinha-Pascoaloto-3-278x420.jpg 278w\" sizes=\"auto, (max-width: 847px) 100vw, 847px\" \/><\/p>\n","protected":false},"excerpt":{"rendered":"<p>Mutismo seletivo Voc\u00ea j\u00e1 ouviu falar sobre mutismo seletivo? \u00a0\u00c9 uma altera\u00e7\u00e3o psicol\u00f3gica relativamente rara que normalmente afeta crian\u00e7as entre os 2 e 5 anos. \u00c9 mais comum nas meninas. Crian\u00e7as com este transtorno escolhem com quem v\u00e3o se comunicar ou responder a uma pergunta. O diagn\u00f3stico do mutismo seletivo \u00e9 normalmente realizado ap\u00f3s os [&hellip;]<\/p>\n","protected":false},"author":1,"featured_media":55720,"comment_status":"closed","ping_status":"open","sticky":false,"template":"","format":"standard","meta":{"footnotes":""},"categories":[175],"tags":[],"class_list":["post-55718","post","type-post","status-publish","format-standard","has-post-thumbnail","hentry","category-artigos"],"_links":{"self":[{"href":"https:\/\/jorgezanoni.com.br\/2019\/wp-json\/wp\/v2\/posts\/55718","targetHints":{"allow":["GET"]}}],"collection":[{"href":"https:\/\/jorgezanoni.com.br\/2019\/wp-json\/wp\/v2\/posts"}],"about":[{"href":"https:\/\/jorgezanoni.com.br\/2019\/wp-json\/wp\/v2\/types\/post"}],"author":[{"embeddable":true,"href":"https:\/\/jorgezanoni.com.br\/2019\/wp-json\/wp\/v2\/users\/1"}],"replies":[{"embeddable":true,"href":"https:\/\/jorgezanoni.com.br\/2019\/wp-json\/wp\/v2\/comments?post=55718"}],"version-history":[{"count":0,"href":"https:\/\/jorgezanoni.com.br\/2019\/wp-json\/wp\/v2\/posts\/55718\/revisions"}],"wp:featuredmedia":[{"embeddable":true,"href":"https:\/\/jorgezanoni.com.br\/2019\/wp-json\/wp\/v2\/media\/55720"}],"wp:attachment":[{"href":"https:\/\/jorgezanoni.com.br\/2019\/wp-json\/wp\/v2\/media?parent=55718"}],"wp:term":[{"taxonomy":"category","embeddable":true,"href":"https:\/\/jorgezanoni.com.br\/2019\/wp-json\/wp\/v2\/categories?post=55718"},{"taxonomy":"post_tag","embeddable":true,"href":"https:\/\/jorgezanoni.com.br\/2019\/wp-json\/wp\/v2\/tags?post=55718"}],"curies":[{"name":"wp","href":"https:\/\/api.w.org\/{rel}","templated":true}]}}