{"id":55715,"date":"2021-10-29T00:01:23","date_gmt":"2021-10-29T00:01:23","guid":{"rendered":"https:\/\/jorgezanoni.com.br\/2019\/?p=55715"},"modified":"2021-10-29T00:01:23","modified_gmt":"2021-10-29T00:01:23","slug":"acao-conjunta-das-policias-civis-de-sp-e-ms-captura-homem-procurado-da-justica-em-bataguassu","status":"publish","type":"post","link":"https:\/\/jorgezanoni.com.br\/2019\/acao-conjunta-das-policias-civis-de-sp-e-ms-captura-homem-procurado-da-justica-em-bataguassu\/","title":{"rendered":"A\u00e7\u00e3o conjunta das Pol\u00edcias Civis de SP e MS captura homem procurado da Justi\u00e7a em Bataguassu."},"content":{"rendered":"<p style=\"text-align: justify;\"><strong>O homem possu\u00eda condena\u00e7\u00e3o a mais de17 anos de pris\u00e3o, pelos crimes de forma\u00e7\u00e3o de quadrilha, furto qualificado e tentativa de latroc\u00ednio. Os crimes aconteceram no ano 2004, em Dracena.<\/strong><\/p>\n<p style=\"text-align: justify;\">Uma a\u00e7\u00e3o da Pol\u00edcia Civil do Estado de S\u00e3o Paulo, por interm\u00e9dio das unidades de Delegacias Especializadas (Delegacia de Investiga\u00e7\u00f5es Gerais &#8211; DIG e Delegacia de Investiga\u00e7\u00e3o Sobre Entorpecentes &#8211; DISE), em conjunto com agentes das Delegacia de Pol\u00edcia de Brasil\u00e2ndia-MS e da Delegacia de Pol\u00edcia de Bataguassu-MS, prendeu nesta quinta-feira (28), um homem de 43 anos, que tinha em seu desfavor um mandado de pris\u00e3o em regime fechado por senten\u00e7a condenat\u00f3ria, expedida pelo f\u00f3rum da Comarca de Dracena, cuja pena somada ultrapassa a mais de 17 anos de pris\u00e3o.<br \/>\nEm um trabalho de intelig\u00eancia policial e compartilhamento de informa\u00e7\u00f5es, realizado por agentes da Unidades Especializadas &#8211; DIG \/ DISE, com policiais civis do Estado do Mato Grosso do Sul, resultou na captura procurado na cidade de Bataguassu &#8211; MS. No momento da pris\u00e3o o homem n\u00e3o ofereceu resist\u00eancia.<br \/>\nAs condutas criminosas haviam acontecidos no ano de 2004, em Dracena, e a condena\u00e7\u00e3o com expedi\u00e7\u00e3o do referido mandado de pris\u00e3o no ano de 2005. E o homem se encontrava foragido desde a decis\u00e3o judicial.<br \/>\nAo final da opera\u00e7\u00e3o, o capturado foi escoltado e apresentado no Plant\u00e3o Policial Permanente de Dracena, onde foram realizados os procedimentos para formaliza\u00e7\u00e3o do cumprimento do mandado de pris\u00e3o. O homem aguardar\u00e1 a realiza\u00e7\u00e3o da audi\u00eancia de cust\u00f3dia, ficando \u00e0 disposi\u00e7\u00e3o da Justi\u00e7a.<\/p>\n<p style=\"text-align: justify;\">Fonte: Com. Social Pol\u00edcia Civil<\/p>\n","protected":false},"excerpt":{"rendered":"<p>O homem possu\u00eda condena\u00e7\u00e3o a mais de17 anos de pris\u00e3o, pelos crimes de forma\u00e7\u00e3o de quadrilha, furto qualificado e tentativa de latroc\u00ednio. Os crimes aconteceram no ano 2004, em Dracena. Uma a\u00e7\u00e3o da Pol\u00edcia Civil do Estado de S\u00e3o Paulo, por interm\u00e9dio das unidades de Delegacias Especializadas (Delegacia de Investiga\u00e7\u00f5es Gerais &#8211; DIG e Delegacia [&hellip;]<\/p>\n","protected":false},"author":1,"featured_media":55716,"comment_status":"closed","ping_status":"open","sticky":false,"template":"","format":"standard","meta":{"footnotes":""},"categories":[110,2],"tags":[],"class_list":["post-55715","post","type-post","status-publish","format-standard","has-post-thumbnail","hentry","category-noticiasdestaque","category-policial"],"_links":{"self":[{"href":"https:\/\/jorgezanoni.com.br\/2019\/wp-json\/wp\/v2\/posts\/55715","targetHints":{"allow":["GET"]}}],"collection":[{"href":"https:\/\/jorgezanoni.com.br\/2019\/wp-json\/wp\/v2\/posts"}],"about":[{"href":"https:\/\/jorgezanoni.com.br\/2019\/wp-json\/wp\/v2\/types\/post"}],"author":[{"embeddable":true,"href":"https:\/\/jorgezanoni.com.br\/2019\/wp-json\/wp\/v2\/users\/1"}],"replies":[{"embeddable":true,"href":"https:\/\/jorgezanoni.com.br\/2019\/wp-json\/wp\/v2\/comments?post=55715"}],"version-history":[{"count":0,"href":"https:\/\/jorgezanoni.com.br\/2019\/wp-json\/wp\/v2\/posts\/55715\/revisions"}],"wp:featuredmedia":[{"embeddable":true,"href":"https:\/\/jorgezanoni.com.br\/2019\/wp-json\/wp\/v2\/media\/55716"}],"wp:attachment":[{"href":"https:\/\/jorgezanoni.com.br\/2019\/wp-json\/wp\/v2\/media?parent=55715"}],"wp:term":[{"taxonomy":"category","embeddable":true,"href":"https:\/\/jorgezanoni.com.br\/2019\/wp-json\/wp\/v2\/categories?post=55715"},{"taxonomy":"post_tag","embeddable":true,"href":"https:\/\/jorgezanoni.com.br\/2019\/wp-json\/wp\/v2\/tags?post=55715"}],"curies":[{"name":"wp","href":"https:\/\/api.w.org\/{rel}","templated":true}]}}