{"id":55709,"date":"2021-10-28T23:45:11","date_gmt":"2021-10-28T23:45:11","guid":{"rendered":"https:\/\/jorgezanoni.com.br\/2019\/?p=55709"},"modified":"2021-10-28T23:45:11","modified_gmt":"2021-10-28T23:45:11","slug":"juiza-dra-aline-tabuchi-da-silva-visita-a-santa-casa-de-dracena","status":"publish","type":"post","link":"https:\/\/jorgezanoni.com.br\/2019\/juiza-dra-aline-tabuchi-da-silva-visita-a-santa-casa-de-dracena\/","title":{"rendered":"Ju\u00edza Dra. Aline Tabuchi da Silva visita a Santa Casa de Dracena"},"content":{"rendered":"<p style=\"text-align: justify;\">Na manh\u00e3 desta quinta-feira 28 de outubro de 2021, a Dra. Aline Tabuchi da Silva esteve em visita institucional na Santa Casa de Dracena, recepcionada pelo Provedor Celso Santin e a Diretoria Administrativa.Estiveram na recep\u00e7\u00e3o os advogados Celso Kashiura, Jo\u00e3o Sanches e Jairo Scalabrini. Percorreram o hospital, onde o superintendente Alessandro Mendes apresentou e demonstrou a funcionalidade interna, respeitando os protocolos sanit\u00e1rios. Dra. Aline Tabuchi \u00e9 juiza da 1a. Vara da Comarca de Dracena e por for\u00e7a do of\u00edcio durante a pandemia destinou recursos a Santa Casa de Dracena de valores oriundos de aplica\u00e7\u00e3o de san\u00e7\u00f5es penais. A Diretoria Administrativa agradeceu a visita da magiistrada e se colocou \u00e0 disposi\u00e7\u00e3o da autoridade pelo despreendimento em vivenciar, mesmo com brevidade, a rotina do hospital.<\/p>\n<p><img loading=\"lazy\" decoding=\"async\" class=\"alignnone size-full wp-image-55711\" src=\"https:\/\/jorgezanoni.com.br\/2019\/wp-content\/uploads\/2021\/10\/juiza1.jpg\" alt=\"\" width=\"1600\" height=\"1200\" srcset=\"https:\/\/jorgezanoni.com.br\/2019\/wp-content\/uploads\/2021\/10\/juiza1.jpg 1600w, https:\/\/jorgezanoni.com.br\/2019\/wp-content\/uploads\/2021\/10\/juiza1-300x225.jpg 300w, https:\/\/jorgezanoni.com.br\/2019\/wp-content\/uploads\/2021\/10\/juiza1-1024x768.jpg 1024w, https:\/\/jorgezanoni.com.br\/2019\/wp-content\/uploads\/2021\/10\/juiza1-768x576.jpg 768w, https:\/\/jorgezanoni.com.br\/2019\/wp-content\/uploads\/2021\/10\/juiza1-1536x1152.jpg 1536w, https:\/\/jorgezanoni.com.br\/2019\/wp-content\/uploads\/2021\/10\/juiza1-80x60.jpg 80w, https:\/\/jorgezanoni.com.br\/2019\/wp-content\/uploads\/2021\/10\/juiza1-265x198.jpg 265w, https:\/\/jorgezanoni.com.br\/2019\/wp-content\/uploads\/2021\/10\/juiza1-696x522.jpg 696w, https:\/\/jorgezanoni.com.br\/2019\/wp-content\/uploads\/2021\/10\/juiza1-1068x801.jpg 1068w, https:\/\/jorgezanoni.com.br\/2019\/wp-content\/uploads\/2021\/10\/juiza1-560x420.jpg 560w\" sizes=\"auto, (max-width: 1600px) 100vw, 1600px\" \/> <img loading=\"lazy\" decoding=\"async\" class=\"alignnone size-full wp-image-55712\" src=\"https:\/\/jorgezanoni.com.br\/2019\/wp-content\/uploads\/2021\/10\/juiza2.jpg\" alt=\"\" width=\"1600\" height=\"1200\" srcset=\"https:\/\/jorgezanoni.com.br\/2019\/wp-content\/uploads\/2021\/10\/juiza2.jpg 1600w, https:\/\/jorgezanoni.com.br\/2019\/wp-content\/uploads\/2021\/10\/juiza2-300x225.jpg 300w, https:\/\/jorgezanoni.com.br\/2019\/wp-content\/uploads\/2021\/10\/juiza2-1024x768.jpg 1024w, https:\/\/jorgezanoni.com.br\/2019\/wp-content\/uploads\/2021\/10\/juiza2-768x576.jpg 768w, https:\/\/jorgezanoni.com.br\/2019\/wp-content\/uploads\/2021\/10\/juiza2-1536x1152.jpg 1536w, https:\/\/jorgezanoni.com.br\/2019\/wp-content\/uploads\/2021\/10\/juiza2-80x60.jpg 80w, https:\/\/jorgezanoni.com.br\/2019\/wp-content\/uploads\/2021\/10\/juiza2-265x198.jpg 265w, https:\/\/jorgezanoni.com.br\/2019\/wp-content\/uploads\/2021\/10\/juiza2-696x522.jpg 696w, https:\/\/jorgezanoni.com.br\/2019\/wp-content\/uploads\/2021\/10\/juiza2-1068x801.jpg 1068w, https:\/\/jorgezanoni.com.br\/2019\/wp-content\/uploads\/2021\/10\/juiza2-560x420.jpg 560w\" sizes=\"auto, (max-width: 1600px) 100vw, 1600px\" \/>Diretoria Administrativa<br \/>\nSanta Casa de Dracena<br \/>\nPatrim\u00f4nio da Comunidade<br \/>\n63 anos<br \/>\n\u201cUma vida, uma hist\u00f3ria\u201d<\/p>\n","protected":false},"excerpt":{"rendered":"<p>Na manh\u00e3 desta quinta-feira 28 de outubro de 2021, a Dra. Aline Tabuchi da Silva esteve em visita institucional na Santa Casa de Dracena, recepcionada pelo Provedor Celso Santin e a Diretoria Administrativa.Estiveram na recep\u00e7\u00e3o os advogados Celso Kashiura, Jo\u00e3o Sanches e Jairo Scalabrini. Percorreram o hospital, onde o superintendente Alessandro Mendes apresentou e demonstrou [&hellip;]<\/p>\n","protected":false},"author":1,"featured_media":55713,"comment_status":"closed","ping_status":"open","sticky":false,"template":"","format":"standard","meta":{"footnotes":""},"categories":[110,122],"tags":[],"class_list":["post-55709","post","type-post","status-publish","format-standard","has-post-thumbnail","hentry","category-noticiasdestaque","category-saudeeducacaoeconcurso"],"_links":{"self":[{"href":"https:\/\/jorgezanoni.com.br\/2019\/wp-json\/wp\/v2\/posts\/55709","targetHints":{"allow":["GET"]}}],"collection":[{"href":"https:\/\/jorgezanoni.com.br\/2019\/wp-json\/wp\/v2\/posts"}],"about":[{"href":"https:\/\/jorgezanoni.com.br\/2019\/wp-json\/wp\/v2\/types\/post"}],"author":[{"embeddable":true,"href":"https:\/\/jorgezanoni.com.br\/2019\/wp-json\/wp\/v2\/users\/1"}],"replies":[{"embeddable":true,"href":"https:\/\/jorgezanoni.com.br\/2019\/wp-json\/wp\/v2\/comments?post=55709"}],"version-history":[{"count":0,"href":"https:\/\/jorgezanoni.com.br\/2019\/wp-json\/wp\/v2\/posts\/55709\/revisions"}],"wp:featuredmedia":[{"embeddable":true,"href":"https:\/\/jorgezanoni.com.br\/2019\/wp-json\/wp\/v2\/media\/55713"}],"wp:attachment":[{"href":"https:\/\/jorgezanoni.com.br\/2019\/wp-json\/wp\/v2\/media?parent=55709"}],"wp:term":[{"taxonomy":"category","embeddable":true,"href":"https:\/\/jorgezanoni.com.br\/2019\/wp-json\/wp\/v2\/categories?post=55709"},{"taxonomy":"post_tag","embeddable":true,"href":"https:\/\/jorgezanoni.com.br\/2019\/wp-json\/wp\/v2\/tags?post=55709"}],"curies":[{"name":"wp","href":"https:\/\/api.w.org\/{rel}","templated":true}]}}