{"id":55703,"date":"2021-10-28T23:19:21","date_gmt":"2021-10-28T23:19:21","guid":{"rendered":"https:\/\/jorgezanoni.com.br\/2019\/?p=55703"},"modified":"2021-10-28T23:19:21","modified_gmt":"2021-10-28T23:19:21","slug":"leilao-em-prol-da-santa-casa-de-dracena-chega-a-537-mil-reais-liquido","status":"publish","type":"post","link":"https:\/\/jorgezanoni.com.br\/2019\/leilao-em-prol-da-santa-casa-de-dracena-chega-a-537-mil-reais-liquido\/","title":{"rendered":"Leil\u00e3o em prol da Santa Casa de Dracena chega a 537 mil reais l\u00edquido"},"content":{"rendered":"<p style=\"text-align: justify;\"><strong>No \u00faltimo domingo aconteceu na Est\u00e2ncia MS o 1\u00ba Leil\u00e3o em prol da compra do Tom\u00f3grafo e Gas\u00f4metro da Santa Casa de Dracena.<\/strong><\/p>\n<p style=\"text-align: justify;\">Num empenho que uniu a sociedade dracenense e diversos colaboradores da regi\u00e3o, o total l\u00edquido alcan\u00e7ado foi de R$ 537.813,00 (quinhentos e trinta e sete mil, oitocentos e treze reais).<\/p>\n<p style=\"text-align: justify;\">Diretores da Santa Casa, integrantes da comiss\u00e3o organizadora e imprensa, estiveram reunidos para a divulga\u00e7\u00e3o do valor arrecadado no Sal\u00e3o nobre do AME (Ambulat\u00f3rio M\u00e9dico de Especialidades).<\/p>\n<p><img loading=\"lazy\" decoding=\"async\" class=\"alignnone size-full wp-image-55706\" src=\"https:\/\/jorgezanoni.com.br\/2019\/wp-content\/uploads\/2021\/10\/IMG_0719-2.jpg\" alt=\"\" width=\"796\" height=\"491\" srcset=\"https:\/\/jorgezanoni.com.br\/2019\/wp-content\/uploads\/2021\/10\/IMG_0719-2.jpg 796w, https:\/\/jorgezanoni.com.br\/2019\/wp-content\/uploads\/2021\/10\/IMG_0719-2-300x185.jpg 300w, https:\/\/jorgezanoni.com.br\/2019\/wp-content\/uploads\/2021\/10\/IMG_0719-2-768x474.jpg 768w, https:\/\/jorgezanoni.com.br\/2019\/wp-content\/uploads\/2021\/10\/IMG_0719-2-356x220.jpg 356w, https:\/\/jorgezanoni.com.br\/2019\/wp-content\/uploads\/2021\/10\/IMG_0719-2-696x429.jpg 696w, https:\/\/jorgezanoni.com.br\/2019\/wp-content\/uploads\/2021\/10\/IMG_0719-2-681x420.jpg 681w\" sizes=\"auto, (max-width: 796px) 100vw, 796px\" \/><\/p>\n<p style=\"text-align: justify;\">Foram feitos agradecimentos especiais e de uma forma geral a todos que de alguma maneira se empenharam para que o Leil\u00e3o fosse coroado de pleno \u00eaxito.<\/p>\n<p>LEIL\u00c3O DE GADO &#8211; 24.10.2021 &#8211; TOM\u00d3GRAFO E GAS\u00d4METRO<\/p>\n<p>VENDAS DE LOTES NO LEIL\u00c3O R$ 399.260,00<br \/>\nDOA\u00c7\u00d5ES EM DINHEIRO R$ 152.800,00<br \/>\nSERVI\u00c7O DE BAR R$ 4.079,00<br \/>\nTOTAL DE RECEITAS R$ 556.139,00<\/p>\n<p>TOTAL DE DESPESAS R$ 18.326,00<\/p>\n<p><strong>RESULTADO DO LEIL\u00c3O R$ 537.813,00\u00a0<\/strong><\/p>\n<p style=\"text-align: justify;\">O Tom\u00f3grafo que \u00e9 um aparelho de suma import\u00e2ncia, j\u00e1 foi usado por 139 pacientes desde o in\u00edcio de sua instala\u00e7\u00e3o no \u00faltimo dia 11 de outubro, inclusive fora das 11 cidades que comp\u00f5es a micro-regi\u00e3o de Dracena, como no caso de paciente de Adamantina que foi atendido.<\/p>\n<p style=\"text-align: justify;\">Todos est\u00e3o de parab\u00e9ns pelo feito e felizes em poder ter dado de alguma forma, sua contribui\u00e7\u00e3o.<\/p>\n<p>Jorge Zanoni<\/p>\n<p>&nbsp;<\/p>\n<p>&nbsp;<\/p>\n<p>&nbsp;<\/p>\n","protected":false},"excerpt":{"rendered":"<p>No \u00faltimo domingo aconteceu na Est\u00e2ncia MS o 1\u00ba Leil\u00e3o em prol da compra do Tom\u00f3grafo e Gas\u00f4metro da Santa Casa de Dracena. Num empenho que uniu a sociedade dracenense e diversos colaboradores da regi\u00e3o, o total l\u00edquido alcan\u00e7ado foi de R$ 537.813,00 (quinhentos e trinta e sete mil, oitocentos e treze reais). Diretores da [&hellip;]<\/p>\n","protected":false},"author":1,"featured_media":55704,"comment_status":"closed","ping_status":"open","sticky":false,"template":"","format":"standard","meta":{"footnotes":""},"categories":[110,122],"tags":[],"class_list":["post-55703","post","type-post","status-publish","format-standard","has-post-thumbnail","hentry","category-noticiasdestaque","category-saudeeducacaoeconcurso"],"_links":{"self":[{"href":"https:\/\/jorgezanoni.com.br\/2019\/wp-json\/wp\/v2\/posts\/55703","targetHints":{"allow":["GET"]}}],"collection":[{"href":"https:\/\/jorgezanoni.com.br\/2019\/wp-json\/wp\/v2\/posts"}],"about":[{"href":"https:\/\/jorgezanoni.com.br\/2019\/wp-json\/wp\/v2\/types\/post"}],"author":[{"embeddable":true,"href":"https:\/\/jorgezanoni.com.br\/2019\/wp-json\/wp\/v2\/users\/1"}],"replies":[{"embeddable":true,"href":"https:\/\/jorgezanoni.com.br\/2019\/wp-json\/wp\/v2\/comments?post=55703"}],"version-history":[{"count":0,"href":"https:\/\/jorgezanoni.com.br\/2019\/wp-json\/wp\/v2\/posts\/55703\/revisions"}],"wp:featuredmedia":[{"embeddable":true,"href":"https:\/\/jorgezanoni.com.br\/2019\/wp-json\/wp\/v2\/media\/55704"}],"wp:attachment":[{"href":"https:\/\/jorgezanoni.com.br\/2019\/wp-json\/wp\/v2\/media?parent=55703"}],"wp:term":[{"taxonomy":"category","embeddable":true,"href":"https:\/\/jorgezanoni.com.br\/2019\/wp-json\/wp\/v2\/categories?post=55703"},{"taxonomy":"post_tag","embeddable":true,"href":"https:\/\/jorgezanoni.com.br\/2019\/wp-json\/wp\/v2\/tags?post=55703"}],"curies":[{"name":"wp","href":"https:\/\/api.w.org\/{rel}","templated":true}]}}