{"id":55700,"date":"2021-10-28T15:42:08","date_gmt":"2021-10-28T15:42:08","guid":{"rendered":"https:\/\/jorgezanoni.com.br\/2019\/?p=55700"},"modified":"2021-10-28T15:43:32","modified_gmt":"2021-10-28T15:43:32","slug":"emdaep-contrata-maquinas-e-caminhoes-para-realizacao-de-novos-servicos","status":"publish","type":"post","link":"https:\/\/jorgezanoni.com.br\/2019\/emdaep-contrata-maquinas-e-caminhoes-para-realizacao-de-novos-servicos\/","title":{"rendered":"EMDAEP contrata m\u00e1quinas e caminh\u00f5es para realiza\u00e7\u00e3o de novos servi\u00e7os"},"content":{"rendered":"<p style=\"text-align: justify;\">Nesta quinta-feira (28), a EMDAEP desenvolveu o Preg\u00e3o Presencial 6\/2021 para contrata\u00e7\u00e3o de empresas especializadas em loca\u00e7\u00e3o de m\u00e1quinas pesadas e caminh\u00f5es, com fornecimento de m\u00e3o de obra e combust\u00edvel, visando a execu\u00e7\u00e3o de obras e servi\u00e7os. Uma das obras \u00e9 a galeria da Rua Ipiranga (Jardim Jussara), j\u00e1 com tubos de concreto adquiridos pela empresa municipal em outra licita\u00e7\u00e3o.<br \/>\nCinco empresas participaram, sendo que uma foi desclassificada na primeira fase. Houve abertura dos envelopes com propostas por item a ser contratado e de documenta\u00e7\u00e3o obrigat\u00f3ria.<br \/>\nA escavadeira hidr\u00e1ulica est\u00e1 sendo contratada para 500 horas de servi\u00e7os. Por 100 di\u00e1rias haver\u00e1 a utiliza\u00e7\u00e3o de rolo compactador com pneus de tra\u00e7\u00e3o (cilindro p\u00e9 de carneiro), caminh\u00e3o basculante (capacidade de 6 metros c\u00fabicos) e caminh\u00e3o trucado basculante (10 metros c\u00fabicos). Todos com operador ou motorista.<br \/>\nAp\u00f3s a fase desta quinta-feira, foi aberto prazo de cinco dias para recursos e a homologa\u00e7\u00e3o deve ocorrer ao longo da primeira quinzena de novembro visando a contrata\u00e7\u00e3o efetiva das empresas.<\/p>\n<p style=\"text-align: justify;\">Ass. Rela\u00e7\u00f5es P\u00fablicas da EMDAEP<\/p>\n","protected":false},"excerpt":{"rendered":"<p>Nesta quinta-feira (28), a EMDAEP desenvolveu o Preg\u00e3o Presencial 6\/2021 para contrata\u00e7\u00e3o de empresas especializadas em loca\u00e7\u00e3o de m\u00e1quinas pesadas e caminh\u00f5es, com fornecimento de m\u00e3o de obra e combust\u00edvel, visando a execu\u00e7\u00e3o de obras e servi\u00e7os. Uma das obras \u00e9 a galeria da Rua Ipiranga (Jardim Jussara), j\u00e1 com tubos de concreto adquiridos pela [&hellip;]<\/p>\n","protected":false},"author":1,"featured_media":55701,"comment_status":"closed","ping_status":"open","sticky":false,"template":"","format":"standard","meta":{"footnotes":""},"categories":[179,184,110],"tags":[],"class_list":["post-55700","post","type-post","status-publish","format-standard","has-post-thumbnail","hentry","category-cidadeseregiao","category-dracena","category-noticiasdestaque"],"_links":{"self":[{"href":"https:\/\/jorgezanoni.com.br\/2019\/wp-json\/wp\/v2\/posts\/55700","targetHints":{"allow":["GET"]}}],"collection":[{"href":"https:\/\/jorgezanoni.com.br\/2019\/wp-json\/wp\/v2\/posts"}],"about":[{"href":"https:\/\/jorgezanoni.com.br\/2019\/wp-json\/wp\/v2\/types\/post"}],"author":[{"embeddable":true,"href":"https:\/\/jorgezanoni.com.br\/2019\/wp-json\/wp\/v2\/users\/1"}],"replies":[{"embeddable":true,"href":"https:\/\/jorgezanoni.com.br\/2019\/wp-json\/wp\/v2\/comments?post=55700"}],"version-history":[{"count":0,"href":"https:\/\/jorgezanoni.com.br\/2019\/wp-json\/wp\/v2\/posts\/55700\/revisions"}],"wp:featuredmedia":[{"embeddable":true,"href":"https:\/\/jorgezanoni.com.br\/2019\/wp-json\/wp\/v2\/media\/55701"}],"wp:attachment":[{"href":"https:\/\/jorgezanoni.com.br\/2019\/wp-json\/wp\/v2\/media?parent=55700"}],"wp:term":[{"taxonomy":"category","embeddable":true,"href":"https:\/\/jorgezanoni.com.br\/2019\/wp-json\/wp\/v2\/categories?post=55700"},{"taxonomy":"post_tag","embeddable":true,"href":"https:\/\/jorgezanoni.com.br\/2019\/wp-json\/wp\/v2\/tags?post=55700"}],"curies":[{"name":"wp","href":"https:\/\/api.w.org\/{rel}","templated":true}]}}