{"id":55659,"date":"2021-10-27T18:23:23","date_gmt":"2021-10-27T18:23:23","guid":{"rendered":"https:\/\/jorgezanoni.com.br\/2019\/?p=55659"},"modified":"2021-10-27T18:26:11","modified_gmt":"2021-10-27T18:26:11","slug":"vereador-melao-volta-a-presidencia-da-camara-municipal-de-dracena","status":"publish","type":"post","link":"https:\/\/jorgezanoni.com.br\/2019\/vereador-melao-volta-a-presidencia-da-camara-municipal-de-dracena\/","title":{"rendered":"Vereador Mel\u00e3o volta \u00e0 Presid\u00eancia da C\u00e2mara Municipal de Dracena"},"content":{"rendered":"<p style=\"text-align: justify;\">O Vereador Claudinei Millan Pessoa (PP) que estava em tratamento de sa\u00fade por ter contra\u00eddo Covid-19, volta a presidir a C\u00e2mara Municipal de Dracena, a partir desta quarta-feira (27).<\/p>\n<p style=\"text-align: justify;\">Com isso as sess\u00f5es ordin\u00e1ria da pr\u00f3xima quarta-feira (3) e da quinta-feira (4) a partir das 09:30 Horas que ser\u00e1 votado a poss\u00edvel cassa\u00e7\u00e3o da Vereadora Sara Scarabelli, ser\u00e3o presididas por Mel\u00e3o.<\/p>\n<p><img loading=\"lazy\" decoding=\"async\" class=\"alignnone size-full wp-image-55660\" src=\"https:\/\/jorgezanoni.com.br\/2019\/wp-content\/uploads\/2021\/10\/Palma.jpg\" alt=\"\" width=\"189\" height=\"250\" \/>Deixa a C\u00e2mara Municipal Eduardo Henrique da Palma (PP) que substituiu Mel\u00e3o no per\u00edodo de sua licen\u00e7a para tratamento da sa\u00fade.<\/p>\n<p style=\"text-align: justify;\">O Presidente que assume novamente o cargo poder\u00e1 ser decisivo na vota\u00e7\u00e3o da quinta-feira.<\/p>\n<p style=\"text-align: justify;\">Jorge Zanoni<\/p>\n<p>Fotos: C\u00e2mara Municipal<\/p>\n","protected":false},"excerpt":{"rendered":"<p>O Vereador Claudinei Millan Pessoa (PP) que estava em tratamento de sa\u00fade por ter contra\u00eddo Covid-19, volta a presidir a C\u00e2mara Municipal de Dracena, a partir desta quarta-feira (27). Com isso as sess\u00f5es ordin\u00e1ria da pr\u00f3xima quarta-feira (3) e da quinta-feira (4) a partir das 09:30 Horas que ser\u00e1 votado a poss\u00edvel cassa\u00e7\u00e3o da Vereadora [&hellip;]<\/p>\n","protected":false},"author":1,"featured_media":55661,"comment_status":"closed","ping_status":"open","sticky":false,"template":"","format":"standard","meta":{"footnotes":""},"categories":[110,116],"tags":[],"class_list":["post-55659","post","type-post","status-publish","format-standard","has-post-thumbnail","hentry","category-noticiasdestaque","category-politicaeeconomia"],"_links":{"self":[{"href":"https:\/\/jorgezanoni.com.br\/2019\/wp-json\/wp\/v2\/posts\/55659","targetHints":{"allow":["GET"]}}],"collection":[{"href":"https:\/\/jorgezanoni.com.br\/2019\/wp-json\/wp\/v2\/posts"}],"about":[{"href":"https:\/\/jorgezanoni.com.br\/2019\/wp-json\/wp\/v2\/types\/post"}],"author":[{"embeddable":true,"href":"https:\/\/jorgezanoni.com.br\/2019\/wp-json\/wp\/v2\/users\/1"}],"replies":[{"embeddable":true,"href":"https:\/\/jorgezanoni.com.br\/2019\/wp-json\/wp\/v2\/comments?post=55659"}],"version-history":[{"count":0,"href":"https:\/\/jorgezanoni.com.br\/2019\/wp-json\/wp\/v2\/posts\/55659\/revisions"}],"wp:featuredmedia":[{"embeddable":true,"href":"https:\/\/jorgezanoni.com.br\/2019\/wp-json\/wp\/v2\/media\/55661"}],"wp:attachment":[{"href":"https:\/\/jorgezanoni.com.br\/2019\/wp-json\/wp\/v2\/media?parent=55659"}],"wp:term":[{"taxonomy":"category","embeddable":true,"href":"https:\/\/jorgezanoni.com.br\/2019\/wp-json\/wp\/v2\/categories?post=55659"},{"taxonomy":"post_tag","embeddable":true,"href":"https:\/\/jorgezanoni.com.br\/2019\/wp-json\/wp\/v2\/tags?post=55659"}],"curies":[{"name":"wp","href":"https:\/\/api.w.org\/{rel}","templated":true}]}}