{"id":55656,"date":"2021-10-27T17:15:42","date_gmt":"2021-10-27T17:15:42","guid":{"rendered":"https:\/\/jorgezanoni.com.br\/2019\/?p=55656"},"modified":"2021-10-27T17:15:42","modified_gmt":"2021-10-27T17:15:42","slug":"do-planalto-central-para-a-provincia-em-meio-aos-desencontros-de-sempre-por-sergio-barbosa","status":"publish","type":"post","link":"https:\/\/jorgezanoni.com.br\/2019\/do-planalto-central-para-a-provincia-em-meio-aos-desencontros-de-sempre-por-sergio-barbosa\/","title":{"rendered":"Do Planalto Central para a Prov\u00edncia em meio aos desencontros de sempre&#8230; (por S\u00e9rgio Barbosa)"},"content":{"rendered":"<p style=\"text-align: justify;\"><strong>Do Planalto Central para a Prov\u00edncia em meio aos desencontros de sempre&#8230;<\/strong><\/p>\n<p style=\"text-align: justify;\"><em>&#8220;penso, logo existo.&#8221; (descartes)<\/em><\/p>\n<p style=\"text-align: justify;\"><strong><em>S\u00e9rgio Barbosa (*) <\/em><\/strong><\/p>\n<p style=\"text-align: justify;\">Parece que \u00e9, por\u00e9m, pode ser que &#8220;n\u00e3o \u00e9&#8221;, tal qual do dito popular, assim, &#8220;quem viver, vai ver&#8221; e vamos que vamos em meio aos desencontros deste novo tempo novo que come\u00e7ou mais &#8220;velho&#8221; do que nunca&#8230;<\/p>\n<p style=\"text-align: justify;\">E os ventos que sopram do &#8220;Planalto Central&#8221; prometem mais do que se pensa, portanto, cada qual deve ficar de prontid\u00e3o em todos os sentidos (sic), neste cen\u00e1rio que est\u00e1 al\u00e9m do &#8220;verde e amarelo&#8221;, pois, os fatos, bem como, &#8220;os n\u00fameros n\u00e3o mentem&#8221;&#8230;<\/p>\n<p style=\"text-align: justify;\">N\u00e3o se pode fazer de conta neste contexto de &#8220;virar \u00e0 direita&#8221; como ordena aquele sentinela que continua mais atento do que nunca, al\u00e9m do mais ou de menos, existem outras tropas de apoio, entre as quais, dos &#8220;urubus togados&#8221; que est\u00e3o no &#8220;Olimpo&#8221; da Justi\u00e7a, como sempre, se colocam acima de tudo e de todos&#8230;<\/p>\n<p style=\"text-align: justify;\">Mas, ainda bem que existe o outro lado, ou seja, aquelas pessoas que est\u00e3o &#8220;de olho&#8221; nos desmandos do poder pelo poder em busca do poder, mesmo assim, o que prevalece neste contexto \u00e9 o denominado &#8220;senso comum&#8221; patrocinado pela m\u00eddia hegem\u00f4nica do &#8220;plim-plim&#8221;&#8230;<\/p>\n<p style=\"text-align: justify;\">As institui\u00e7\u00f5es comprometidas com as &#8220;causas&#8221;, que pode ser deste ou do outro lado, n\u00e3o podem ficar na &#8220;boca de espera&#8221;, pois, os desmandos dos &#8220;golpistas&#8221; j\u00e1 est\u00e3o fazendo seus estragos em muitas conquistas sociais, ainda, dizem os analistas de plant\u00e3o, &#8220;que muita coisa, ainda, deve acontecer para os lados dos menos favorecidos&#8221;&#8230;<\/p>\n<p style=\"text-align: justify;\">Muitos dizem e escrever sobre as tais &#8220;teorias&#8221; sobre isto ou aquilo, mesmo assim, o &#8220;passado&#8221; daqueles velhos tempos de triste mem\u00f3ria para a Hist\u00f3ria, ainda, pode estar neste presente como marca mais do que registrada&#8230;<\/p>\n<p style=\"text-align: justify;\">O desconhecimento dos desencontros hist\u00f3ricos deste &#8220;Pa\u00eds do faz de conta&#8221;, que poder pelo fato de ser mais um na multid\u00e3o dos comandados pelo pseudos donos das muitas mentiras travestidas de verdades, acabam fazendo a diferen\u00e7a neste cen\u00e1rio com apoio de uma m\u00eddia viciada pelo retorno f\u00e1cil das verbas estatais&#8230;<\/p>\n<p style=\"text-align: justify;\">Espera-se que a uni\u00e3o possa fazer a for\u00e7a em n\u00edvel popular, caso contr\u00e1rio, o futuro ser\u00e1 mais incerto do que nunca, tendo em vista que o &#8220;jogo do poder&#8221; est\u00e1 sempre acima do bem e do mal, ainda, colocam o mau como sendo o bom e vice-versa&#8230;<\/p>\n<p style=\"text-align: justify;\">N\u00e3o se pode, como diz o outro dito popular, &#8220;baixar a guarda&#8221; neste momento, pois, &#8220;todo cuidado \u00e9 pouco&#8221; com os velhos mandat\u00e1rios de sempre, ainda, os sinais est\u00e3o mais do que evidentes em terras provincianas com este ou aquele nome para o executivo municipal, todavia, deve-se registrar outra m\u00e1xima dos ditos pelos n\u00e3o ditos, a saber; &#8220;a melhor defesa \u00e9 o ataque&#8230;&#8221;<\/p>\n<p style=\"text-align: justify;\">Do planalto central para um &#8220;quinto andar&#8221; de uma Prov\u00edncia quase no final de alguma coisa desta mesma coisa, haja vista os desmandos do passado para isto ou aquilo, bem como, tentando se esconder por debaixo de um tapete &#8220;surrado&#8221; de tanto ser usado e abusado pelos p\u00e9s sempre sujos dos mesmos de sempre&#8230;<\/p>\n<p style=\"text-align: justify;\"><em>___________________________________<\/em><\/p>\n<p style=\"text-align: justify;\"><em>(*) jornalista diplomado<\/em><\/p>\n","protected":false},"excerpt":{"rendered":"<p>Do Planalto Central para a Prov\u00edncia em meio aos desencontros de sempre&#8230; &#8220;penso, logo existo.&#8221; (descartes) S\u00e9rgio Barbosa (*) Parece que \u00e9, por\u00e9m, pode ser que &#8220;n\u00e3o \u00e9&#8221;, tal qual do dito popular, assim, &#8220;quem viver, vai ver&#8221; e vamos que vamos em meio aos desencontros deste novo tempo novo que come\u00e7ou mais &#8220;velho&#8221; do [&hellip;]<\/p>\n","protected":false},"author":1,"featured_media":55657,"comment_status":"closed","ping_status":"open","sticky":false,"template":"","format":"standard","meta":{"footnotes":""},"categories":[175],"tags":[],"class_list":["post-55656","post","type-post","status-publish","format-standard","has-post-thumbnail","hentry","category-artigos"],"_links":{"self":[{"href":"https:\/\/jorgezanoni.com.br\/2019\/wp-json\/wp\/v2\/posts\/55656","targetHints":{"allow":["GET"]}}],"collection":[{"href":"https:\/\/jorgezanoni.com.br\/2019\/wp-json\/wp\/v2\/posts"}],"about":[{"href":"https:\/\/jorgezanoni.com.br\/2019\/wp-json\/wp\/v2\/types\/post"}],"author":[{"embeddable":true,"href":"https:\/\/jorgezanoni.com.br\/2019\/wp-json\/wp\/v2\/users\/1"}],"replies":[{"embeddable":true,"href":"https:\/\/jorgezanoni.com.br\/2019\/wp-json\/wp\/v2\/comments?post=55656"}],"version-history":[{"count":0,"href":"https:\/\/jorgezanoni.com.br\/2019\/wp-json\/wp\/v2\/posts\/55656\/revisions"}],"wp:featuredmedia":[{"embeddable":true,"href":"https:\/\/jorgezanoni.com.br\/2019\/wp-json\/wp\/v2\/media\/55657"}],"wp:attachment":[{"href":"https:\/\/jorgezanoni.com.br\/2019\/wp-json\/wp\/v2\/media?parent=55656"}],"wp:term":[{"taxonomy":"category","embeddable":true,"href":"https:\/\/jorgezanoni.com.br\/2019\/wp-json\/wp\/v2\/categories?post=55656"},{"taxonomy":"post_tag","embeddable":true,"href":"https:\/\/jorgezanoni.com.br\/2019\/wp-json\/wp\/v2\/tags?post=55656"}],"curies":[{"name":"wp","href":"https:\/\/api.w.org\/{rel}","templated":true}]}}