{"id":55634,"date":"2021-10-26T22:53:52","date_gmt":"2021-10-26T22:53:52","guid":{"rendered":"https:\/\/jorgezanoni.com.br\/2019\/?p=55634"},"modified":"2021-10-26T22:53:52","modified_gmt":"2021-10-26T22:53:52","slug":"feriado-e-ponto-facultativo-finados","status":"publish","type":"post","link":"https:\/\/jorgezanoni.com.br\/2019\/feriado-e-ponto-facultativo-finados\/","title":{"rendered":"Feriado e Ponto Facultativo &#8211; Finados"},"content":{"rendered":"<div class=\"kvgmc6g5 cxmmr5t8 oygrvhab hcukyx3x c1et5uql ii04i59q\">\n<div dir=\"auto\" style=\"text-align: justify;\">FERIADO E PONTO FACULTATIVO &#8211; FINADOS<\/div>\n<\/div>\n<div class=\"o9v6fnle cxmmr5t8 oygrvhab hcukyx3x c1et5uql ii04i59q\" style=\"text-align: justify;\">\n<div dir=\"auto\">O expediente nas reparti\u00e7\u00f5es p\u00fablicas municipais nesta semana ser\u00e1 normal at\u00e9 a quinta-feira, 28. Na sexta-feira, 29, ser\u00e1 ponto facultativo, em raz\u00e3o do dia do Servidor P\u00fablico transferido em decreto assinado pelo prefeito Andr\u00e9 Lemos no in\u00edcio do ano, do dia 28 para o dia 29.<\/div>\n<div dir=\"auto\">Na segunda-feira, 1\u00ba, dia de Todos os Santos, ser\u00e1 ponto facultativo e na ter\u00e7a-feira, feriado pelo dia de Finados. As atividades retornar\u00e3o na quarta-feira, 3.<\/div>\n<\/div>\n<div class=\"o9v6fnle cxmmr5t8 oygrvhab hcukyx3x c1et5uql ii04i59q\">\n<div dir=\"auto\" style=\"text-align: justify;\">SERVI\u00c7OS<\/div>\n<div dir=\"auto\" style=\"text-align: justify;\">O Pronto Atendimento Municipal (PAM) ter\u00e1 expediente 24 horas, como de costume. O Centro Municipal de Atendimento \u00e0 Covid (Cemac) funcionar\u00e1 normalmente das 7h \u00e0s 19h, todos os dias.<\/div>\n<div dir=\"auto\" style=\"text-align: justify;\">A coleta de lixo dom\u00e9stico n\u00e3o sofrer\u00e1 nenhuma altera\u00e7\u00e3o, conforme informa\u00e7\u00e3o do secret\u00e1rio de Agricultura, Limpeza P\u00fablica, Meio Ambiente Silas Teixeira.<\/div>\n<div dir=\"auto\" style=\"text-align: justify;\">A coleta de lixo reciclado, segundo a Cotrares, apenas n\u00e3o ocorrer\u00e1 na ter\u00e7a-feira, dia de Finados.<\/div>\n<div dir=\"auto\" style=\"text-align: justify;\"><\/div>\n<div dir=\"auto\" style=\"text-align: justify;\">Fonte: Diretoria de Comunica\u00e7\u00e3o<\/div>\n<\/div>\n","protected":false},"excerpt":{"rendered":"<p>FERIADO E PONTO FACULTATIVO &#8211; FINADOS O expediente nas reparti\u00e7\u00f5es p\u00fablicas municipais nesta semana ser\u00e1 normal at\u00e9 a quinta-feira, 28. Na sexta-feira, 29, ser\u00e1 ponto facultativo, em raz\u00e3o do dia do Servidor P\u00fablico transferido em decreto assinado pelo prefeito Andr\u00e9 Lemos no in\u00edcio do ano, do dia 28 para o dia 29. Na segunda-feira, 1\u00ba, [&hellip;]<\/p>\n","protected":false},"author":1,"featured_media":55635,"comment_status":"closed","ping_status":"open","sticky":false,"template":"","format":"standard","meta":{"footnotes":""},"categories":[179,184,110],"tags":[],"class_list":["post-55634","post","type-post","status-publish","format-standard","has-post-thumbnail","hentry","category-cidadeseregiao","category-dracena","category-noticiasdestaque"],"_links":{"self":[{"href":"https:\/\/jorgezanoni.com.br\/2019\/wp-json\/wp\/v2\/posts\/55634","targetHints":{"allow":["GET"]}}],"collection":[{"href":"https:\/\/jorgezanoni.com.br\/2019\/wp-json\/wp\/v2\/posts"}],"about":[{"href":"https:\/\/jorgezanoni.com.br\/2019\/wp-json\/wp\/v2\/types\/post"}],"author":[{"embeddable":true,"href":"https:\/\/jorgezanoni.com.br\/2019\/wp-json\/wp\/v2\/users\/1"}],"replies":[{"embeddable":true,"href":"https:\/\/jorgezanoni.com.br\/2019\/wp-json\/wp\/v2\/comments?post=55634"}],"version-history":[{"count":0,"href":"https:\/\/jorgezanoni.com.br\/2019\/wp-json\/wp\/v2\/posts\/55634\/revisions"}],"wp:featuredmedia":[{"embeddable":true,"href":"https:\/\/jorgezanoni.com.br\/2019\/wp-json\/wp\/v2\/media\/55635"}],"wp:attachment":[{"href":"https:\/\/jorgezanoni.com.br\/2019\/wp-json\/wp\/v2\/media?parent=55634"}],"wp:term":[{"taxonomy":"category","embeddable":true,"href":"https:\/\/jorgezanoni.com.br\/2019\/wp-json\/wp\/v2\/categories?post=55634"},{"taxonomy":"post_tag","embeddable":true,"href":"https:\/\/jorgezanoni.com.br\/2019\/wp-json\/wp\/v2\/tags?post=55634"}],"curies":[{"name":"wp","href":"https:\/\/api.w.org\/{rel}","templated":true}]}}