{"id":55628,"date":"2021-10-26T19:00:10","date_gmt":"2021-10-26T19:00:10","guid":{"rendered":"https:\/\/jorgezanoni.com.br\/2019\/?p=55628"},"modified":"2021-10-26T19:00:10","modified_gmt":"2021-10-26T19:00:10","slug":"policia-civil-de-junqueiropolis-prende-traficante-de-drogas","status":"publish","type":"post","link":"https:\/\/jorgezanoni.com.br\/2019\/policia-civil-de-junqueiropolis-prende-traficante-de-drogas\/","title":{"rendered":"Pol\u00edcia Civil de Junqueir\u00f3polis prende Traficante de Drogas"},"content":{"rendered":"<p style=\"text-align: justify;\">No dia 1 de outubro, Policiais Militares tentaram abordar um GM\/Montana que era ocupado por dois indiv\u00edduos, em Junqueir\u00f3polis. Ap\u00f3s uma breve persegui\u00e7\u00e3o, ambos conseguiriam se evadir ap\u00f3s abandonar o carro. No interior do ve\u00edculo havia drogas (2.017 gramas) e bebidas alco\u00f3licas, que foram apreendidas.<\/p>\n<p style=\"text-align: justify;\">O caso foi apresentado na Delegacia de Pol\u00edcia de Junqueir\u00f3polis e instaurado inqu\u00e9rito policial para apurar os crimes de tr\u00e1fico de drogas e associa\u00e7\u00e3o ao tr\u00e1fico. No curso das investiga\u00e7\u00f5es os policias civis confirmaram a identifica\u00e7\u00e3o dos autores constantes da ocorr\u00eancia registrada.<\/p>\n<p style=\"text-align: justify;\">No curso das investiga\u00e7\u00f5es os policiais apuraram que os autores estavam escondidos na cidade de Tr\u00eas Lagoas\/MS. Diante das informa\u00e7\u00f5es obtidas, a Autoridade Policial representou ao ju\u00edzo da comarca de Junqueir\u00f3polis pela decreta\u00e7\u00e3o de um mandado de pris\u00e3o tempor\u00e1ria, o qual, ap\u00f3s manifesta\u00e7\u00e3o do Minist\u00e9rio P\u00fablico, foi deferida.<\/p>\n<p style=\"text-align: justify;\">Os policias civis de Junqueir\u00f3polis ent\u00e3o, entabularam contato com os investigados de pol\u00edcia de Tr\u00eas Lagoas-MS, que conseguiram prender o investigado na tarde da \u00faltima segunda feira (25). O preso ser\u00e1 indiciado e interrogado na Delegacia de Pol\u00edcia de Junqueir\u00f3polis e passar\u00e1 por audi\u00eancia de cust\u00f3dia.<\/p>\n<p style=\"text-align: justify;\">Fonte: Com. Social Pol\u00edcia Civil<\/p>\n","protected":false},"excerpt":{"rendered":"<p>No dia 1 de outubro, Policiais Militares tentaram abordar um GM\/Montana que era ocupado por dois indiv\u00edduos, em Junqueir\u00f3polis. Ap\u00f3s uma breve persegui\u00e7\u00e3o, ambos conseguiriam se evadir ap\u00f3s abandonar o carro. No interior do ve\u00edculo havia drogas (2.017 gramas) e bebidas alco\u00f3licas, que foram apreendidas. O caso foi apresentado na Delegacia de Pol\u00edcia de Junqueir\u00f3polis [&hellip;]<\/p>\n","protected":false},"author":1,"featured_media":55629,"comment_status":"closed","ping_status":"open","sticky":false,"template":"","format":"standard","meta":{"footnotes":""},"categories":[110,2],"tags":[],"class_list":["post-55628","post","type-post","status-publish","format-standard","has-post-thumbnail","hentry","category-noticiasdestaque","category-policial"],"_links":{"self":[{"href":"https:\/\/jorgezanoni.com.br\/2019\/wp-json\/wp\/v2\/posts\/55628","targetHints":{"allow":["GET"]}}],"collection":[{"href":"https:\/\/jorgezanoni.com.br\/2019\/wp-json\/wp\/v2\/posts"}],"about":[{"href":"https:\/\/jorgezanoni.com.br\/2019\/wp-json\/wp\/v2\/types\/post"}],"author":[{"embeddable":true,"href":"https:\/\/jorgezanoni.com.br\/2019\/wp-json\/wp\/v2\/users\/1"}],"replies":[{"embeddable":true,"href":"https:\/\/jorgezanoni.com.br\/2019\/wp-json\/wp\/v2\/comments?post=55628"}],"version-history":[{"count":0,"href":"https:\/\/jorgezanoni.com.br\/2019\/wp-json\/wp\/v2\/posts\/55628\/revisions"}],"wp:featuredmedia":[{"embeddable":true,"href":"https:\/\/jorgezanoni.com.br\/2019\/wp-json\/wp\/v2\/media\/55629"}],"wp:attachment":[{"href":"https:\/\/jorgezanoni.com.br\/2019\/wp-json\/wp\/v2\/media?parent=55628"}],"wp:term":[{"taxonomy":"category","embeddable":true,"href":"https:\/\/jorgezanoni.com.br\/2019\/wp-json\/wp\/v2\/categories?post=55628"},{"taxonomy":"post_tag","embeddable":true,"href":"https:\/\/jorgezanoni.com.br\/2019\/wp-json\/wp\/v2\/tags?post=55628"}],"curies":[{"name":"wp","href":"https:\/\/api.w.org\/{rel}","templated":true}]}}