{"id":55604,"date":"2021-10-26T15:20:49","date_gmt":"2021-10-26T15:20:49","guid":{"rendered":"https:\/\/jorgezanoni.com.br\/2019\/?p=55604"},"modified":"2021-10-26T15:20:49","modified_gmt":"2021-10-26T15:20:49","slug":"investigacao-policial-aponta-que-motorista-que-jogou-caminhao-contra-carro-na-rodovia-julio-budiski-foi-alvo-de-tentativa-de-homicidio","status":"publish","type":"post","link":"https:\/\/jorgezanoni.com.br\/2019\/investigacao-policial-aponta-que-motorista-que-jogou-caminhao-contra-carro-na-rodovia-julio-budiski-foi-alvo-de-tentativa-de-homicidio\/","title":{"rendered":"Investiga\u00e7\u00e3o policial aponta que motorista que &#8216;jogou&#8217; caminh\u00e3o contra carro na Rodovia J\u00falio Budiski foi alvo de tentativa de homic\u00eddio"},"content":{"rendered":"<h2 class=\"content-head__subtitle\" style=\"text-align: justify;\"><strong>Inicialmente, a hip\u00f3tese era de roubo, mas as apura\u00e7\u00f5es indicaram foi uma tentativa de matar a v\u00edtima por motivos passionais. Homem suspeito de ser mandante do crime foi preso pela pol\u00edcia.<\/strong><\/h2>\n<div class=\"mc-column content-text active-extra-styles \" data-block-type=\"unstyled\" data-block-weight=\"56\" data-block-id=\"2\">\n<p class=\"content-text__container \" style=\"text-align: justify;\" data-track-category=\"Link no Texto\" data-track-links=\"\">A Pol\u00edcia Civil prendeu um homem suspeito de mandar matar um motorista de caminh\u00e3o, nesta segunda-feira (25). O caminh\u00e3o de carga da v\u00edtima foi alvo de dois indiv\u00edduos armados na Rodovia J\u00falio Budiski (SP-501), no trecho de\u00a0<a href=\"http:\/\/g1.globo.com\/sp\/presidente-prudente-regiao\/cidade\/irapuru.html\">Irapuru (SP)<\/a>. Inicialmente, houve a hip\u00f3tese de roubo, mas as investiga\u00e7\u00f5es indicaram uma tentativa de homic\u00eddio por motivos passionais.<\/p>\n<\/div>\n<div class=\"wall protected-content\">\n<div class=\"mc-column content-text active-extra-styles\" style=\"text-align: justify;\" data-block-type=\"raw\" data-block-weight=\"2\" data-block-id=\"3\">\n<div class=\"content-intertitle\">\n<h2>LEIA TAMB\u00c9M<\/h2>\n<\/div>\n<\/div>\n<div class=\"mc-column content-text active-extra-styles\" style=\"text-align: justify;\" data-block-type=\"raw\" data-block-weight=\"17\" data-block-id=\"4\">\n<ul class=\"content-unordered-list\">\n<li><a href=\"https:\/\/g1.globo.com\/sp\/presidente-prudente-regiao\/noticia\/2021\/10\/25\/apos-ser-alvo-de-tiros-motorista-joga-caminhao-contra-carro-e-evita-assalto-na-rodovia-julio-budiski.ghtml\">Ap\u00f3s ser alvo de tiros, motorista &#8216;joga&#8217; caminh\u00e3o contra carro e evita assalto na Rodovia J\u00falio Budiski<\/a><\/li>\n<\/ul>\n<\/div>\n<div class=\"mc-column content-text active-extra-styles \" style=\"text-align: justify;\" data-block-type=\"unstyled\" data-block-weight=\"19\" data-block-id=\"5\">\n<p class=\"content-text__container \" data-track-category=\"Link no Texto\" data-track-links=\"\">Com o in\u00edcio das investiga\u00e7\u00f5es pela Pol\u00edcia Civil do que parecia ser uma tentativa de roubo, houve uma reviravolta.<\/p>\n<\/div>\n<div class=\"mc-column content-text active-extra-styles \" style=\"text-align: justify;\" data-block-type=\"unstyled\" data-block-weight=\"32\" data-block-id=\"6\">\n<p class=\"content-text__container \" data-track-category=\"Link no Texto\" data-track-links=\"\">Dilig\u00eancias preliminares identificaram o respons\u00e1vel pelo carro. Na continuidade das investiga\u00e7\u00f5es, a pol\u00edcia tamb\u00e9m descobriu que os ocupantes do ve\u00edculo teriam sido contratados para matar o motorista do caminh\u00e3o por motivos passionais.<\/p>\n<\/div>\n<div class=\"mc-column content-text active-extra-styles \" style=\"text-align: justify;\" data-block-type=\"unstyled\" data-block-weight=\"11\" data-block-id=\"7\">\n<p class=\"content-text__container \" data-track-category=\"Link no Texto\" data-track-links=\"\">&#8220;Na realidade, ocorreu uma tentativa de homic\u00eddio&#8221;, afirmou a pol\u00edcia.<\/p>\n<\/div>\n<div class=\"mc-column content-text active-extra-styles \" style=\"text-align: justify;\" data-block-type=\"unstyled\" data-block-weight=\"39\" data-block-id=\"8\">\n<p class=\"content-text__container \" data-track-category=\"Link no Texto\" data-track-links=\"\">O suspeito detido, morador da cidade de<a href=\"http:\/\/g1.globo.com\/sp\/presidente-prudente-regiao\/cidade\/pacaembu.html\">\u00a0Pacaembu (SP)<\/a>, foi autuado em flagrante por tentativa de homic\u00eddio qualificado, cuja pena \u00e9 de reclus\u00e3o de 12 a 30 anos. Ele permaneceu preso na Cadeia de Adamantina \u00e0 disposi\u00e7\u00e3o da Justi\u00e7a.<\/p>\n<\/div>\n<div class=\"mc-column content-text active-extra-styles\" style=\"text-align: justify;\" data-block-type=\"raw\" data-block-weight=\"2\" data-block-id=\"9\">\n<div class=\"content-intertitle\">\n<h2>O caso<\/h2>\n<\/div>\n<\/div>\n<div class=\"mc-column content-text active-extra-styles \" data-block-type=\"unstyled\" data-block-weight=\"29\" data-block-id=\"10\">\n<p class=\"content-text__container \" style=\"text-align: justify;\" data-track-category=\"Link no Texto\" data-track-links=\"\">Na madrugada desta segunda-feira (25), na estrada que liga os munic\u00edpios de Irapuru e Flora Rica, foram encontrados um caminh\u00e3o e um carro colididos e ambos em chamas.<\/p>\n<div class=\"mc-column content-text active-extra-styles \" style=\"text-align: justify;\" data-block-type=\"unstyled\" data-block-weight=\"30\" data-block-id=\"12\">\n<p class=\"content-text__container \" data-track-category=\"Link no Texto\" data-track-links=\"\">Quando a pol\u00edcia chegou ao local, n\u00e3o havia nenhuma pessoa. Por\u00e9m, na sequ\u00eancia, o motorista do caminh\u00e3o, que estava escondido na vegeta\u00e7\u00e3o, saiu e foi at\u00e9 a viatura policial.<\/p>\n<\/div>\n<div class=\"mc-column content-text active-extra-styles \" style=\"text-align: justify;\" data-block-type=\"unstyled\" data-block-weight=\"54\" data-block-id=\"13\">\n<p class=\"content-text__container \" data-track-category=\"Link no Texto\" data-track-links=\"\">Em contato com o motorista do caminh\u00e3o de carga, um homem de 43 anos, ele contou que transitava sentido Irapuru a\u00a0<a href=\"http:\/\/g1.globo.com\/sp\/presidente-prudente-regiao\/cidade\/santo-expedito.html\">Santo Expedito (SP)<\/a>\u00a0e foi ultrapassado por um carro, que era ocupado por duas pessoas e, que o passageiro, passou a efetuar disparos de arma de fogo contra a cabine de seu ve\u00edculo.<\/p>\n<\/div>\n<div class=\"mc-column content-text active-extra-styles \" data-block-type=\"unstyled\" data-block-weight=\"27\" data-block-id=\"14\">\n<p class=\"content-text__container \" style=\"text-align: justify;\" data-track-category=\"Link no Texto\" data-track-links=\"\">Para n\u00e3o ser atingido, o motorista do caminh\u00e3o falou \u00e0 pol\u00edcia que jogou o ve\u00edculo contra o carro, colidindo transversalmente no autom\u00f3vel. Depois, se escondeu na vegeta\u00e7\u00e3o.<\/p>\n<p style=\"text-align: justify;\" data-track-category=\"Link no Texto\" data-track-links=\"\">Fonte: G1<\/p>\n<\/div>\n<\/div>\n<\/div>\n","protected":false},"excerpt":{"rendered":"<p>Inicialmente, a hip\u00f3tese era de roubo, mas as apura\u00e7\u00f5es indicaram foi uma tentativa de matar a v\u00edtima por motivos passionais. Homem suspeito de ser mandante do crime foi preso pela pol\u00edcia. A Pol\u00edcia Civil prendeu um homem suspeito de mandar matar um motorista de caminh\u00e3o, nesta segunda-feira (25). O caminh\u00e3o de carga da v\u00edtima foi [&hellip;]<\/p>\n","protected":false},"author":1,"featured_media":55605,"comment_status":"closed","ping_status":"open","sticky":false,"template":"","format":"standard","meta":{"footnotes":""},"categories":[170,110],"tags":[],"class_list":["post-55604","post","type-post","status-publish","format-standard","has-post-thumbnail","hentry","category-acidentes","category-noticiasdestaque"],"_links":{"self":[{"href":"https:\/\/jorgezanoni.com.br\/2019\/wp-json\/wp\/v2\/posts\/55604","targetHints":{"allow":["GET"]}}],"collection":[{"href":"https:\/\/jorgezanoni.com.br\/2019\/wp-json\/wp\/v2\/posts"}],"about":[{"href":"https:\/\/jorgezanoni.com.br\/2019\/wp-json\/wp\/v2\/types\/post"}],"author":[{"embeddable":true,"href":"https:\/\/jorgezanoni.com.br\/2019\/wp-json\/wp\/v2\/users\/1"}],"replies":[{"embeddable":true,"href":"https:\/\/jorgezanoni.com.br\/2019\/wp-json\/wp\/v2\/comments?post=55604"}],"version-history":[{"count":0,"href":"https:\/\/jorgezanoni.com.br\/2019\/wp-json\/wp\/v2\/posts\/55604\/revisions"}],"wp:featuredmedia":[{"embeddable":true,"href":"https:\/\/jorgezanoni.com.br\/2019\/wp-json\/wp\/v2\/media\/55605"}],"wp:attachment":[{"href":"https:\/\/jorgezanoni.com.br\/2019\/wp-json\/wp\/v2\/media?parent=55604"}],"wp:term":[{"taxonomy":"category","embeddable":true,"href":"https:\/\/jorgezanoni.com.br\/2019\/wp-json\/wp\/v2\/categories?post=55604"},{"taxonomy":"post_tag","embeddable":true,"href":"https:\/\/jorgezanoni.com.br\/2019\/wp-json\/wp\/v2\/tags?post=55604"}],"curies":[{"name":"wp","href":"https:\/\/api.w.org\/{rel}","templated":true}]}}