{"id":55601,"date":"2021-10-26T14:58:14","date_gmt":"2021-10-26T14:58:14","guid":{"rendered":"https:\/\/jorgezanoni.com.br\/2019\/?p=55601"},"modified":"2021-10-26T14:58:14","modified_gmt":"2021-10-26T14:58:14","slug":"leilao-em-prol-da-santa-casa-de-dracena-foi-sucesso","status":"publish","type":"post","link":"https:\/\/jorgezanoni.com.br\/2019\/leilao-em-prol-da-santa-casa-de-dracena-foi-sucesso\/","title":{"rendered":"Leil\u00e3o em prol da Santa Casa de Dracena foi sucesso"},"content":{"rendered":"<div class=\"kvgmc6g5 cxmmr5t8 oygrvhab hcukyx3x c1et5uql ii04i59q\">\n<div dir=\"auto\"><strong>LEIL\u00c3O EM PROL DA SANTA CASA DE DRACENA\u00a0\u00caXITO \u2013 AGRADECIMENTOS.<\/strong><\/div>\n<div dir=\"auto\"><\/div>\n<\/div>\n<div class=\"o9v6fnle cxmmr5t8 oygrvhab hcukyx3x c1et5uql ii04i59q\">\n<div dir=\"auto\" style=\"text-align: justify;\">A COMISS\u00c3O ORGANIZADORA DO LEIL\u00c3O em prol da SANTA CASA DE DRACENA com renda destinada \u00e0 compra do TOM\u00d3GRAFO COMPUTADORIZADO e do APARELHO DE GASOMETRIA, realizada com \u00eaxito neste domingo (24\/10\/2021), invocando o nome da Irmandade da Santa Casa de Miseric\u00f3rdia e Maternidade de Dracena e do Grupo de Volunt\u00e1rios, expressar os AGRADECIMENTOS aos doadores, aos compradores, os colaboradores da Santa Casa de Dracena e AME Dracena (os funcion\u00e1rios que atuaram voluntariamente, os membros da Irmandade, os agentes de seguran\u00e7a, os transportadores, o pessoal do manejo, os m\u00e9dicos veterin\u00e1rios e os profissionais da locu\u00e7\u00e3o, os \u201cpisteiros\u201d), a imprensa e os diretores da Est\u00e2ncia MS em Dracena &#8211; SP.<\/div>\n<div dir=\"auto\"><\/div>\n<div dir=\"auto\"><span style=\"text-align: justify;\">A jun\u00e7\u00e3o de membros do Grupo de Volunt\u00e1rios e os dirigentes da Santa Casa de Dracena, criou-se a Comiss\u00e3o Organizadora, com o objetivo de arrecadar animais e outros bens, para serem alienados por meio de um leil\u00e3o beneficente, que passados aproximadamente cento e vinte dias, se alcan\u00e7ou 96 (noventa e seis) animais bovinos doados, coroando com \u00eaxito o seu arremate, juntamente com outros bens arrecadados, comercializados na sua grande maioria em valores superiores de mercado.<\/span><\/div>\n<div dir=\"auto\"><\/div>\n<\/div>\n<div class=\"o9v6fnle cxmmr5t8 oygrvhab hcukyx3x c1et5uql ii04i59q\" style=\"text-align: justify;\">\n<div dir=\"auto\">A chuva volumosa inaugurou o domingo, desejo de todos, sejam agropecuaristas, comerciantes e prestadores de servi\u00e7os, dando o pren\u00fancio de sucesso com o leil\u00e3o, transcorrido sem qualquer incidente.<\/div>\n<div dir=\"auto\"><\/div>\n<\/div>\n<div class=\"o9v6fnle cxmmr5t8 oygrvhab hcukyx3x c1et5uql ii04i59q\" style=\"text-align: justify;\">\n<div dir=\"auto\">Os doadores responderam positivamente ao chamado da Comiss\u00e3o Organizadora, despejando a sua caridade e solidariedade, demonstrando a preocupa\u00e7\u00e3o social, notadamente nos dias dif\u00edceis com a pandemia.<\/div>\n<div dir=\"auto\"><\/div>\n<\/div>\n<div class=\"o9v6fnle cxmmr5t8 oygrvhab hcukyx3x c1et5uql ii04i59q\" style=\"text-align: justify;\">\n<div dir=\"auto\">Os potenciais compradores tiveram a oportunidade de realizar bons neg\u00f3cios, seja economicamente, mas principalmente no aspecto social, gesto nobre que certamente ficar\u00e1 anotado o ato de bondade e solidariedade.<\/div>\n<div dir=\"auto\"><\/div>\n<\/div>\n<div class=\"o9v6fnle cxmmr5t8 oygrvhab hcukyx3x c1et5uql ii04i59q\" style=\"text-align: justify;\">\n<div dir=\"auto\">Os colaboradores que tiveram presen\u00e7a marcante, deixando as suas horas de lazer e contribuir para uma nobre causa, que vivenciam diuturnamente a agonia daqueles que necessitam dos pr\u00e9stimos do hospital.<\/div>\n<div dir=\"auto\"><\/div>\n<\/div>\n<div class=\"o9v6fnle cxmmr5t8 oygrvhab hcukyx3x c1et5uql ii04i59q\" style=\"text-align: justify;\">\n<div dir=\"auto\">A imprensa foi fundamental na divulga\u00e7\u00e3o dos trabalhos da Comiss\u00e3o Organizadora, desde a sua constitui\u00e7\u00e3o, apoiando e aplaudindo as doa\u00e7\u00f5es e incentivando os participantes ao leil\u00e3o, compartilhando todos os movimentos e dando a aura positiva de alcan\u00e7ar o objetivo.<\/div>\n<div dir=\"auto\"><\/div>\n<\/div>\n<div class=\"o9v6fnle cxmmr5t8 oygrvhab hcukyx3x c1et5uql ii04i59q\" style=\"text-align: justify;\">\n<div dir=\"auto\">Aos empres\u00e1rios Lelo e Silvaine, diretores da Est\u00e2ncia MS, que abriu as portas do estabelecimento gratuitamente, n\u00e3o havendo express\u00e3o mais adequada: MUITO OBRIGADO.<\/div>\n<div dir=\"auto\"><\/div>\n<\/div>\n<div class=\"o9v6fnle cxmmr5t8 oygrvhab hcukyx3x c1et5uql ii04i59q\" style=\"text-align: justify;\">\n<div dir=\"auto\">Lembrando os parceiros, fornecedores que serviram o evento dando aquilo que se denomina \u201cpre\u00e7o de custo\u201d, em carnes, bebidas, suprimentos e outros produtos aliment\u00edcios, que abasteceram o bar e serviram com qualidade os alimentos ali comercializados. Nesta seara se incluem os seguran\u00e7as, barracas estruturais e outros.<\/div>\n<div dir=\"auto\"><\/div>\n<\/div>\n<div class=\"o9v6fnle cxmmr5t8 oygrvhab hcukyx3x c1et5uql ii04i59q\" style=\"text-align: justify;\">\n<div dir=\"auto\">Agradecimento aos Prefeitos da nossa regi\u00e3o que colaboraram na capta\u00e7\u00e3o de doa\u00e7\u00f5es (um total de 9 prefeituras), ao Prefeito Municipal de Dracena \u2013 Andr\u00e9 Lemos, ao corpo diretivo da Unifadra \/Fundec e aos vereadores da C\u00e2mara Municipal de Dracena.<\/div>\n<\/div>\n<div class=\"o9v6fnle cxmmr5t8 oygrvhab hcukyx3x c1et5uql ii04i59q\" style=\"text-align: justify;\">\n<div dir=\"auto\">\u00c9 evidente, por lapso de mem\u00f3ria, contagiado pela emo\u00e7\u00e3o do \u00eaxito do leil\u00e3o, deixado de mencionar outros que contribu\u00edram direta e indiretamente para o evento, se sintam inclu\u00eddos neste agradecimento.<\/div>\n<div dir=\"auto\"><\/div>\n<\/div>\n<div class=\"o9v6fnle cxmmr5t8 oygrvhab hcukyx3x c1et5uql ii04i59q\" style=\"text-align: justify;\">\n<div dir=\"auto\">Finalizando, a Comiss\u00e3o Organizadora brevemente publicar\u00e1 a presta\u00e7\u00e3o de contas, para informar a comunidade o que foi arrecadado, o que foi gasto e o que ser\u00e1 disponibilizado \u00e0 Santa Casa de Dracena, destinando os recursos no pagamento dos equipamentos de tomografia computadorizada e gasometria.<\/div>\n<div dir=\"auto\"><\/div>\n<\/div>\n<div class=\"o9v6fnle cxmmr5t8 oygrvhab hcukyx3x c1et5uql ii04i59q\" style=\"text-align: justify;\">\n<div dir=\"auto\">MUITO OBRIGADO A TODOS.<\/div>\n<\/div>\n<div class=\"o9v6fnle cxmmr5t8 oygrvhab hcukyx3x c1et5uql ii04i59q\">\n<div dir=\"auto\" style=\"text-align: justify;\">Diretoria Administrativa<\/div>\n<div dir=\"auto\" style=\"text-align: justify;\">Santa Casa de Dracena<\/div>\n<div dir=\"auto\" style=\"text-align: justify;\">Patrim\u00f4nio da Comunidade<\/div>\n<div dir=\"auto\" style=\"text-align: justify;\">63 anos<\/div>\n<div dir=\"auto\" style=\"text-align: justify;\">\u201cUma vida, uma hist\u00f3ria\u201d<\/div>\n<\/div>\n","protected":false},"excerpt":{"rendered":"<p>LEIL\u00c3O EM PROL DA SANTA CASA DE DRACENA\u00a0\u00caXITO \u2013 AGRADECIMENTOS. A COMISS\u00c3O ORGANIZADORA DO LEIL\u00c3O em prol da SANTA CASA DE DRACENA com renda destinada \u00e0 compra do TOM\u00d3GRAFO COMPUTADORIZADO e do APARELHO DE GASOMETRIA, realizada com \u00eaxito neste domingo (24\/10\/2021), invocando o nome da Irmandade da Santa Casa de Miseric\u00f3rdia e Maternidade de Dracena [&hellip;]<\/p>\n","protected":false},"author":1,"featured_media":55602,"comment_status":"closed","ping_status":"open","sticky":false,"template":"","format":"standard","meta":{"footnotes":""},"categories":[110,122],"tags":[],"class_list":["post-55601","post","type-post","status-publish","format-standard","has-post-thumbnail","hentry","category-noticiasdestaque","category-saudeeducacaoeconcurso"],"_links":{"self":[{"href":"https:\/\/jorgezanoni.com.br\/2019\/wp-json\/wp\/v2\/posts\/55601","targetHints":{"allow":["GET"]}}],"collection":[{"href":"https:\/\/jorgezanoni.com.br\/2019\/wp-json\/wp\/v2\/posts"}],"about":[{"href":"https:\/\/jorgezanoni.com.br\/2019\/wp-json\/wp\/v2\/types\/post"}],"author":[{"embeddable":true,"href":"https:\/\/jorgezanoni.com.br\/2019\/wp-json\/wp\/v2\/users\/1"}],"replies":[{"embeddable":true,"href":"https:\/\/jorgezanoni.com.br\/2019\/wp-json\/wp\/v2\/comments?post=55601"}],"version-history":[{"count":0,"href":"https:\/\/jorgezanoni.com.br\/2019\/wp-json\/wp\/v2\/posts\/55601\/revisions"}],"wp:featuredmedia":[{"embeddable":true,"href":"https:\/\/jorgezanoni.com.br\/2019\/wp-json\/wp\/v2\/media\/55602"}],"wp:attachment":[{"href":"https:\/\/jorgezanoni.com.br\/2019\/wp-json\/wp\/v2\/media?parent=55601"}],"wp:term":[{"taxonomy":"category","embeddable":true,"href":"https:\/\/jorgezanoni.com.br\/2019\/wp-json\/wp\/v2\/categories?post=55601"},{"taxonomy":"post_tag","embeddable":true,"href":"https:\/\/jorgezanoni.com.br\/2019\/wp-json\/wp\/v2\/tags?post=55601"}],"curies":[{"name":"wp","href":"https:\/\/api.w.org\/{rel}","templated":true}]}}